{"id":50300,"date":"2019-04-01T06:00:47","date_gmt":"2019-04-01T04:00:47","guid":{"rendered":"http:\/\/smeupnew.it\/magazine\/blog\/gruppo-sme-up-assintel\/"},"modified":"2019-04-01T06:00:47","modified_gmt":"2019-04-01T04:00:47","slug":"gruppo-sme-up-assintel","status":"publish","type":"post","link":"https:\/\/www.smeup.com\/magazine\/blog\/gruppo-sme-up-assintel\/","title":{"rendered":"Gruppo Sme.UP e Assintel: l&#8217;unione fa la forza!"},"content":{"rendered":"<h5>Assintel in breve<\/h5>\n<p>Assintel \u00e8 l\u2019associazione nazionale di riferimento per le imprese ICT e digitali. Aderisce a Confcommercio \u2013 Imprese per l\u2019Italia, la pi\u00f9 grande confederazione imprenditoriale del Terziario italiano. Rappresenta le imprese presso autorit\u00e0 ed istituzioni, ne tutela gli interessi, progetta iniziative e servizi a loro concreto supporto, ed \u00e8 in prima linea per favorire lo sviluppo di una cultura dell\u2019Innovazione tecnologica nel Sistema-Paese.<br \/>\nFare rete, percorrere nuovi canali di visibilit\u00e0, sviluppare progettualit\u00e0 di filiera, sostenere il business e rispondere alle domande concrete delle aziende socie: questo \u00e8 ci\u00f2 che Assintel fa quotidianamente e su tutto il territorio nazionale.<\/p>\n<h5>Gruppo Sme.UP e Assintel: quali obiettivi?<\/h5>\n<ul>\n<li>Imparare dalle altre aziende ICT<\/li>\n<\/ul>\n<p>Entrare nella community Assintel implica mettere a fattor comune idee, obiettivi, competenze ed esperienze, significa creare opportunit\u00e0 di confronto, alleanze, reti, business.<\/p>\n<p>Con Assintel le aziende associate hanno tante occasioni di incontro: eventi di networking e matching, roadshow, workshop, gruppi di lavoro tematici, fiere,<br \/>\nmissioni all\u2019estero.<\/p>\n<ul>\n<li>Trasferire agli associati chi \u00e8 il Gruppo Sme.UP<\/li>\n<\/ul>\n<p>Grazie al portale associativo, alla diffusione delle nostre news e dei nostri annunci, agli eventi in co-marchio, allo sviluppo dei contatti con la Domanda.<\/p>\n<ul>\n<li>Trovare nuovi talenti da inserire nella nostra organizzazione<\/li>\n<\/ul>\n<p>Coltivare i talenti e le competenze \u00e8 strategico, ma dispendioso. Ecco perch\u00e9 \u00e8 utile poter accedere ad un ecosistema che offre anche la possibilit\u00e0 alle persone di formarsi nel mondo ICT o di trovare un nuovo ambiente in cui mettere in gioco i propri punti di forza.<\/p>\n<ul>\n<li>Aggregare nuove aziende nel nostro Gruppo<\/li>\n<\/ul>\n<p>Il Gruppo Sme.UP ha al suo interno una direzione <strong>M&amp;A<\/strong>. La parola che rappresenta meglio il nostro lavoro in questa direzione \u00e8 \u201c<strong>aggregazione<\/strong>\u201d. \u201cAggregare\u201d infatti significa avere maggiore rispetto per i soggetti che si relazionano, implica accettazione e coinvolgimento attivo.<\/p>\n","protected":false},"excerpt":{"rendered":"<p>Assintel, a cui il Gruppo Sme.UP si \u00e8 associato, \u00e8 l\u2019associazione nazionale di riferimento per le imprese ICT e digitali. Aderisce a Confcommercio \u2013 Imprese per l\u2019Italia, la pi\u00f9 grande confederazione imprenditoriale del Terziario italiano.<\/p>\n","protected":false},"author":1,"featured_media":50301,"comment_status":"open","ping_status":"open","sticky":false,"template":"","format":"standard","meta":{"_acf_changed":false,"footnotes":""},"categories":[1],"tags":[5891,5892,3882,5893,5894],"class_list":["post-50300","post","type-post","status-publish","format-standard","has-post-thumbnail","hentry","category-news-da-smeup","tag-assintel","tag-confcommercio","tag-gruppo-sme-up","tag-imprese-ict","tag-ma"],"acf":[],"yoast_head":"<!-- This site is optimized with the Yoast SEO plugin v27.5 - https:\/\/yoast.com\/product\/yoast-seo-wordpress\/ -->\n<title>Gruppo Sme.UP e Assintel: l&#039;unione fa la forza, anche nel business!<\/title>\n<meta name=\"description\" content=\"Assintel, a cui il Gruppo Sme.UP si \u00e8 associato, \u00e8 l\u2019associazione nazionale di riferimento per le imprese ICT e digitali. Aderisce a Confcommercio \u2013 Imprese per l\u2019Italia, la pi\u00f9 grande confederazione imprenditoriale del Terziario italiano.\" \/>\n<meta name=\"robots\" content=\"index, follow, max-snippet:-1, max-image-preview:large, max-video-preview:-1\" \/>\n<link rel=\"canonical\" href=\"https:\/\/www.smeup.com\/magazine\/blog\/gruppo-sme-up-assintel\/\" \/>\n<meta property=\"og:locale\" content=\"it_IT\" \/>\n<meta property=\"og:type\" content=\"article\" \/>\n<meta property=\"og:title\" content=\"Gruppo Sme.UP e Assintel: l&#039;unione fa la forza, anche nel business!\" \/>\n<meta property=\"og:description\" content=\"Assintel, a cui il Gruppo Sme.UP si \u00e8 associato, \u00e8 l\u2019associazione nazionale di riferimento per le imprese ICT e digitali. Aderisce a Confcommercio \u2013 Imprese per l\u2019Italia, la pi\u00f9 grande confederazione imprenditoriale del Terziario italiano.\" \/>\n<meta property=\"og:url\" content=\"https:\/\/www.smeup.com\/magazine\/blog\/gruppo-sme-up-assintel\/\" \/>\n<meta property=\"og:site_name\" content=\"Magazine\" \/>\n<meta property=\"article:published_time\" content=\"2019-04-01T04:00:47+00:00\" \/>\n<meta property=\"og:image\" content=\"https:\/\/www.smeup.com\/magazine\/wp-content\/uploads\/sites\/5\/2021\/03\/assintel-2-1024x684.png\" \/>\n\t<meta property=\"og:image:width\" content=\"1024\" \/>\n\t<meta property=\"og:image:height\" content=\"684\" \/>\n\t<meta property=\"og:image:type\" content=\"image\/png\" \/>\n<meta name=\"author\" content=\"smeup\" \/>\n<meta name=\"twitter:card\" content=\"summary_large_image\" \/>\n<meta name=\"twitter:label1\" content=\"Scritto da\" \/>\n\t<meta name=\"twitter:data1\" content=\"smeup\" \/>\n\t<meta name=\"twitter:label2\" content=\"Tempo di lettura stimato\" \/>\n\t<meta name=\"twitter:data2\" content=\"1 minuto\" \/>\n<script type=\"application\/ld+json\" class=\"yoast-schema-graph\">{\"@context\":\"https:\\\/\\\/schema.org\",\"@graph\":[{\"@type\":\"Article\",\"@id\":\"https:\\\/\\\/www.smeup.com\\\/magazine\\\/blog\\\/gruppo-sme-up-assintel\\\/#article\",\"isPartOf\":{\"@id\":\"https:\\\/\\\/www.smeup.com\\\/magazine\\\/blog\\\/gruppo-sme-up-assintel\\\/\"},\"author\":{\"name\":\"smeup\",\"@id\":\"https:\\\/\\\/www.smeup.com\\\/magazine\\\/#\\\/schema\\\/person\\\/194a55d96e7e52223a84ff78468bf5c7\"},\"headline\":\"Gruppo Sme.UP e Assintel: l&#8217;unione fa la forza!\",\"datePublished\":\"2019-04-01T04:00:47+00:00\",\"mainEntityOfPage\":{\"@id\":\"https:\\\/\\\/www.smeup.com\\\/magazine\\\/blog\\\/gruppo-sme-up-assintel\\\/\"},\"wordCount\":301,\"commentCount\":0,\"image\":{\"@id\":\"https:\\\/\\\/www.smeup.com\\\/magazine\\\/blog\\\/gruppo-sme-up-assintel\\\/#primaryimage\"},\"thumbnailUrl\":\"https:\\\/\\\/www.smeup.com\\\/magazine\\\/wp-content\\\/uploads\\\/sites\\\/5\\\/2021\\\/03\\\/assintel-2.png\",\"keywords\":[\"assintel\",\"confcommercio\",\"Gruppo Sme UP\",\"imprese ict\",\"m&amp;a\"],\"articleSection\":[\"News da smeup\"],\"inLanguage\":\"it-IT\",\"potentialAction\":[{\"@type\":\"CommentAction\",\"name\":\"Comment\",\"target\":[\"https:\\\/\\\/www.smeup.com\\\/magazine\\\/blog\\\/gruppo-sme-up-assintel\\\/#respond\"]}]},{\"@type\":\"WebPage\",\"@id\":\"https:\\\/\\\/www.smeup.com\\\/magazine\\\/blog\\\/gruppo-sme-up-assintel\\\/\",\"url\":\"https:\\\/\\\/www.smeup.com\\\/magazine\\\/blog\\\/gruppo-sme-up-assintel\\\/\",\"name\":\"Gruppo Sme.UP e Assintel: l'unione fa la forza, anche nel business!\",\"isPartOf\":{\"@id\":\"https:\\\/\\\/www.smeup.com\\\/magazine\\\/#website\"},\"primaryImageOfPage\":{\"@id\":\"https:\\\/\\\/www.smeup.com\\\/magazine\\\/blog\\\/gruppo-sme-up-assintel\\\/#primaryimage\"},\"image\":{\"@id\":\"https:\\\/\\\/www.smeup.com\\\/magazine\\\/blog\\\/gruppo-sme-up-assintel\\\/#primaryimage\"},\"thumbnailUrl\":\"https:\\\/\\\/www.smeup.com\\\/magazine\\\/wp-content\\\/uploads\\\/sites\\\/5\\\/2021\\\/03\\\/assintel-2.png\",\"datePublished\":\"2019-04-01T04:00:47+00:00\",\"author\":{\"@id\":\"https:\\\/\\\/www.smeup.com\\\/magazine\\\/#\\\/schema\\\/person\\\/194a55d96e7e52223a84ff78468bf5c7\"},\"description\":\"Assintel, a cui il Gruppo Sme.UP si \u00e8 associato, \u00e8 l\u2019associazione nazionale di riferimento per le imprese ICT e digitali. Aderisce a Confcommercio \u2013 Imprese per l\u2019Italia, la pi\u00f9 grande confederazione imprenditoriale del Terziario italiano.\",\"breadcrumb\":{\"@id\":\"https:\\\/\\\/www.smeup.com\\\/magazine\\\/blog\\\/gruppo-sme-up-assintel\\\/#breadcrumb\"},\"inLanguage\":\"it-IT\",\"potentialAction\":[{\"@type\":\"ReadAction\",\"target\":[\"https:\\\/\\\/www.smeup.com\\\/magazine\\\/blog\\\/gruppo-sme-up-assintel\\\/\"]}]},{\"@type\":\"ImageObject\",\"inLanguage\":\"it-IT\",\"@id\":\"https:\\\/\\\/www.smeup.com\\\/magazine\\\/blog\\\/gruppo-sme-up-assintel\\\/#primaryimage\",\"url\":\"https:\\\/\\\/www.smeup.com\\\/magazine\\\/wp-content\\\/uploads\\\/sites\\\/5\\\/2021\\\/03\\\/assintel-2.png\",\"contentUrl\":\"https:\\\/\\\/www.smeup.com\\\/magazine\\\/wp-content\\\/uploads\\\/sites\\\/5\\\/2021\\\/03\\\/assintel-2.png\",\"width\":1600,\"height\":1068},{\"@type\":\"BreadcrumbList\",\"@id\":\"https:\\\/\\\/www.smeup.com\\\/magazine\\\/blog\\\/gruppo-sme-up-assintel\\\/#breadcrumb\",\"itemListElement\":[{\"@type\":\"ListItem\",\"position\":1,\"name\":\"Home\",\"item\":\"https:\\\/\\\/www.smeup.com\\\/magazine\\\/\"},{\"@type\":\"ListItem\",\"position\":2,\"name\":\"Gruppo Sme.UP e Assintel: l&#8217;unione fa la forza!\"}]},{\"@type\":\"WebSite\",\"@id\":\"https:\\\/\\\/www.smeup.com\\\/magazine\\\/#website\",\"url\":\"https:\\\/\\\/www.smeup.com\\\/magazine\\\/\",\"name\":\"Magazine\",\"description\":\"smeup\",\"potentialAction\":[{\"@type\":\"SearchAction\",\"target\":{\"@type\":\"EntryPoint\",\"urlTemplate\":\"https:\\\/\\\/www.smeup.com\\\/magazine\\\/?s={search_term_string}\"},\"query-input\":{\"@type\":\"PropertyValueSpecification\",\"valueRequired\":true,\"valueName\":\"search_term_string\"}}],\"inLanguage\":\"it-IT\"},{\"@type\":\"Person\",\"@id\":\"https:\\\/\\\/www.smeup.com\\\/magazine\\\/#\\\/schema\\\/person\\\/194a55d96e7e52223a84ff78468bf5c7\",\"name\":\"smeup\",\"image\":{\"@type\":\"ImageObject\",\"inLanguage\":\"it-IT\",\"@id\":\"https:\\\/\\\/secure.gravatar.com\\\/avatar\\\/a88cc3ad6c0af01768fe2ac47c88a321699d97ced53c173f66ceaa51400f43ca?s=96&d=mm&r=g\",\"url\":\"https:\\\/\\\/secure.gravatar.com\\\/avatar\\\/a88cc3ad6c0af01768fe2ac47c88a321699d97ced53c173f66ceaa51400f43ca?s=96&d=mm&r=g\",\"contentUrl\":\"https:\\\/\\\/secure.gravatar.com\\\/avatar\\\/a88cc3ad6c0af01768fe2ac47c88a321699d97ced53c173f66ceaa51400f43ca?s=96&d=mm&r=g\",\"caption\":\"smeup\"},\"sameAs\":[\"https:\\\/\\\/www.smeup.com\"],\"url\":\"https:\\\/\\\/www.smeup.com\\\/magazine\\\/blog\\\/author\\\/admin\\\/\"}]}<\/script>\n<!-- \/ Yoast SEO plugin. -->","yoast_head_json":{"title":"Gruppo Sme.UP e Assintel: l'unione fa la forza, anche nel business!","description":"Assintel, a cui il Gruppo Sme.UP si \u00e8 associato, \u00e8 l\u2019associazione nazionale di riferimento per le imprese ICT e digitali. Aderisce a Confcommercio \u2013 Imprese per l\u2019Italia, la pi\u00f9 grande confederazione imprenditoriale del Terziario italiano.","robots":{"index":"index","follow":"follow","max-snippet":"max-snippet:-1","max-image-preview":"max-image-preview:large","max-video-preview":"max-video-preview:-1"},"canonical":"https:\/\/www.smeup.com\/magazine\/blog\/gruppo-sme-up-assintel\/","og_locale":"it_IT","og_type":"article","og_title":"Gruppo Sme.UP e Assintel: l'unione fa la forza, anche nel business!","og_description":"Assintel, a cui il Gruppo Sme.UP si \u00e8 associato, \u00e8 l\u2019associazione nazionale di riferimento per le imprese ICT e digitali. Aderisce a Confcommercio \u2013 Imprese per l\u2019Italia, la pi\u00f9 grande confederazione imprenditoriale del Terziario italiano.","og_url":"https:\/\/www.smeup.com\/magazine\/blog\/gruppo-sme-up-assintel\/","og_site_name":"Magazine","article_published_time":"2019-04-01T04:00:47+00:00","og_image":[{"width":1024,"height":684,"url":"https:\/\/www.smeup.com\/magazine\/wp-content\/uploads\/sites\/5\/2021\/03\/assintel-2-1024x684.png","type":"image\/png"}],"author":"smeup","twitter_card":"summary_large_image","twitter_misc":{"Scritto da":"smeup","Tempo di lettura stimato":"1 minuto"},"schema":{"@context":"https:\/\/schema.org","@graph":[{"@type":"Article","@id":"https:\/\/www.smeup.com\/magazine\/blog\/gruppo-sme-up-assintel\/#article","isPartOf":{"@id":"https:\/\/www.smeup.com\/magazine\/blog\/gruppo-sme-up-assintel\/"},"author":{"name":"smeup","@id":"https:\/\/www.smeup.com\/magazine\/#\/schema\/person\/194a55d96e7e52223a84ff78468bf5c7"},"headline":"Gruppo Sme.UP e Assintel: l&#8217;unione fa la forza!","datePublished":"2019-04-01T04:00:47+00:00","mainEntityOfPage":{"@id":"https:\/\/www.smeup.com\/magazine\/blog\/gruppo-sme-up-assintel\/"},"wordCount":301,"commentCount":0,"image":{"@id":"https:\/\/www.smeup.com\/magazine\/blog\/gruppo-sme-up-assintel\/#primaryimage"},"thumbnailUrl":"https:\/\/www.smeup.com\/magazine\/wp-content\/uploads\/sites\/5\/2021\/03\/assintel-2.png","keywords":["assintel","confcommercio","Gruppo Sme UP","imprese ict","m&amp;a"],"articleSection":["News da smeup"],"inLanguage":"it-IT","potentialAction":[{"@type":"CommentAction","name":"Comment","target":["https:\/\/www.smeup.com\/magazine\/blog\/gruppo-sme-up-assintel\/#respond"]}]},{"@type":"WebPage","@id":"https:\/\/www.smeup.com\/magazine\/blog\/gruppo-sme-up-assintel\/","url":"https:\/\/www.smeup.com\/magazine\/blog\/gruppo-sme-up-assintel\/","name":"Gruppo Sme.UP e Assintel: l'unione fa la forza, anche nel business!","isPartOf":{"@id":"https:\/\/www.smeup.com\/magazine\/#website"},"primaryImageOfPage":{"@id":"https:\/\/www.smeup.com\/magazine\/blog\/gruppo-sme-up-assintel\/#primaryimage"},"image":{"@id":"https:\/\/www.smeup.com\/magazine\/blog\/gruppo-sme-up-assintel\/#primaryimage"},"thumbnailUrl":"https:\/\/www.smeup.com\/magazine\/wp-content\/uploads\/sites\/5\/2021\/03\/assintel-2.png","datePublished":"2019-04-01T04:00:47+00:00","author":{"@id":"https:\/\/www.smeup.com\/magazine\/#\/schema\/person\/194a55d96e7e52223a84ff78468bf5c7"},"description":"Assintel, a cui il Gruppo Sme.UP si \u00e8 associato, \u00e8 l\u2019associazione nazionale di riferimento per le imprese ICT e digitali. Aderisce a Confcommercio \u2013 Imprese per l\u2019Italia, la pi\u00f9 grande confederazione imprenditoriale del Terziario italiano.","breadcrumb":{"@id":"https:\/\/www.smeup.com\/magazine\/blog\/gruppo-sme-up-assintel\/#breadcrumb"},"inLanguage":"it-IT","potentialAction":[{"@type":"ReadAction","target":["https:\/\/www.smeup.com\/magazine\/blog\/gruppo-sme-up-assintel\/"]}]},{"@type":"ImageObject","inLanguage":"it-IT","@id":"https:\/\/www.smeup.com\/magazine\/blog\/gruppo-sme-up-assintel\/#primaryimage","url":"https:\/\/www.smeup.com\/magazine\/wp-content\/uploads\/sites\/5\/2021\/03\/assintel-2.png","contentUrl":"https:\/\/www.smeup.com\/magazine\/wp-content\/uploads\/sites\/5\/2021\/03\/assintel-2.png","width":1600,"height":1068},{"@type":"BreadcrumbList","@id":"https:\/\/www.smeup.com\/magazine\/blog\/gruppo-sme-up-assintel\/#breadcrumb","itemListElement":[{"@type":"ListItem","position":1,"name":"Home","item":"https:\/\/www.smeup.com\/magazine\/"},{"@type":"ListItem","position":2,"name":"Gruppo Sme.UP e Assintel: l&#8217;unione fa la forza!"}]},{"@type":"WebSite","@id":"https:\/\/www.smeup.com\/magazine\/#website","url":"https:\/\/www.smeup.com\/magazine\/","name":"Magazine","description":"smeup","potentialAction":[{"@type":"SearchAction","target":{"@type":"EntryPoint","urlTemplate":"https:\/\/www.smeup.com\/magazine\/?s={search_term_string}"},"query-input":{"@type":"PropertyValueSpecification","valueRequired":true,"valueName":"search_term_string"}}],"inLanguage":"it-IT"},{"@type":"Person","@id":"https:\/\/www.smeup.com\/magazine\/#\/schema\/person\/194a55d96e7e52223a84ff78468bf5c7","name":"smeup","image":{"@type":"ImageObject","inLanguage":"it-IT","@id":"https:\/\/secure.gravatar.com\/avatar\/a88cc3ad6c0af01768fe2ac47c88a321699d97ced53c173f66ceaa51400f43ca?s=96&d=mm&r=g","url":"https:\/\/secure.gravatar.com\/avatar\/a88cc3ad6c0af01768fe2ac47c88a321699d97ced53c173f66ceaa51400f43ca?s=96&d=mm&r=g","contentUrl":"https:\/\/secure.gravatar.com\/avatar\/a88cc3ad6c0af01768fe2ac47c88a321699d97ced53c173f66ceaa51400f43ca?s=96&d=mm&r=g","caption":"smeup"},"sameAs":["https:\/\/www.smeup.com"],"url":"https:\/\/www.smeup.com\/magazine\/blog\/author\/admin\/"}]}},"_links":{"self":[{"href":"https:\/\/www.smeup.com\/magazine\/wp-json\/wp\/v2\/posts\/50300","targetHints":{"allow":["GET"]}}],"collection":[{"href":"https:\/\/www.smeup.com\/magazine\/wp-json\/wp\/v2\/posts"}],"about":[{"href":"https:\/\/www.smeup.com\/magazine\/wp-json\/wp\/v2\/types\/post"}],"author":[{"embeddable":true,"href":"https:\/\/www.smeup.com\/magazine\/wp-json\/wp\/v2\/users\/1"}],"replies":[{"embeddable":true,"href":"https:\/\/www.smeup.com\/magazine\/wp-json\/wp\/v2\/comments?post=50300"}],"version-history":[{"count":0,"href":"https:\/\/www.smeup.com\/magazine\/wp-json\/wp\/v2\/posts\/50300\/revisions"}],"wp:featuredmedia":[{"embeddable":true,"href":"https:\/\/www.smeup.com\/magazine\/wp-json\/wp\/v2\/media\/50301"}],"wp:attachment":[{"href":"https:\/\/www.smeup.com\/magazine\/wp-json\/wp\/v2\/media?parent=50300"}],"wp:term":[{"taxonomy":"category","embeddable":true,"href":"https:\/\/www.smeup.com\/magazine\/wp-json\/wp\/v2\/categories?post=50300"},{"taxonomy":"post_tag","embeddable":true,"href":"https:\/\/www.smeup.com\/magazine\/wp-json\/wp\/v2\/tags?post=50300"}],"curies":[{"name":"wp","href":"https:\/\/api.w.org\/{rel}","templated":true}]}}