{"id":50785,"date":"2020-01-07T11:14:53","date_gmt":"2020-01-07T10:14:53","guid":{"rendered":"http:\/\/smeupnew.it\/magazine\/blog\/riforma-crisi-dimpresa-parte-1\/"},"modified":"2021-07-28T17:45:41","modified_gmt":"2021-07-28T15:45:41","slug":"riforma-crisi-dimpresa-parte-1","status":"publish","type":"post","link":"https:\/\/www.smeup.com\/magazine\/blog\/riforma-crisi-dimpresa-parte-1\/","title":{"rendered":"Riforma crisi d&#8217;impresa: Indici di allerta, struttura e definizioni &#8211; parte 1"},"content":{"rendered":"<p><span style=\"font-weight: 400\">Con questa serie di articoli vogliamo approfondire uno dei temi pi\u00f9 importanti della riforma della crisi d&#8217;impresa per capirne la struttura e il contenuto.<\/span><\/p>\n<p><span style=\"font-weight: 400\">Ci teniamo a sottolineare che alla data di pubblicazione del presente articolo gli indicatori sono stati proposti dal Consiglio Nazionale dei Dottori Commercialisti ed Esperti Contabili ma non sono ancora stati definitivamente approvati dal MiSE.<\/span><\/p>\n<p><span style=\"font-weight: 400\">Il meccanismo di individuazione dello stato di crisi prevede un\u2019analisi sequenziale precisa degli indicatori suggeriti dal CNDCEC, sequenza che il gruppo di lavoro ha gi\u00e0 nominato \u2018Ad albero\u2019.<\/span><\/p>\n<p><span style=\"font-weight: 400\">Il primo indice da valutare \u00e8 il <\/span><i><span style=\"font-weight: 400\">Patrimonio Netto<\/span><\/i><span style=\"font-weight: 400\">: nel caso in cui questo risulti essere negativo non si procede nemmeno all\u2019analisi dei successivi indici in quanto \u00e8 gi\u00e0 ipotizzabile la presenza di crisi. Per la valutazione della consistenza del patrimonio netto l\u2019azienda non si dovr\u00e0 fermare a valutare la voce 2A del bilancio ma dovr\u00e0 anche considerare la possibilit\u00e0 di apportare eventuali rettifiche a questa voce .<\/span><\/p>\n<p><span style=\"font-weight: 400\">Nel caso in cui, invece, il Patrimonio Netto risultasse positivo si dovr\u00e0 procedere all\u2019analisi del <\/span><i><span style=\"font-weight: 400\">Debt Service Coverage Ratio (DSCR) a sei mesi.<\/span><\/i><span style=\"font-weight: 400\"> Si tratta del rapporto tra flussi di cassa liberi previsti nei prossimi 6 mesi e i debiti previsti nello stesso arco temporale. L\u2019indice deve essere, ovviamente, superiore a 1 e rappresenta una significativa novit\u00e0 negli indicatori di valutazione aziendale. Si tratta, infatti, di un indice prospettico, che guarda al prossimo futuro e non al passato come avviene con i KPI pi\u00f9 noti che si limitano a rilevare e confrontare numeri storici. \u00c8 da constatare, per\u00f2, che la gran parte delle aziende non \u00e8 oggi in grado di valutare questo indice, non disponendo di informazioni precise ed affidabili sui flussi di cassa futuri.\u00a0<\/span><\/p>\n<p><span style=\"font-weight: 400\">Per questo motivo, nel caso in cui il DSCR non sia disponibile o sia inattendibile il CNDCEC ha proposto una serie di 5 indici alternativi da analizzare per valutare la solvibilit\u00e0 e solidit\u00e0 aziendale. Si tratta di 5 indicatori che vanno valutati congiuntamente (quindi solo il mancato rispetto di tutti e 5 gli indici pu\u00f2 portare all\u2019attivazione della procedura di allerta) e che presentano soglie diverse in funzione del settore in cui l\u2019azienda si trova ad operare.<\/span><\/p>\n<h5>Indici di allerta del MiSe<\/h5>\n<p><span style=\"font-weight: 400\">Gli indici attualmente al vaglio del MiSe sono i seguenti:<\/span><\/p>\n<ul>\n<li style=\"font-weight: 400\"><span style=\"font-weight: 400\">Sostenibilit\u00e0 degli oneri finanziari<\/span><\/li>\n<li style=\"font-weight: 400\"><span style=\"font-weight: 400\">Adeguatezza patrimoniale su mezzi di terzi<\/span><\/li>\n<li style=\"font-weight: 400\"><span style=\"font-weight: 400\">Ritorno liquido attivo<\/span><\/li>\n<li style=\"font-weight: 400\"><span style=\"font-weight: 400\">Cashflow su attivo<\/span><\/li>\n<li style=\"font-weight: 400\"><span style=\"font-weight: 400\">Indebitamento previdenziale\/tributario su attivo<\/span><\/li>\n<\/ul>\n<p><span style=\"font-weight: 400\">Nei prossimi articoli approfondiremo ciascuno di questi indici.<\/span><\/p>\n<p><span style=\"font-weight: 400\">Nel riquadro in basso \u00e8 riportata una sintesi della struttura ad albero degli indicatori della crisi. Come si nota la valutazione non si limita agli indici sopra elencati ma anche all\u2019analisi dell\u2019esistenza di ritardi reiterati e significativi nei pagamenti programmati. Anche questo secondo aspetto verr\u00e0 approfondito nei prossimi articoli<\/span><\/p>\n<p>Simona Bonomi<br \/>\nSpecialista AFC smeup erp e Responsabile Fatturazione elettronica &#8211; smeup<br \/>\n<a href=\"https:\/\/it.linkedin.com\/in\/simona-bonomi-32475924\">My LinkedIn Profile<\/a><\/p>\n","protected":false},"excerpt":{"rendered":"<p>Con questa serie di articoli vogliamo approfondire uno dei temi pi\u00f9 importanti della riforma della crisi d&#8217;impresa per capirne la struttura e il contenuto.<\/p>\n","protected":false},"author":1,"featured_media":50786,"comment_status":"open","ping_status":"open","sticky":false,"template":"","format":"standard","meta":{"_acf_changed":false,"footnotes":""},"categories":[1],"tags":[6555,6556,6557],"class_list":["post-50785","post","type-post","status-publish","format-standard","has-post-thumbnail","hentry","category-news-da-smeup","tag-riforma-crisi-dimpresa","tag-riforma-crisi-di-impresa","tag-software-crisi-dimpresa"],"acf":[],"yoast_head":"<!-- This site is optimized with the Yoast SEO plugin v27.5 - https:\/\/yoast.com\/product\/yoast-seo-wordpress\/ -->\n<title>Riforma crisi d&#039;impresa: Indici di allerta, struttura e definizioni<\/title>\n<meta name=\"description\" content=\"Con questa serie di articoli vogliamo approfondire uno dei temi pi\u00f9 importanti della riforma della crisi d&#039;impresa per capirne la struttura e il contenuto.\" \/>\n<meta name=\"robots\" content=\"index, follow, max-snippet:-1, max-image-preview:large, max-video-preview:-1\" \/>\n<link rel=\"canonical\" href=\"https:\/\/www.smeup.com\/magazine\/blog\/riforma-crisi-dimpresa-parte-1\/\" \/>\n<meta property=\"og:locale\" content=\"it_IT\" \/>\n<meta property=\"og:type\" content=\"article\" \/>\n<meta property=\"og:title\" content=\"Riforma crisi d&#039;impresa: Indici di allerta, struttura e definizioni\" \/>\n<meta property=\"og:description\" content=\"Con questa serie di articoli vogliamo approfondire uno dei temi pi\u00f9 importanti della riforma della crisi d&#039;impresa per capirne la struttura e il contenuto.\" \/>\n<meta property=\"og:url\" content=\"https:\/\/www.smeup.com\/magazine\/blog\/riforma-crisi-dimpresa-parte-1\/\" \/>\n<meta property=\"og:site_name\" content=\"Magazine\" \/>\n<meta property=\"article:published_time\" content=\"2020-01-07T10:14:53+00:00\" \/>\n<meta property=\"article:modified_time\" content=\"2021-07-28T15:45:41+00:00\" \/>\n<meta property=\"og:image\" content=\"https:\/\/www.smeup.com\/magazine\/wp-content\/uploads\/sites\/5\/2021\/03\/riforma-crisi-dimpresa-1024x1024.png\" \/>\n\t<meta property=\"og:image:width\" content=\"1024\" \/>\n\t<meta property=\"og:image:height\" content=\"1024\" \/>\n\t<meta property=\"og:image:type\" content=\"image\/png\" \/>\n<meta name=\"author\" content=\"smeup\" \/>\n<meta name=\"twitter:card\" content=\"summary_large_image\" \/>\n<meta name=\"twitter:label1\" content=\"Scritto da\" \/>\n\t<meta name=\"twitter:data1\" content=\"smeup\" \/>\n\t<meta name=\"twitter:label2\" content=\"Tempo di lettura stimato\" \/>\n\t<meta name=\"twitter:data2\" content=\"2 minuti\" \/>\n<script type=\"application\/ld+json\" class=\"yoast-schema-graph\">{\"@context\":\"https:\\\/\\\/schema.org\",\"@graph\":[{\"@type\":\"Article\",\"@id\":\"https:\\\/\\\/www.smeup.com\\\/magazine\\\/blog\\\/riforma-crisi-dimpresa-parte-1\\\/#article\",\"isPartOf\":{\"@id\":\"https:\\\/\\\/www.smeup.com\\\/magazine\\\/blog\\\/riforma-crisi-dimpresa-parte-1\\\/\"},\"author\":{\"name\":\"smeup\",\"@id\":\"https:\\\/\\\/www.smeup.com\\\/magazine\\\/#\\\/schema\\\/person\\\/194a55d96e7e52223a84ff78468bf5c7\"},\"headline\":\"Riforma crisi d&#8217;impresa: Indici di allerta, struttura e definizioni &#8211; parte 1\",\"datePublished\":\"2020-01-07T10:14:53+00:00\",\"dateModified\":\"2021-07-28T15:45:41+00:00\",\"mainEntityOfPage\":{\"@id\":\"https:\\\/\\\/www.smeup.com\\\/magazine\\\/blog\\\/riforma-crisi-dimpresa-parte-1\\\/\"},\"wordCount\":476,\"commentCount\":0,\"image\":{\"@id\":\"https:\\\/\\\/www.smeup.com\\\/magazine\\\/blog\\\/riforma-crisi-dimpresa-parte-1\\\/#primaryimage\"},\"thumbnailUrl\":\"https:\\\/\\\/www.smeup.com\\\/magazine\\\/wp-content\\\/uploads\\\/sites\\\/5\\\/2021\\\/03\\\/riforma-crisi-dimpresa.png\",\"keywords\":[\"riforma crisi d'impresa\",\"riforma crisi di impresa\",\"software crisi d'impresa\"],\"articleSection\":[\"News da smeup\"],\"inLanguage\":\"it-IT\",\"potentialAction\":[{\"@type\":\"CommentAction\",\"name\":\"Comment\",\"target\":[\"https:\\\/\\\/www.smeup.com\\\/magazine\\\/blog\\\/riforma-crisi-dimpresa-parte-1\\\/#respond\"]}]},{\"@type\":\"WebPage\",\"@id\":\"https:\\\/\\\/www.smeup.com\\\/magazine\\\/blog\\\/riforma-crisi-dimpresa-parte-1\\\/\",\"url\":\"https:\\\/\\\/www.smeup.com\\\/magazine\\\/blog\\\/riforma-crisi-dimpresa-parte-1\\\/\",\"name\":\"Riforma crisi d'impresa: Indici di allerta, struttura e definizioni\",\"isPartOf\":{\"@id\":\"https:\\\/\\\/www.smeup.com\\\/magazine\\\/#website\"},\"primaryImageOfPage\":{\"@id\":\"https:\\\/\\\/www.smeup.com\\\/magazine\\\/blog\\\/riforma-crisi-dimpresa-parte-1\\\/#primaryimage\"},\"image\":{\"@id\":\"https:\\\/\\\/www.smeup.com\\\/magazine\\\/blog\\\/riforma-crisi-dimpresa-parte-1\\\/#primaryimage\"},\"thumbnailUrl\":\"https:\\\/\\\/www.smeup.com\\\/magazine\\\/wp-content\\\/uploads\\\/sites\\\/5\\\/2021\\\/03\\\/riforma-crisi-dimpresa.png\",\"datePublished\":\"2020-01-07T10:14:53+00:00\",\"dateModified\":\"2021-07-28T15:45:41+00:00\",\"author\":{\"@id\":\"https:\\\/\\\/www.smeup.com\\\/magazine\\\/#\\\/schema\\\/person\\\/194a55d96e7e52223a84ff78468bf5c7\"},\"description\":\"Con questa serie di articoli vogliamo approfondire uno dei temi pi\u00f9 importanti della riforma della crisi d'impresa per capirne la struttura e il contenuto.\",\"breadcrumb\":{\"@id\":\"https:\\\/\\\/www.smeup.com\\\/magazine\\\/blog\\\/riforma-crisi-dimpresa-parte-1\\\/#breadcrumb\"},\"inLanguage\":\"it-IT\",\"potentialAction\":[{\"@type\":\"ReadAction\",\"target\":[\"https:\\\/\\\/www.smeup.com\\\/magazine\\\/blog\\\/riforma-crisi-dimpresa-parte-1\\\/\"]}]},{\"@type\":\"ImageObject\",\"inLanguage\":\"it-IT\",\"@id\":\"https:\\\/\\\/www.smeup.com\\\/magazine\\\/blog\\\/riforma-crisi-dimpresa-parte-1\\\/#primaryimage\",\"url\":\"https:\\\/\\\/www.smeup.com\\\/magazine\\\/wp-content\\\/uploads\\\/sites\\\/5\\\/2021\\\/03\\\/riforma-crisi-dimpresa.png\",\"contentUrl\":\"https:\\\/\\\/www.smeup.com\\\/magazine\\\/wp-content\\\/uploads\\\/sites\\\/5\\\/2021\\\/03\\\/riforma-crisi-dimpresa.png\",\"width\":1600,\"height\":1600},{\"@type\":\"BreadcrumbList\",\"@id\":\"https:\\\/\\\/www.smeup.com\\\/magazine\\\/blog\\\/riforma-crisi-dimpresa-parte-1\\\/#breadcrumb\",\"itemListElement\":[{\"@type\":\"ListItem\",\"position\":1,\"name\":\"Home\",\"item\":\"https:\\\/\\\/www.smeup.com\\\/magazine\\\/\"},{\"@type\":\"ListItem\",\"position\":2,\"name\":\"Riforma crisi d&#8217;impresa: Indici di allerta, struttura e definizioni &#8211; parte 1\"}]},{\"@type\":\"WebSite\",\"@id\":\"https:\\\/\\\/www.smeup.com\\\/magazine\\\/#website\",\"url\":\"https:\\\/\\\/www.smeup.com\\\/magazine\\\/\",\"name\":\"Magazine\",\"description\":\"smeup\",\"potentialAction\":[{\"@type\":\"SearchAction\",\"target\":{\"@type\":\"EntryPoint\",\"urlTemplate\":\"https:\\\/\\\/www.smeup.com\\\/magazine\\\/?s={search_term_string}\"},\"query-input\":{\"@type\":\"PropertyValueSpecification\",\"valueRequired\":true,\"valueName\":\"search_term_string\"}}],\"inLanguage\":\"it-IT\"},{\"@type\":\"Person\",\"@id\":\"https:\\\/\\\/www.smeup.com\\\/magazine\\\/#\\\/schema\\\/person\\\/194a55d96e7e52223a84ff78468bf5c7\",\"name\":\"smeup\",\"image\":{\"@type\":\"ImageObject\",\"inLanguage\":\"it-IT\",\"@id\":\"https:\\\/\\\/secure.gravatar.com\\\/avatar\\\/a88cc3ad6c0af01768fe2ac47c88a321699d97ced53c173f66ceaa51400f43ca?s=96&d=mm&r=g\",\"url\":\"https:\\\/\\\/secure.gravatar.com\\\/avatar\\\/a88cc3ad6c0af01768fe2ac47c88a321699d97ced53c173f66ceaa51400f43ca?s=96&d=mm&r=g\",\"contentUrl\":\"https:\\\/\\\/secure.gravatar.com\\\/avatar\\\/a88cc3ad6c0af01768fe2ac47c88a321699d97ced53c173f66ceaa51400f43ca?s=96&d=mm&r=g\",\"caption\":\"smeup\"},\"sameAs\":[\"https:\\\/\\\/www.smeup.com\"],\"url\":\"https:\\\/\\\/www.smeup.com\\\/magazine\\\/blog\\\/author\\\/admin\\\/\"}]}<\/script>\n<!-- \/ Yoast SEO plugin. -->","yoast_head_json":{"title":"Riforma crisi d'impresa: Indici di allerta, struttura e definizioni","description":"Con questa serie di articoli vogliamo approfondire uno dei temi pi\u00f9 importanti della riforma della crisi d'impresa per capirne la struttura e il contenuto.","robots":{"index":"index","follow":"follow","max-snippet":"max-snippet:-1","max-image-preview":"max-image-preview:large","max-video-preview":"max-video-preview:-1"},"canonical":"https:\/\/www.smeup.com\/magazine\/blog\/riforma-crisi-dimpresa-parte-1\/","og_locale":"it_IT","og_type":"article","og_title":"Riforma crisi d'impresa: Indici di allerta, struttura e definizioni","og_description":"Con questa serie di articoli vogliamo approfondire uno dei temi pi\u00f9 importanti della riforma della crisi d'impresa per capirne la struttura e il contenuto.","og_url":"https:\/\/www.smeup.com\/magazine\/blog\/riforma-crisi-dimpresa-parte-1\/","og_site_name":"Magazine","article_published_time":"2020-01-07T10:14:53+00:00","article_modified_time":"2021-07-28T15:45:41+00:00","og_image":[{"width":1024,"height":1024,"url":"https:\/\/www.smeup.com\/magazine\/wp-content\/uploads\/sites\/5\/2021\/03\/riforma-crisi-dimpresa-1024x1024.png","type":"image\/png"}],"author":"smeup","twitter_card":"summary_large_image","twitter_misc":{"Scritto da":"smeup","Tempo di lettura stimato":"2 minuti"},"schema":{"@context":"https:\/\/schema.org","@graph":[{"@type":"Article","@id":"https:\/\/www.smeup.com\/magazine\/blog\/riforma-crisi-dimpresa-parte-1\/#article","isPartOf":{"@id":"https:\/\/www.smeup.com\/magazine\/blog\/riforma-crisi-dimpresa-parte-1\/"},"author":{"name":"smeup","@id":"https:\/\/www.smeup.com\/magazine\/#\/schema\/person\/194a55d96e7e52223a84ff78468bf5c7"},"headline":"Riforma crisi d&#8217;impresa: Indici di allerta, struttura e definizioni &#8211; parte 1","datePublished":"2020-01-07T10:14:53+00:00","dateModified":"2021-07-28T15:45:41+00:00","mainEntityOfPage":{"@id":"https:\/\/www.smeup.com\/magazine\/blog\/riforma-crisi-dimpresa-parte-1\/"},"wordCount":476,"commentCount":0,"image":{"@id":"https:\/\/www.smeup.com\/magazine\/blog\/riforma-crisi-dimpresa-parte-1\/#primaryimage"},"thumbnailUrl":"https:\/\/www.smeup.com\/magazine\/wp-content\/uploads\/sites\/5\/2021\/03\/riforma-crisi-dimpresa.png","keywords":["riforma crisi d'impresa","riforma crisi di impresa","software crisi d'impresa"],"articleSection":["News da smeup"],"inLanguage":"it-IT","potentialAction":[{"@type":"CommentAction","name":"Comment","target":["https:\/\/www.smeup.com\/magazine\/blog\/riforma-crisi-dimpresa-parte-1\/#respond"]}]},{"@type":"WebPage","@id":"https:\/\/www.smeup.com\/magazine\/blog\/riforma-crisi-dimpresa-parte-1\/","url":"https:\/\/www.smeup.com\/magazine\/blog\/riforma-crisi-dimpresa-parte-1\/","name":"Riforma crisi d'impresa: Indici di allerta, struttura e definizioni","isPartOf":{"@id":"https:\/\/www.smeup.com\/magazine\/#website"},"primaryImageOfPage":{"@id":"https:\/\/www.smeup.com\/magazine\/blog\/riforma-crisi-dimpresa-parte-1\/#primaryimage"},"image":{"@id":"https:\/\/www.smeup.com\/magazine\/blog\/riforma-crisi-dimpresa-parte-1\/#primaryimage"},"thumbnailUrl":"https:\/\/www.smeup.com\/magazine\/wp-content\/uploads\/sites\/5\/2021\/03\/riforma-crisi-dimpresa.png","datePublished":"2020-01-07T10:14:53+00:00","dateModified":"2021-07-28T15:45:41+00:00","author":{"@id":"https:\/\/www.smeup.com\/magazine\/#\/schema\/person\/194a55d96e7e52223a84ff78468bf5c7"},"description":"Con questa serie di articoli vogliamo approfondire uno dei temi pi\u00f9 importanti della riforma della crisi d'impresa per capirne la struttura e il contenuto.","breadcrumb":{"@id":"https:\/\/www.smeup.com\/magazine\/blog\/riforma-crisi-dimpresa-parte-1\/#breadcrumb"},"inLanguage":"it-IT","potentialAction":[{"@type":"ReadAction","target":["https:\/\/www.smeup.com\/magazine\/blog\/riforma-crisi-dimpresa-parte-1\/"]}]},{"@type":"ImageObject","inLanguage":"it-IT","@id":"https:\/\/www.smeup.com\/magazine\/blog\/riforma-crisi-dimpresa-parte-1\/#primaryimage","url":"https:\/\/www.smeup.com\/magazine\/wp-content\/uploads\/sites\/5\/2021\/03\/riforma-crisi-dimpresa.png","contentUrl":"https:\/\/www.smeup.com\/magazine\/wp-content\/uploads\/sites\/5\/2021\/03\/riforma-crisi-dimpresa.png","width":1600,"height":1600},{"@type":"BreadcrumbList","@id":"https:\/\/www.smeup.com\/magazine\/blog\/riforma-crisi-dimpresa-parte-1\/#breadcrumb","itemListElement":[{"@type":"ListItem","position":1,"name":"Home","item":"https:\/\/www.smeup.com\/magazine\/"},{"@type":"ListItem","position":2,"name":"Riforma crisi d&#8217;impresa: Indici di allerta, struttura e definizioni &#8211; parte 1"}]},{"@type":"WebSite","@id":"https:\/\/www.smeup.com\/magazine\/#website","url":"https:\/\/www.smeup.com\/magazine\/","name":"Magazine","description":"smeup","potentialAction":[{"@type":"SearchAction","target":{"@type":"EntryPoint","urlTemplate":"https:\/\/www.smeup.com\/magazine\/?s={search_term_string}"},"query-input":{"@type":"PropertyValueSpecification","valueRequired":true,"valueName":"search_term_string"}}],"inLanguage":"it-IT"},{"@type":"Person","@id":"https:\/\/www.smeup.com\/magazine\/#\/schema\/person\/194a55d96e7e52223a84ff78468bf5c7","name":"smeup","image":{"@type":"ImageObject","inLanguage":"it-IT","@id":"https:\/\/secure.gravatar.com\/avatar\/a88cc3ad6c0af01768fe2ac47c88a321699d97ced53c173f66ceaa51400f43ca?s=96&d=mm&r=g","url":"https:\/\/secure.gravatar.com\/avatar\/a88cc3ad6c0af01768fe2ac47c88a321699d97ced53c173f66ceaa51400f43ca?s=96&d=mm&r=g","contentUrl":"https:\/\/secure.gravatar.com\/avatar\/a88cc3ad6c0af01768fe2ac47c88a321699d97ced53c173f66ceaa51400f43ca?s=96&d=mm&r=g","caption":"smeup"},"sameAs":["https:\/\/www.smeup.com"],"url":"https:\/\/www.smeup.com\/magazine\/blog\/author\/admin\/"}]}},"_links":{"self":[{"href":"https:\/\/www.smeup.com\/magazine\/wp-json\/wp\/v2\/posts\/50785","targetHints":{"allow":["GET"]}}],"collection":[{"href":"https:\/\/www.smeup.com\/magazine\/wp-json\/wp\/v2\/posts"}],"about":[{"href":"https:\/\/www.smeup.com\/magazine\/wp-json\/wp\/v2\/types\/post"}],"author":[{"embeddable":true,"href":"https:\/\/www.smeup.com\/magazine\/wp-json\/wp\/v2\/users\/1"}],"replies":[{"embeddable":true,"href":"https:\/\/www.smeup.com\/magazine\/wp-json\/wp\/v2\/comments?post=50785"}],"version-history":[{"count":2,"href":"https:\/\/www.smeup.com\/magazine\/wp-json\/wp\/v2\/posts\/50785\/revisions"}],"predecessor-version":[{"id":55119,"href":"https:\/\/www.smeup.com\/magazine\/wp-json\/wp\/v2\/posts\/50785\/revisions\/55119"}],"wp:featuredmedia":[{"embeddable":true,"href":"https:\/\/www.smeup.com\/magazine\/wp-json\/wp\/v2\/media\/50786"}],"wp:attachment":[{"href":"https:\/\/www.smeup.com\/magazine\/wp-json\/wp\/v2\/media?parent=50785"}],"wp:term":[{"taxonomy":"category","embeddable":true,"href":"https:\/\/www.smeup.com\/magazine\/wp-json\/wp\/v2\/categories?post=50785"},{"taxonomy":"post_tag","embeddable":true,"href":"https:\/\/www.smeup.com\/magazine\/wp-json\/wp\/v2\/tags?post=50785"}],"curies":[{"name":"wp","href":"https:\/\/api.w.org\/{rel}","templated":true}]}}