{"id":51037,"date":"2020-03-30T16:51:04","date_gmt":"2020-03-30T14:51:04","guid":{"rendered":"http:\/\/smeupnew.it\/magazine\/blog\/moratoria-approvazione-dei-bilanci\/"},"modified":"2020-03-30T16:51:04","modified_gmt":"2020-03-30T14:51:04","slug":"moratoria-approvazione-dei-bilanci","status":"publish","type":"post","link":"https:\/\/www.smeup.com\/magazine\/blog\/moratoria-approvazione-dei-bilanci\/","title":{"rendered":"Moratoria approvazione dei bilanci: l&#8217;ipotesi anche per le societ\u00e0 non quotate"},"content":{"rendered":"<p>Tra le diverse misure messe in atto dal Governo per affrontare l&#8217;emergenza Covid-19 e le sue conseguenze sull&#8217;economia italiana, \u00e8 in arrivo anche un provvedimento che conceder\u00e0 alle societ\u00e0 quotate tempo fino al 30 giugno per l&#8217;<strong>approvazione dei bilanci<\/strong>.<\/p>\n<p>In questi giorni \u00e8 al varo anche l&#8217;ipotesi di estendere questa dilazione anche alle <strong>aziende non quotate<\/strong>.<br \/>\nLa moratoria riguarda la riunione delle assemblee per l&#8217;approvazione dei bilanci e la difficolt\u00e0 di svolgerle sia per motivi di sicurezza sanitaria in caso di riunioni fisiche, sia alla difficolt\u00e0 di molte imprese alla redazione dei bilanci a causa dello stallo economico degli ultimi mesi.<\/p>\n<p>Sono ancora oggetto di discussione le <strong>modalit\u00e0 e gli strumenti<\/strong> tramite cui attuare il provvedimento, che potrebbero essere un provvediamento d&#8217;urgenza oppure una legge di conversione del decreto legge recentemente emesso in materia di giustizia e attualmente in discussione al Senato.<\/p>\n<p>Sono ancora da definirsi i limiti di applicazione della moratoria, che potrebbe riguardare soltanto le assemblee oppure anche le riunioni degli organi sociali.<br \/>\nPer le aziende quotate, il termine unico per l&#8217;approvazione dei bilanci \u00e8 il 30 giugno 2020. Per le societ\u00e0 non quotate, invece, questo limite potrebbe estendersi fino al mese di<strong> settembre<\/strong>.<\/p>\n<p>Il provvediemnto conceder\u00e0 poi un margine di <strong>ulteriori 30 giorni<\/strong> per la convocazione della seconda convocazione dell&#8217;assemblea, per cui la scadenza ultima sarebbe il 31 luglio per le societ\u00e0 quotate e il 31 ottobre per quelle non quotate.<\/p>\n<p>Inoltre, fino al 31 luglio sar\u00e0 concessa alle aziende la possibilit\u00e0 di attuare l&#8217;intervento in assemblea tramite il rappresentante designato attraverso la disposizione di deleghe per le relative votazioni.<\/p>\n","protected":false},"excerpt":{"rendered":"<p>Tra le diverse misure messe in atto dal Governo per affrontare l&#8217;emergenza Covid-19, \u00e8 in arrivo anche un provvedimento che conceder\u00e0 alle societ\u00e0 quotate tempo fino al 30 giugno per l&#8217;approvazione dei bilanci. In questi giorni \u00e8 al varo anche l&#8217;ipotesi di estendere questa dilazione anche alle aziende non quotate.<\/p>\n","protected":false},"author":1,"featured_media":51038,"comment_status":"open","ping_status":"open","sticky":false,"template":"","format":"standard","meta":{"_acf_changed":false,"footnotes":""},"categories":[1],"tags":[6703,6686],"class_list":["post-51037","post","type-post","status-publish","format-standard","has-post-thumbnail","hentry","category-news-da-smeup","tag-adeguamenti-normativi","tag-approvazione-dei-bilanci"],"acf":[],"yoast_head":"<!-- This site is optimized with the Yoast SEO plugin v27.5 - https:\/\/yoast.com\/product\/yoast-seo-wordpress\/ -->\n<title>Moratoria approvazione dei bilanci: ipotesi anche per societ\u00e0 non quotate<\/title>\n<meta name=\"description\" content=\"Tra le diverse misure messe in atto dal Governo per affrontare l&#039;emergenza Covid-19, \u00e8 in arrivo anche un provvedimento che conceder\u00e0 alle societ\u00e0 quotate tempo fino al 30 giugno per l&#039;approvazione dei bilanci. In questi giorni \u00e8 al varo anche l&#039;ipotesi di estendere questa dilazione anche alle aziende non quotate.\" \/>\n<meta name=\"robots\" content=\"index, follow, max-snippet:-1, max-image-preview:large, max-video-preview:-1\" \/>\n<link rel=\"canonical\" href=\"https:\/\/www.smeup.com\/magazine\/blog\/moratoria-approvazione-dei-bilanci\/\" \/>\n<meta property=\"og:locale\" content=\"it_IT\" \/>\n<meta property=\"og:type\" content=\"article\" \/>\n<meta property=\"og:title\" content=\"Moratoria approvazione dei bilanci: ipotesi anche per societ\u00e0 non quotate\" \/>\n<meta property=\"og:description\" content=\"Tra le diverse misure messe in atto dal Governo per affrontare l&#039;emergenza Covid-19, \u00e8 in arrivo anche un provvedimento che conceder\u00e0 alle societ\u00e0 quotate tempo fino al 30 giugno per l&#039;approvazione dei bilanci. In questi giorni \u00e8 al varo anche l&#039;ipotesi di estendere questa dilazione anche alle aziende non quotate.\" \/>\n<meta property=\"og:url\" content=\"https:\/\/www.smeup.com\/magazine\/blog\/moratoria-approvazione-dei-bilanci\/\" \/>\n<meta property=\"og:site_name\" content=\"Magazine\" \/>\n<meta property=\"article:published_time\" content=\"2020-03-30T14:51:04+00:00\" \/>\n<meta property=\"og:image\" content=\"https:\/\/www.smeup.com\/magazine\/wp-content\/uploads\/sites\/5\/2021\/03\/moratoria-approvazione-dei-bilanci.png\" \/>\n\t<meta property=\"og:image:width\" content=\"1600\" \/>\n\t<meta property=\"og:image:height\" content=\"1067\" \/>\n\t<meta property=\"og:image:type\" content=\"image\/png\" \/>\n<meta name=\"author\" content=\"smeup\" \/>\n<meta name=\"twitter:card\" content=\"summary_large_image\" \/>\n<meta name=\"twitter:label1\" content=\"Scritto da\" \/>\n\t<meta name=\"twitter:data1\" content=\"smeup\" \/>\n\t<meta name=\"twitter:label2\" content=\"Tempo di lettura stimato\" \/>\n\t<meta name=\"twitter:data2\" content=\"1 minuto\" \/>\n<script type=\"application\/ld+json\" class=\"yoast-schema-graph\">{\"@context\":\"https:\\\/\\\/schema.org\",\"@graph\":[{\"@type\":\"Article\",\"@id\":\"https:\\\/\\\/www.smeup.com\\\/magazine\\\/blog\\\/moratoria-approvazione-dei-bilanci\\\/#article\",\"isPartOf\":{\"@id\":\"https:\\\/\\\/www.smeup.com\\\/magazine\\\/blog\\\/moratoria-approvazione-dei-bilanci\\\/\"},\"author\":{\"name\":\"smeup\",\"@id\":\"https:\\\/\\\/www.smeup.com\\\/magazine\\\/#\\\/schema\\\/person\\\/194a55d96e7e52223a84ff78468bf5c7\"},\"headline\":\"Moratoria approvazione dei bilanci: l&#8217;ipotesi anche per le societ\u00e0 non quotate\",\"datePublished\":\"2020-03-30T14:51:04+00:00\",\"mainEntityOfPage\":{\"@id\":\"https:\\\/\\\/www.smeup.com\\\/magazine\\\/blog\\\/moratoria-approvazione-dei-bilanci\\\/\"},\"wordCount\":274,\"commentCount\":0,\"image\":{\"@id\":\"https:\\\/\\\/www.smeup.com\\\/magazine\\\/blog\\\/moratoria-approvazione-dei-bilanci\\\/#primaryimage\"},\"thumbnailUrl\":\"https:\\\/\\\/www.smeup.com\\\/magazine\\\/wp-content\\\/uploads\\\/sites\\\/5\\\/2021\\\/03\\\/moratoria-approvazione-dei-bilanci.png\",\"keywords\":[\"adeguamenti normativi\",\"approvazione dei bilanci\"],\"articleSection\":[\"News da smeup\"],\"inLanguage\":\"it-IT\",\"potentialAction\":[{\"@type\":\"CommentAction\",\"name\":\"Comment\",\"target\":[\"https:\\\/\\\/www.smeup.com\\\/magazine\\\/blog\\\/moratoria-approvazione-dei-bilanci\\\/#respond\"]}]},{\"@type\":\"WebPage\",\"@id\":\"https:\\\/\\\/www.smeup.com\\\/magazine\\\/blog\\\/moratoria-approvazione-dei-bilanci\\\/\",\"url\":\"https:\\\/\\\/www.smeup.com\\\/magazine\\\/blog\\\/moratoria-approvazione-dei-bilanci\\\/\",\"name\":\"Moratoria approvazione dei bilanci: ipotesi anche per societ\u00e0 non quotate\",\"isPartOf\":{\"@id\":\"https:\\\/\\\/www.smeup.com\\\/magazine\\\/#website\"},\"primaryImageOfPage\":{\"@id\":\"https:\\\/\\\/www.smeup.com\\\/magazine\\\/blog\\\/moratoria-approvazione-dei-bilanci\\\/#primaryimage\"},\"image\":{\"@id\":\"https:\\\/\\\/www.smeup.com\\\/magazine\\\/blog\\\/moratoria-approvazione-dei-bilanci\\\/#primaryimage\"},\"thumbnailUrl\":\"https:\\\/\\\/www.smeup.com\\\/magazine\\\/wp-content\\\/uploads\\\/sites\\\/5\\\/2021\\\/03\\\/moratoria-approvazione-dei-bilanci.png\",\"datePublished\":\"2020-03-30T14:51:04+00:00\",\"author\":{\"@id\":\"https:\\\/\\\/www.smeup.com\\\/magazine\\\/#\\\/schema\\\/person\\\/194a55d96e7e52223a84ff78468bf5c7\"},\"description\":\"Tra le diverse misure messe in atto dal Governo per affrontare l'emergenza Covid-19, \u00e8 in arrivo anche un provvedimento che conceder\u00e0 alle societ\u00e0 quotate tempo fino al 30 giugno per l'approvazione dei bilanci. In questi giorni \u00e8 al varo anche l'ipotesi di estendere questa dilazione anche alle aziende non quotate.\",\"breadcrumb\":{\"@id\":\"https:\\\/\\\/www.smeup.com\\\/magazine\\\/blog\\\/moratoria-approvazione-dei-bilanci\\\/#breadcrumb\"},\"inLanguage\":\"it-IT\",\"potentialAction\":[{\"@type\":\"ReadAction\",\"target\":[\"https:\\\/\\\/www.smeup.com\\\/magazine\\\/blog\\\/moratoria-approvazione-dei-bilanci\\\/\"]}]},{\"@type\":\"ImageObject\",\"inLanguage\":\"it-IT\",\"@id\":\"https:\\\/\\\/www.smeup.com\\\/magazine\\\/blog\\\/moratoria-approvazione-dei-bilanci\\\/#primaryimage\",\"url\":\"https:\\\/\\\/www.smeup.com\\\/magazine\\\/wp-content\\\/uploads\\\/sites\\\/5\\\/2021\\\/03\\\/moratoria-approvazione-dei-bilanci.png\",\"contentUrl\":\"https:\\\/\\\/www.smeup.com\\\/magazine\\\/wp-content\\\/uploads\\\/sites\\\/5\\\/2021\\\/03\\\/moratoria-approvazione-dei-bilanci.png\",\"width\":1600,\"height\":1067},{\"@type\":\"BreadcrumbList\",\"@id\":\"https:\\\/\\\/www.smeup.com\\\/magazine\\\/blog\\\/moratoria-approvazione-dei-bilanci\\\/#breadcrumb\",\"itemListElement\":[{\"@type\":\"ListItem\",\"position\":1,\"name\":\"Home\",\"item\":\"https:\\\/\\\/www.smeup.com\\\/magazine\\\/\"},{\"@type\":\"ListItem\",\"position\":2,\"name\":\"Moratoria approvazione dei bilanci: l&#8217;ipotesi anche per le societ\u00e0 non quotate\"}]},{\"@type\":\"WebSite\",\"@id\":\"https:\\\/\\\/www.smeup.com\\\/magazine\\\/#website\",\"url\":\"https:\\\/\\\/www.smeup.com\\\/magazine\\\/\",\"name\":\"Magazine\",\"description\":\"smeup\",\"potentialAction\":[{\"@type\":\"SearchAction\",\"target\":{\"@type\":\"EntryPoint\",\"urlTemplate\":\"https:\\\/\\\/www.smeup.com\\\/magazine\\\/?s={search_term_string}\"},\"query-input\":{\"@type\":\"PropertyValueSpecification\",\"valueRequired\":true,\"valueName\":\"search_term_string\"}}],\"inLanguage\":\"it-IT\"},{\"@type\":\"Person\",\"@id\":\"https:\\\/\\\/www.smeup.com\\\/magazine\\\/#\\\/schema\\\/person\\\/194a55d96e7e52223a84ff78468bf5c7\",\"name\":\"smeup\",\"image\":{\"@type\":\"ImageObject\",\"inLanguage\":\"it-IT\",\"@id\":\"https:\\\/\\\/secure.gravatar.com\\\/avatar\\\/a88cc3ad6c0af01768fe2ac47c88a321699d97ced53c173f66ceaa51400f43ca?s=96&d=mm&r=g\",\"url\":\"https:\\\/\\\/secure.gravatar.com\\\/avatar\\\/a88cc3ad6c0af01768fe2ac47c88a321699d97ced53c173f66ceaa51400f43ca?s=96&d=mm&r=g\",\"contentUrl\":\"https:\\\/\\\/secure.gravatar.com\\\/avatar\\\/a88cc3ad6c0af01768fe2ac47c88a321699d97ced53c173f66ceaa51400f43ca?s=96&d=mm&r=g\",\"caption\":\"smeup\"},\"sameAs\":[\"https:\\\/\\\/www.smeup.com\"],\"url\":\"https:\\\/\\\/www.smeup.com\\\/magazine\\\/blog\\\/author\\\/admin\\\/\"}]}<\/script>\n<!-- \/ Yoast SEO plugin. -->","yoast_head_json":{"title":"Moratoria approvazione dei bilanci: ipotesi anche per societ\u00e0 non quotate","description":"Tra le diverse misure messe in atto dal Governo per affrontare l'emergenza Covid-19, \u00e8 in arrivo anche un provvedimento che conceder\u00e0 alle societ\u00e0 quotate tempo fino al 30 giugno per l'approvazione dei bilanci. In questi giorni \u00e8 al varo anche l'ipotesi di estendere questa dilazione anche alle aziende non quotate.","robots":{"index":"index","follow":"follow","max-snippet":"max-snippet:-1","max-image-preview":"max-image-preview:large","max-video-preview":"max-video-preview:-1"},"canonical":"https:\/\/www.smeup.com\/magazine\/blog\/moratoria-approvazione-dei-bilanci\/","og_locale":"it_IT","og_type":"article","og_title":"Moratoria approvazione dei bilanci: ipotesi anche per societ\u00e0 non quotate","og_description":"Tra le diverse misure messe in atto dal Governo per affrontare l'emergenza Covid-19, \u00e8 in arrivo anche un provvedimento che conceder\u00e0 alle societ\u00e0 quotate tempo fino al 30 giugno per l'approvazione dei bilanci. In questi giorni \u00e8 al varo anche l'ipotesi di estendere questa dilazione anche alle aziende non quotate.","og_url":"https:\/\/www.smeup.com\/magazine\/blog\/moratoria-approvazione-dei-bilanci\/","og_site_name":"Magazine","article_published_time":"2020-03-30T14:51:04+00:00","og_image":[{"width":1600,"height":1067,"url":"https:\/\/www.smeup.com\/magazine\/wp-content\/uploads\/sites\/5\/2021\/03\/moratoria-approvazione-dei-bilanci.png","type":"image\/png"}],"author":"smeup","twitter_card":"summary_large_image","twitter_misc":{"Scritto da":"smeup","Tempo di lettura stimato":"1 minuto"},"schema":{"@context":"https:\/\/schema.org","@graph":[{"@type":"Article","@id":"https:\/\/www.smeup.com\/magazine\/blog\/moratoria-approvazione-dei-bilanci\/#article","isPartOf":{"@id":"https:\/\/www.smeup.com\/magazine\/blog\/moratoria-approvazione-dei-bilanci\/"},"author":{"name":"smeup","@id":"https:\/\/www.smeup.com\/magazine\/#\/schema\/person\/194a55d96e7e52223a84ff78468bf5c7"},"headline":"Moratoria approvazione dei bilanci: l&#8217;ipotesi anche per le societ\u00e0 non quotate","datePublished":"2020-03-30T14:51:04+00:00","mainEntityOfPage":{"@id":"https:\/\/www.smeup.com\/magazine\/blog\/moratoria-approvazione-dei-bilanci\/"},"wordCount":274,"commentCount":0,"image":{"@id":"https:\/\/www.smeup.com\/magazine\/blog\/moratoria-approvazione-dei-bilanci\/#primaryimage"},"thumbnailUrl":"https:\/\/www.smeup.com\/magazine\/wp-content\/uploads\/sites\/5\/2021\/03\/moratoria-approvazione-dei-bilanci.png","keywords":["adeguamenti normativi","approvazione dei bilanci"],"articleSection":["News da smeup"],"inLanguage":"it-IT","potentialAction":[{"@type":"CommentAction","name":"Comment","target":["https:\/\/www.smeup.com\/magazine\/blog\/moratoria-approvazione-dei-bilanci\/#respond"]}]},{"@type":"WebPage","@id":"https:\/\/www.smeup.com\/magazine\/blog\/moratoria-approvazione-dei-bilanci\/","url":"https:\/\/www.smeup.com\/magazine\/blog\/moratoria-approvazione-dei-bilanci\/","name":"Moratoria approvazione dei bilanci: ipotesi anche per societ\u00e0 non quotate","isPartOf":{"@id":"https:\/\/www.smeup.com\/magazine\/#website"},"primaryImageOfPage":{"@id":"https:\/\/www.smeup.com\/magazine\/blog\/moratoria-approvazione-dei-bilanci\/#primaryimage"},"image":{"@id":"https:\/\/www.smeup.com\/magazine\/blog\/moratoria-approvazione-dei-bilanci\/#primaryimage"},"thumbnailUrl":"https:\/\/www.smeup.com\/magazine\/wp-content\/uploads\/sites\/5\/2021\/03\/moratoria-approvazione-dei-bilanci.png","datePublished":"2020-03-30T14:51:04+00:00","author":{"@id":"https:\/\/www.smeup.com\/magazine\/#\/schema\/person\/194a55d96e7e52223a84ff78468bf5c7"},"description":"Tra le diverse misure messe in atto dal Governo per affrontare l'emergenza Covid-19, \u00e8 in arrivo anche un provvedimento che conceder\u00e0 alle societ\u00e0 quotate tempo fino al 30 giugno per l'approvazione dei bilanci. In questi giorni \u00e8 al varo anche l'ipotesi di estendere questa dilazione anche alle aziende non quotate.","breadcrumb":{"@id":"https:\/\/www.smeup.com\/magazine\/blog\/moratoria-approvazione-dei-bilanci\/#breadcrumb"},"inLanguage":"it-IT","potentialAction":[{"@type":"ReadAction","target":["https:\/\/www.smeup.com\/magazine\/blog\/moratoria-approvazione-dei-bilanci\/"]}]},{"@type":"ImageObject","inLanguage":"it-IT","@id":"https:\/\/www.smeup.com\/magazine\/blog\/moratoria-approvazione-dei-bilanci\/#primaryimage","url":"https:\/\/www.smeup.com\/magazine\/wp-content\/uploads\/sites\/5\/2021\/03\/moratoria-approvazione-dei-bilanci.png","contentUrl":"https:\/\/www.smeup.com\/magazine\/wp-content\/uploads\/sites\/5\/2021\/03\/moratoria-approvazione-dei-bilanci.png","width":1600,"height":1067},{"@type":"BreadcrumbList","@id":"https:\/\/www.smeup.com\/magazine\/blog\/moratoria-approvazione-dei-bilanci\/#breadcrumb","itemListElement":[{"@type":"ListItem","position":1,"name":"Home","item":"https:\/\/www.smeup.com\/magazine\/"},{"@type":"ListItem","position":2,"name":"Moratoria approvazione dei bilanci: l&#8217;ipotesi anche per le societ\u00e0 non quotate"}]},{"@type":"WebSite","@id":"https:\/\/www.smeup.com\/magazine\/#website","url":"https:\/\/www.smeup.com\/magazine\/","name":"Magazine","description":"smeup","potentialAction":[{"@type":"SearchAction","target":{"@type":"EntryPoint","urlTemplate":"https:\/\/www.smeup.com\/magazine\/?s={search_term_string}"},"query-input":{"@type":"PropertyValueSpecification","valueRequired":true,"valueName":"search_term_string"}}],"inLanguage":"it-IT"},{"@type":"Person","@id":"https:\/\/www.smeup.com\/magazine\/#\/schema\/person\/194a55d96e7e52223a84ff78468bf5c7","name":"smeup","image":{"@type":"ImageObject","inLanguage":"it-IT","@id":"https:\/\/secure.gravatar.com\/avatar\/a88cc3ad6c0af01768fe2ac47c88a321699d97ced53c173f66ceaa51400f43ca?s=96&d=mm&r=g","url":"https:\/\/secure.gravatar.com\/avatar\/a88cc3ad6c0af01768fe2ac47c88a321699d97ced53c173f66ceaa51400f43ca?s=96&d=mm&r=g","contentUrl":"https:\/\/secure.gravatar.com\/avatar\/a88cc3ad6c0af01768fe2ac47c88a321699d97ced53c173f66ceaa51400f43ca?s=96&d=mm&r=g","caption":"smeup"},"sameAs":["https:\/\/www.smeup.com"],"url":"https:\/\/www.smeup.com\/magazine\/blog\/author\/admin\/"}]}},"_links":{"self":[{"href":"https:\/\/www.smeup.com\/magazine\/wp-json\/wp\/v2\/posts\/51037","targetHints":{"allow":["GET"]}}],"collection":[{"href":"https:\/\/www.smeup.com\/magazine\/wp-json\/wp\/v2\/posts"}],"about":[{"href":"https:\/\/www.smeup.com\/magazine\/wp-json\/wp\/v2\/types\/post"}],"author":[{"embeddable":true,"href":"https:\/\/www.smeup.com\/magazine\/wp-json\/wp\/v2\/users\/1"}],"replies":[{"embeddable":true,"href":"https:\/\/www.smeup.com\/magazine\/wp-json\/wp\/v2\/comments?post=51037"}],"version-history":[{"count":0,"href":"https:\/\/www.smeup.com\/magazine\/wp-json\/wp\/v2\/posts\/51037\/revisions"}],"wp:featuredmedia":[{"embeddable":true,"href":"https:\/\/www.smeup.com\/magazine\/wp-json\/wp\/v2\/media\/51038"}],"wp:attachment":[{"href":"https:\/\/www.smeup.com\/magazine\/wp-json\/wp\/v2\/media?parent=51037"}],"wp:term":[{"taxonomy":"category","embeddable":true,"href":"https:\/\/www.smeup.com\/magazine\/wp-json\/wp\/v2\/categories?post=51037"},{"taxonomy":"post_tag","embeddable":true,"href":"https:\/\/www.smeup.com\/magazine\/wp-json\/wp\/v2\/tags?post=51037"}],"curies":[{"name":"wp","href":"https:\/\/api.w.org\/{rel}","templated":true}]}}