{"id":51059,"date":"2020-04-04T06:30:50","date_gmt":"2020-04-04T04:30:50","guid":{"rendered":"http:\/\/smeupnew.it\/magazine\/blog\/digital-transformation-e-emergenza\/"},"modified":"2020-04-04T06:30:50","modified_gmt":"2020-04-04T04:30:50","slug":"digital-transformation-e-emergenza","status":"publish","type":"post","link":"https:\/\/www.smeup.com\/magazine\/blog\/digital-transformation-e-emergenza\/","title":{"rendered":"Digital Transformation come approccio culturale contro le emergenze"},"content":{"rendered":"<p>L\u2019era della Digital Transformation sta guidando il mercato verso soluzioni sempre pi\u00f9 ricche di funzionalit\u00e0 in grado di gestire grosse moli di dati in maniera efficace, veloce e sicura.<\/p>\n<p>Abbiamo analizzato quindi i vari aspetti che questo tipo di approccio ha messo a fattor comune soffermandoci spesso sull\u2019importanza della corretta gestione dei dati ovvero del vero patrimonio delle aziende.<\/p>\n<p>Mettere in atto una corretta ed adeguata politica di trasformazione digitale implica sottoporre ad analisi ed a variazioni numerosi fattori e processi spesso migliorabili con l\u2019introduzione di un elevato livello di tecnologia declinato in maniera puntuale da professionisti del settore.<\/p>\n<p>Questa \u00e8 stata, ed \u00e8 ancora, una buona occasione per i partner ICT di dimostrare il loro vero valore aggiunto nei confronti delle aziende loro clienti, spostando il focus dal mero prodotto commerciale alla soluzioni industrializzate sulle pi\u00f9 comuni esigenze delle imprese che compongono il nostro territorio.<\/p>\n<h5>Digital Transformation e emergenza: lo Smart Working<\/h5>\n<p>Oggi purtroppo ci troviamo in una situazione straordinaria che ci vede tutti impegnati nella ricerca e messa in opera di soluzioni che ci permettano di dare il pi\u00f9 possibile una continuit\u00e0 operativa alle persone che si trovano in questo momento ad operare in condizioni differenti da quelle abituali.<\/p>\n<p>Digital Transformation e emergenza hanno fatto diventare lo smart working il primo obiettivo da raggiungere per le aziende che hanno voluto preservare il pi\u00f9 possibile la continuit\u00e0 operativa adottando spesso soluzioni non strutturate, poco scalabili e non adeguatamente sicure. Ma la modalit\u00e0 di lavoro agile e remota altro non \u00e8 che una delle risultanze di una corretta e completa attuazione di una politica di trasformazione digitale.<\/p>\n<p>Mettere al centro il dato, e di conseguenza il sistema informativo centrale delle aziende, significa quindi proteggerlo, catalogarlo, trasformarlo in valore e renderlo fruibile in maniera semplice sicura e veloce ai vari collaboratori.<\/p>\n<p>I clienti che hanno accettato e messo in atto i consigli dei propri partner tecnologici nella corretta adozione di soluzioni cloud, virtualizzazione e dematerializzazione delle informazioni, si sono trovati avvantaggiati nel dover trasformare in poco tempo la modalit\u00e0 operativa della propria forza lavoro sostenendo cos\u00ec al meglio il proprio business.<\/p>\n<p>E ancora una volta, la Digital Transformation, si \u00e8 dimostrata la strategia corretta.[vc_row][vc_column el_class=&#8221;blog-author&#8221;][distance][vc_separator el_width=&#8221;50&#8243;][vc_row_inner][vc_column_inner el_class=&#8221;blog-author-img&#8221; width=&#8221;1\/12&#8243;][vc_single_image image=&#8221;34068&#8243; img_size=&#8221;60&#215;60&#8243;][\/vc_column_inner][vc_column_inner el_class=&#8221;blog-author-txt&#8221; width=&#8221;5\/6&#8243;][vc_column_text]<strong>Gianpiero Ciola<br \/>\n<\/strong><em>Offering Manager SMEUP ICS &#8211; Gruppo Sme.UP<br \/>\n<\/em><a href=\"https:\/\/www.linkedin.com\/in\/gianpierociola\/\" target=\"_blank\" rel=\"noopener noreferrer\">My LinkedIn Profile<\/a><\/p>\n","protected":false},"excerpt":{"rendered":"<p>L\u2019era della Digital Transformation sta guidando il mercato verso soluzioni sempre pi\u00f9 ricche di funzionalit\u00e0 in grado di gestire grosse moli di dati in maniera efficace, veloce e sicura.<br \/>\nAbbiamo analizzato quindi i vari aspetti che questo tipo di approccio ha messo a fattor comune soffermandoci spesso sull&#8217;importanza della corretta gestione dei dati ovvero del vero patrimonio delle aziende.<\/p>\n","protected":false},"author":1,"featured_media":51060,"comment_status":"open","ping_status":"open","sticky":false,"template":"","format":"standard","meta":{"_acf_changed":false,"footnotes":""},"categories":[1],"tags":[],"class_list":["post-51059","post","type-post","status-publish","format-standard","has-post-thumbnail","hentry","category-news-da-smeup"],"acf":[],"yoast_head":"<!-- This site is optimized with the Yoast SEO plugin v27.5 - https:\/\/yoast.com\/product\/yoast-seo-wordpress\/ -->\n<title>Digital Transformation e emergenza: l&#039;approccio culturale<\/title>\n<meta name=\"description\" content=\"Digital Transformation e emergenza: il Coronavirus ci obbliga ad accelerare e cos\u00ec la digital transformation diventa virale.\" \/>\n<meta name=\"robots\" content=\"index, follow, max-snippet:-1, max-image-preview:large, max-video-preview:-1\" \/>\n<link rel=\"canonical\" href=\"https:\/\/www.smeup.com\/magazine\/blog\/digital-transformation-e-emergenza\/\" \/>\n<meta property=\"og:locale\" content=\"it_IT\" \/>\n<meta property=\"og:type\" content=\"article\" \/>\n<meta property=\"og:title\" content=\"Digital Transformation e emergenza: l&#039;approccio culturale\" \/>\n<meta property=\"og:description\" content=\"Digital Transformation e emergenza: il Coronavirus ci obbliga ad accelerare e cos\u00ec la digital transformation diventa virale.\" \/>\n<meta property=\"og:url\" content=\"https:\/\/www.smeup.com\/magazine\/blog\/digital-transformation-e-emergenza\/\" \/>\n<meta property=\"og:site_name\" content=\"Magazine\" \/>\n<meta property=\"article:published_time\" content=\"2020-04-04T04:30:50+00:00\" \/>\n<meta property=\"og:image\" content=\"https:\/\/www.smeup.com\/magazine\/wp-content\/uploads\/sites\/5\/2021\/03\/digital-transformation-e-emergenza.png\" \/>\n\t<meta property=\"og:image:width\" content=\"1600\" \/>\n\t<meta property=\"og:image:height\" content=\"987\" \/>\n\t<meta property=\"og:image:type\" content=\"image\/png\" \/>\n<meta name=\"author\" content=\"smeup\" \/>\n<meta name=\"twitter:card\" content=\"summary_large_image\" \/>\n<meta name=\"twitter:label1\" content=\"Scritto da\" \/>\n\t<meta name=\"twitter:data1\" content=\"smeup\" \/>\n\t<meta name=\"twitter:label2\" content=\"Tempo di lettura stimato\" \/>\n\t<meta name=\"twitter:data2\" content=\"2 minuti\" \/>\n<script type=\"application\/ld+json\" class=\"yoast-schema-graph\">{\"@context\":\"https:\\\/\\\/schema.org\",\"@graph\":[{\"@type\":\"Article\",\"@id\":\"https:\\\/\\\/www.smeup.com\\\/magazine\\\/blog\\\/digital-transformation-e-emergenza\\\/#article\",\"isPartOf\":{\"@id\":\"https:\\\/\\\/www.smeup.com\\\/magazine\\\/blog\\\/digital-transformation-e-emergenza\\\/\"},\"author\":{\"name\":\"smeup\",\"@id\":\"https:\\\/\\\/www.smeup.com\\\/magazine\\\/#\\\/schema\\\/person\\\/194a55d96e7e52223a84ff78468bf5c7\"},\"headline\":\"Digital Transformation come approccio culturale contro le emergenze\",\"datePublished\":\"2020-04-04T04:30:50+00:00\",\"mainEntityOfPage\":{\"@id\":\"https:\\\/\\\/www.smeup.com\\\/magazine\\\/blog\\\/digital-transformation-e-emergenza\\\/\"},\"wordCount\":425,\"commentCount\":0,\"image\":{\"@id\":\"https:\\\/\\\/www.smeup.com\\\/magazine\\\/blog\\\/digital-transformation-e-emergenza\\\/#primaryimage\"},\"thumbnailUrl\":\"https:\\\/\\\/www.smeup.com\\\/magazine\\\/wp-content\\\/uploads\\\/sites\\\/5\\\/2021\\\/03\\\/digital-transformation-e-emergenza.png\",\"articleSection\":[\"News da smeup\"],\"inLanguage\":\"it-IT\",\"potentialAction\":[{\"@type\":\"CommentAction\",\"name\":\"Comment\",\"target\":[\"https:\\\/\\\/www.smeup.com\\\/magazine\\\/blog\\\/digital-transformation-e-emergenza\\\/#respond\"]}]},{\"@type\":\"WebPage\",\"@id\":\"https:\\\/\\\/www.smeup.com\\\/magazine\\\/blog\\\/digital-transformation-e-emergenza\\\/\",\"url\":\"https:\\\/\\\/www.smeup.com\\\/magazine\\\/blog\\\/digital-transformation-e-emergenza\\\/\",\"name\":\"Digital Transformation e emergenza: l'approccio culturale\",\"isPartOf\":{\"@id\":\"https:\\\/\\\/www.smeup.com\\\/magazine\\\/#website\"},\"primaryImageOfPage\":{\"@id\":\"https:\\\/\\\/www.smeup.com\\\/magazine\\\/blog\\\/digital-transformation-e-emergenza\\\/#primaryimage\"},\"image\":{\"@id\":\"https:\\\/\\\/www.smeup.com\\\/magazine\\\/blog\\\/digital-transformation-e-emergenza\\\/#primaryimage\"},\"thumbnailUrl\":\"https:\\\/\\\/www.smeup.com\\\/magazine\\\/wp-content\\\/uploads\\\/sites\\\/5\\\/2021\\\/03\\\/digital-transformation-e-emergenza.png\",\"datePublished\":\"2020-04-04T04:30:50+00:00\",\"author\":{\"@id\":\"https:\\\/\\\/www.smeup.com\\\/magazine\\\/#\\\/schema\\\/person\\\/194a55d96e7e52223a84ff78468bf5c7\"},\"description\":\"Digital Transformation e emergenza: il Coronavirus ci obbliga ad accelerare e cos\u00ec la digital transformation diventa virale.\",\"breadcrumb\":{\"@id\":\"https:\\\/\\\/www.smeup.com\\\/magazine\\\/blog\\\/digital-transformation-e-emergenza\\\/#breadcrumb\"},\"inLanguage\":\"it-IT\",\"potentialAction\":[{\"@type\":\"ReadAction\",\"target\":[\"https:\\\/\\\/www.smeup.com\\\/magazine\\\/blog\\\/digital-transformation-e-emergenza\\\/\"]}]},{\"@type\":\"ImageObject\",\"inLanguage\":\"it-IT\",\"@id\":\"https:\\\/\\\/www.smeup.com\\\/magazine\\\/blog\\\/digital-transformation-e-emergenza\\\/#primaryimage\",\"url\":\"https:\\\/\\\/www.smeup.com\\\/magazine\\\/wp-content\\\/uploads\\\/sites\\\/5\\\/2021\\\/03\\\/digital-transformation-e-emergenza.png\",\"contentUrl\":\"https:\\\/\\\/www.smeup.com\\\/magazine\\\/wp-content\\\/uploads\\\/sites\\\/5\\\/2021\\\/03\\\/digital-transformation-e-emergenza.png\",\"width\":1600,\"height\":987},{\"@type\":\"BreadcrumbList\",\"@id\":\"https:\\\/\\\/www.smeup.com\\\/magazine\\\/blog\\\/digital-transformation-e-emergenza\\\/#breadcrumb\",\"itemListElement\":[{\"@type\":\"ListItem\",\"position\":1,\"name\":\"Home\",\"item\":\"https:\\\/\\\/www.smeup.com\\\/magazine\\\/\"},{\"@type\":\"ListItem\",\"position\":2,\"name\":\"Digital Transformation come approccio culturale contro le emergenze\"}]},{\"@type\":\"WebSite\",\"@id\":\"https:\\\/\\\/www.smeup.com\\\/magazine\\\/#website\",\"url\":\"https:\\\/\\\/www.smeup.com\\\/magazine\\\/\",\"name\":\"Magazine\",\"description\":\"smeup\",\"potentialAction\":[{\"@type\":\"SearchAction\",\"target\":{\"@type\":\"EntryPoint\",\"urlTemplate\":\"https:\\\/\\\/www.smeup.com\\\/magazine\\\/?s={search_term_string}\"},\"query-input\":{\"@type\":\"PropertyValueSpecification\",\"valueRequired\":true,\"valueName\":\"search_term_string\"}}],\"inLanguage\":\"it-IT\"},{\"@type\":\"Person\",\"@id\":\"https:\\\/\\\/www.smeup.com\\\/magazine\\\/#\\\/schema\\\/person\\\/194a55d96e7e52223a84ff78468bf5c7\",\"name\":\"smeup\",\"image\":{\"@type\":\"ImageObject\",\"inLanguage\":\"it-IT\",\"@id\":\"https:\\\/\\\/secure.gravatar.com\\\/avatar\\\/a88cc3ad6c0af01768fe2ac47c88a321699d97ced53c173f66ceaa51400f43ca?s=96&d=mm&r=g\",\"url\":\"https:\\\/\\\/secure.gravatar.com\\\/avatar\\\/a88cc3ad6c0af01768fe2ac47c88a321699d97ced53c173f66ceaa51400f43ca?s=96&d=mm&r=g\",\"contentUrl\":\"https:\\\/\\\/secure.gravatar.com\\\/avatar\\\/a88cc3ad6c0af01768fe2ac47c88a321699d97ced53c173f66ceaa51400f43ca?s=96&d=mm&r=g\",\"caption\":\"smeup\"},\"sameAs\":[\"https:\\\/\\\/www.smeup.com\"],\"url\":\"https:\\\/\\\/www.smeup.com\\\/magazine\\\/blog\\\/author\\\/admin\\\/\"}]}<\/script>\n<!-- \/ Yoast SEO plugin. -->","yoast_head_json":{"title":"Digital Transformation e emergenza: l'approccio culturale","description":"Digital Transformation e emergenza: il Coronavirus ci obbliga ad accelerare e cos\u00ec la digital transformation diventa virale.","robots":{"index":"index","follow":"follow","max-snippet":"max-snippet:-1","max-image-preview":"max-image-preview:large","max-video-preview":"max-video-preview:-1"},"canonical":"https:\/\/www.smeup.com\/magazine\/blog\/digital-transformation-e-emergenza\/","og_locale":"it_IT","og_type":"article","og_title":"Digital Transformation e emergenza: l'approccio culturale","og_description":"Digital Transformation e emergenza: il Coronavirus ci obbliga ad accelerare e cos\u00ec la digital transformation diventa virale.","og_url":"https:\/\/www.smeup.com\/magazine\/blog\/digital-transformation-e-emergenza\/","og_site_name":"Magazine","article_published_time":"2020-04-04T04:30:50+00:00","og_image":[{"width":1600,"height":987,"url":"https:\/\/www.smeup.com\/magazine\/wp-content\/uploads\/sites\/5\/2021\/03\/digital-transformation-e-emergenza.png","type":"image\/png"}],"author":"smeup","twitter_card":"summary_large_image","twitter_misc":{"Scritto da":"smeup","Tempo di lettura stimato":"2 minuti"},"schema":{"@context":"https:\/\/schema.org","@graph":[{"@type":"Article","@id":"https:\/\/www.smeup.com\/magazine\/blog\/digital-transformation-e-emergenza\/#article","isPartOf":{"@id":"https:\/\/www.smeup.com\/magazine\/blog\/digital-transformation-e-emergenza\/"},"author":{"name":"smeup","@id":"https:\/\/www.smeup.com\/magazine\/#\/schema\/person\/194a55d96e7e52223a84ff78468bf5c7"},"headline":"Digital Transformation come approccio culturale contro le emergenze","datePublished":"2020-04-04T04:30:50+00:00","mainEntityOfPage":{"@id":"https:\/\/www.smeup.com\/magazine\/blog\/digital-transformation-e-emergenza\/"},"wordCount":425,"commentCount":0,"image":{"@id":"https:\/\/www.smeup.com\/magazine\/blog\/digital-transformation-e-emergenza\/#primaryimage"},"thumbnailUrl":"https:\/\/www.smeup.com\/magazine\/wp-content\/uploads\/sites\/5\/2021\/03\/digital-transformation-e-emergenza.png","articleSection":["News da smeup"],"inLanguage":"it-IT","potentialAction":[{"@type":"CommentAction","name":"Comment","target":["https:\/\/www.smeup.com\/magazine\/blog\/digital-transformation-e-emergenza\/#respond"]}]},{"@type":"WebPage","@id":"https:\/\/www.smeup.com\/magazine\/blog\/digital-transformation-e-emergenza\/","url":"https:\/\/www.smeup.com\/magazine\/blog\/digital-transformation-e-emergenza\/","name":"Digital Transformation e emergenza: l'approccio culturale","isPartOf":{"@id":"https:\/\/www.smeup.com\/magazine\/#website"},"primaryImageOfPage":{"@id":"https:\/\/www.smeup.com\/magazine\/blog\/digital-transformation-e-emergenza\/#primaryimage"},"image":{"@id":"https:\/\/www.smeup.com\/magazine\/blog\/digital-transformation-e-emergenza\/#primaryimage"},"thumbnailUrl":"https:\/\/www.smeup.com\/magazine\/wp-content\/uploads\/sites\/5\/2021\/03\/digital-transformation-e-emergenza.png","datePublished":"2020-04-04T04:30:50+00:00","author":{"@id":"https:\/\/www.smeup.com\/magazine\/#\/schema\/person\/194a55d96e7e52223a84ff78468bf5c7"},"description":"Digital Transformation e emergenza: il Coronavirus ci obbliga ad accelerare e cos\u00ec la digital transformation diventa virale.","breadcrumb":{"@id":"https:\/\/www.smeup.com\/magazine\/blog\/digital-transformation-e-emergenza\/#breadcrumb"},"inLanguage":"it-IT","potentialAction":[{"@type":"ReadAction","target":["https:\/\/www.smeup.com\/magazine\/blog\/digital-transformation-e-emergenza\/"]}]},{"@type":"ImageObject","inLanguage":"it-IT","@id":"https:\/\/www.smeup.com\/magazine\/blog\/digital-transformation-e-emergenza\/#primaryimage","url":"https:\/\/www.smeup.com\/magazine\/wp-content\/uploads\/sites\/5\/2021\/03\/digital-transformation-e-emergenza.png","contentUrl":"https:\/\/www.smeup.com\/magazine\/wp-content\/uploads\/sites\/5\/2021\/03\/digital-transformation-e-emergenza.png","width":1600,"height":987},{"@type":"BreadcrumbList","@id":"https:\/\/www.smeup.com\/magazine\/blog\/digital-transformation-e-emergenza\/#breadcrumb","itemListElement":[{"@type":"ListItem","position":1,"name":"Home","item":"https:\/\/www.smeup.com\/magazine\/"},{"@type":"ListItem","position":2,"name":"Digital Transformation come approccio culturale contro le emergenze"}]},{"@type":"WebSite","@id":"https:\/\/www.smeup.com\/magazine\/#website","url":"https:\/\/www.smeup.com\/magazine\/","name":"Magazine","description":"smeup","potentialAction":[{"@type":"SearchAction","target":{"@type":"EntryPoint","urlTemplate":"https:\/\/www.smeup.com\/magazine\/?s={search_term_string}"},"query-input":{"@type":"PropertyValueSpecification","valueRequired":true,"valueName":"search_term_string"}}],"inLanguage":"it-IT"},{"@type":"Person","@id":"https:\/\/www.smeup.com\/magazine\/#\/schema\/person\/194a55d96e7e52223a84ff78468bf5c7","name":"smeup","image":{"@type":"ImageObject","inLanguage":"it-IT","@id":"https:\/\/secure.gravatar.com\/avatar\/a88cc3ad6c0af01768fe2ac47c88a321699d97ced53c173f66ceaa51400f43ca?s=96&d=mm&r=g","url":"https:\/\/secure.gravatar.com\/avatar\/a88cc3ad6c0af01768fe2ac47c88a321699d97ced53c173f66ceaa51400f43ca?s=96&d=mm&r=g","contentUrl":"https:\/\/secure.gravatar.com\/avatar\/a88cc3ad6c0af01768fe2ac47c88a321699d97ced53c173f66ceaa51400f43ca?s=96&d=mm&r=g","caption":"smeup"},"sameAs":["https:\/\/www.smeup.com"],"url":"https:\/\/www.smeup.com\/magazine\/blog\/author\/admin\/"}]}},"_links":{"self":[{"href":"https:\/\/www.smeup.com\/magazine\/wp-json\/wp\/v2\/posts\/51059","targetHints":{"allow":["GET"]}}],"collection":[{"href":"https:\/\/www.smeup.com\/magazine\/wp-json\/wp\/v2\/posts"}],"about":[{"href":"https:\/\/www.smeup.com\/magazine\/wp-json\/wp\/v2\/types\/post"}],"author":[{"embeddable":true,"href":"https:\/\/www.smeup.com\/magazine\/wp-json\/wp\/v2\/users\/1"}],"replies":[{"embeddable":true,"href":"https:\/\/www.smeup.com\/magazine\/wp-json\/wp\/v2\/comments?post=51059"}],"version-history":[{"count":0,"href":"https:\/\/www.smeup.com\/magazine\/wp-json\/wp\/v2\/posts\/51059\/revisions"}],"wp:featuredmedia":[{"embeddable":true,"href":"https:\/\/www.smeup.com\/magazine\/wp-json\/wp\/v2\/media\/51060"}],"wp:attachment":[{"href":"https:\/\/www.smeup.com\/magazine\/wp-json\/wp\/v2\/media?parent=51059"}],"wp:term":[{"taxonomy":"category","embeddable":true,"href":"https:\/\/www.smeup.com\/magazine\/wp-json\/wp\/v2\/categories?post=51059"},{"taxonomy":"post_tag","embeddable":true,"href":"https:\/\/www.smeup.com\/magazine\/wp-json\/wp\/v2\/tags?post=51059"}],"curies":[{"name":"wp","href":"https:\/\/api.w.org\/{rel}","templated":true}]}}