{"id":51209,"date":"2020-05-11T06:00:37","date_gmt":"2020-05-11T04:00:37","guid":{"rendered":"http:\/\/smeupnew.it\/magazine\/blog\/coronavirus-e-lavoro-come-sono-cambiate-assunzioni-e-ricerche-di-lavoro\/"},"modified":"2020-05-11T06:00:37","modified_gmt":"2020-05-11T04:00:37","slug":"coronavirus-e-lavoro-come-sono-cambiate-assunzioni-e-ricerche-di-lavoro","status":"publish","type":"post","link":"https:\/\/www.smeup.com\/magazine\/blog\/coronavirus-e-lavoro-come-sono-cambiate-assunzioni-e-ricerche-di-lavoro\/","title":{"rendered":"Coronavirus e lavoro: come sono cambiate assunzioni e ricerche di lavoro"},"content":{"rendered":"<p>L&#8217;<strong>emergenza Coronavirus<\/strong> ci ha costretti al distanziamento sociale e al cosiddetto &#8220;lockdown&#8221;, che ha determinato la sospensione di moltissime delle nostre attivit\u00e0 quotidiane, tra cui anche il lavoro. Molte aziende hanno infatti dovuto sospendere in toto la propria attivit\u00e0, mentre altre sono riuscite a mantenere una continuit\u00e0 operativa grazie alla modalit\u00e0 del lavoro da remoto.<\/p>\n<p>Cos&#8217;\u00e8 successo nell&#8217;ambito delle <strong>ricerche di lavoro e delle assunzioni<\/strong>? Una <strong>ricerca<\/strong> svolta da <a href=\"https:\/\/www.linkedin.com\/feed\/news\/leffetto-del-coronavirus-sulle-assunzioni-4797820\/\">Linkedin<\/a> mostra un drastico cambiamento in questo periodo di lockdown. Gli effetti del Coronavirus non hanno tardato a farsi sentire. Primo Paese a risentire degli effetti del Covid-19 sul piano occupazionale \u00e8 stata la Cina dove i tassi di assunzione sono letteralmente crollati del 45% rispetto al 2019, gi\u00e0 a partire da un paio di settimane di distanza dall&#8217;attuazione delle misure restrittive prese per contrastare la diffusione dell&#8217;epidemia.<br \/>\nSecondo Paese in cui l&#8217;occupazione ha risentito delle misure contrasto al Covid-19 \u00e8 stata l&#8217;Italia, duramente colpita sul piano sanitario e chiusa in un periodo di lockdown di quasi due mesi.<\/p>\n<p>Anche in <strong>Italia<\/strong>, cos\u00ec come \u00e8 avvenuto in Cina, le assunzioni sono drasticamente diminuite a partire dell&#8217;adozione delle misure restrittive, con un calo rispetto all&#8217;anno precedente del 40%. Questo dato ha un peso anche maggiore se andiamo a considerare che il Paese partiva da un tasso di disoccupazione del 9,8%.<\/p>\n<p>Nella stessa direzione stanno purtroppo andando anche altri Paesi non solo europei ma anche Oltreoceano, come l&#8217;America.<br \/>\n<strong>In Europa<\/strong>, in particolar modo in Francia e in Regno Unito, la ricerca Linkedin ha gi\u00e0 registrato un&#8217;inversione di tendenza dei dati occupazionali, che prima dell&#8217;epidemia mostravano segnali molto positivi, con un indice di disoccupazione dell&#8217;8% per la Francia e un record occupazionale per il regno Unito.<br \/>\nGli <strong>Stati Uniti<\/strong> registrano gli effetti negativi dell&#8217;emergenza Coronavirus con un aumento esponenziale delle <strong>richieste di disoccupazione<\/strong>, che a poche settimane dall&#8217;inizio del lockdown erano state presentate gi\u00e0 da 3,2 milioni di persone.<\/p>\n<p>Lo studio di Linkedin percepisce tuttavia alcuni <strong>segnali di ripresa<\/strong> a partire proprio dalla Cina, dove le assunzioni hanno ripreso ad aumentare dopo la recente riapertura e ripartenza delle attivit\u00e0 lavorative, sebbene siano ancora in negativo del 26% rispetto al 2019.<br \/>\nUn segnale positivo \u00e8 stato lanciato anche nel Regno Unito, dove alcune imprese hanno assunto personale all&#8217;interno del settore della logistica, delle consegne a domicilio o ancora di supermercati. L&#8217;ipotesi che con la riapertura delle attivit\u00e0 lavorative possa verificarsi un&#8217;<strong>inversione di tendenza<\/strong> sul piano occupazionale \u00e8 quindi una possibilit\u00e0 concreta.<\/p>\n","protected":false},"excerpt":{"rendered":"<p>Coronavirus e lavoro: cos&#8217;\u00e8 successo nell&#8217;ambito delle ricerche di lavoro e delle assunzioni? Una ricerca svolta da Linkedin mostra che gli effetti del Coronavirus non hanno tardato a farsi sentire. Ma registra anche alcuni segnali positivi di ripresa.<\/p>\n","protected":false},"author":1,"featured_media":51210,"comment_status":"open","ping_status":"open","sticky":false,"template":"","format":"standard","meta":{"_acf_changed":false,"footnotes":""},"categories":[1],"tags":[6783,6784],"class_list":["post-51209","post","type-post","status-publish","format-standard","has-post-thumbnail","hentry","category-news-da-smeup","tag-ricerche-di-lavoro","tag-situazione-occupazionale"],"acf":[],"yoast_head":"<!-- This site is optimized with the Yoast SEO plugin v27.5 - https:\/\/yoast.com\/product\/yoast-seo-wordpress\/ -->\n<title>Coronavirus e lavoro : come sono cambiate assunzioni e ricerche di lavoro<\/title>\n<meta name=\"description\" content=\"Coronavirus e lavoro: cos&#039;\u00e8 successo nell&#039;ambito delle ricerche di lavoro e delle assunzioni? Una ricerca svolta da Linkedin mostra che gli effetti del Coronavirus non hanno tardato a farsi sentire. Ma registra anche alcuni segnali positivi di ripresa.\" \/>\n<meta name=\"robots\" content=\"index, follow, max-snippet:-1, max-image-preview:large, max-video-preview:-1\" \/>\n<link rel=\"canonical\" href=\"https:\/\/www.smeup.com\/magazine\/blog\/coronavirus-e-lavoro-come-sono-cambiate-assunzioni-e-ricerche-di-lavoro\/\" \/>\n<meta property=\"og:locale\" content=\"it_IT\" \/>\n<meta property=\"og:type\" content=\"article\" \/>\n<meta property=\"og:title\" content=\"Coronavirus e lavoro : come sono cambiate assunzioni e ricerche di lavoro\" \/>\n<meta property=\"og:description\" content=\"Coronavirus e lavoro: cos&#039;\u00e8 successo nell&#039;ambito delle ricerche di lavoro e delle assunzioni? Una ricerca svolta da Linkedin mostra che gli effetti del Coronavirus non hanno tardato a farsi sentire. Ma registra anche alcuni segnali positivi di ripresa.\" \/>\n<meta property=\"og:url\" content=\"https:\/\/www.smeup.com\/magazine\/blog\/coronavirus-e-lavoro-come-sono-cambiate-assunzioni-e-ricerche-di-lavoro\/\" \/>\n<meta property=\"og:site_name\" content=\"Magazine\" \/>\n<meta property=\"article:published_time\" content=\"2020-05-11T04:00:37+00:00\" \/>\n<meta property=\"og:image\" content=\"https:\/\/www.smeup.com\/magazine\/wp-content\/uploads\/sites\/5\/2021\/03\/coronavirus-e-lavoro-come-sono-cambiate-assunzioni-e-ricerche-di-lavoro.png\" \/>\n\t<meta property=\"og:image:width\" content=\"1600\" \/>\n\t<meta property=\"og:image:height\" content=\"1067\" \/>\n\t<meta property=\"og:image:type\" content=\"image\/png\" \/>\n<meta name=\"author\" content=\"smeup\" \/>\n<meta name=\"twitter:card\" content=\"summary_large_image\" \/>\n<meta name=\"twitter:label1\" content=\"Scritto da\" \/>\n\t<meta name=\"twitter:data1\" content=\"smeup\" \/>\n\t<meta name=\"twitter:label2\" content=\"Tempo di lettura stimato\" \/>\n\t<meta name=\"twitter:data2\" content=\"2 minuti\" \/>\n<script type=\"application\/ld+json\" class=\"yoast-schema-graph\">{\"@context\":\"https:\\\/\\\/schema.org\",\"@graph\":[{\"@type\":\"Article\",\"@id\":\"https:\\\/\\\/www.smeup.com\\\/magazine\\\/blog\\\/coronavirus-e-lavoro-come-sono-cambiate-assunzioni-e-ricerche-di-lavoro\\\/#article\",\"isPartOf\":{\"@id\":\"https:\\\/\\\/www.smeup.com\\\/magazine\\\/blog\\\/coronavirus-e-lavoro-come-sono-cambiate-assunzioni-e-ricerche-di-lavoro\\\/\"},\"author\":{\"name\":\"smeup\",\"@id\":\"https:\\\/\\\/www.smeup.com\\\/magazine\\\/#\\\/schema\\\/person\\\/194a55d96e7e52223a84ff78468bf5c7\"},\"headline\":\"Coronavirus e lavoro: come sono cambiate assunzioni e ricerche di lavoro\",\"datePublished\":\"2020-05-11T04:00:37+00:00\",\"mainEntityOfPage\":{\"@id\":\"https:\\\/\\\/www.smeup.com\\\/magazine\\\/blog\\\/coronavirus-e-lavoro-come-sono-cambiate-assunzioni-e-ricerche-di-lavoro\\\/\"},\"wordCount\":421,\"commentCount\":0,\"image\":{\"@id\":\"https:\\\/\\\/www.smeup.com\\\/magazine\\\/blog\\\/coronavirus-e-lavoro-come-sono-cambiate-assunzioni-e-ricerche-di-lavoro\\\/#primaryimage\"},\"thumbnailUrl\":\"https:\\\/\\\/www.smeup.com\\\/magazine\\\/wp-content\\\/uploads\\\/sites\\\/5\\\/2021\\\/03\\\/coronavirus-e-lavoro-come-sono-cambiate-assunzioni-e-ricerche-di-lavoro.png\",\"keywords\":[\"ricerche di lavoro\",\"situazione occupazionale\"],\"articleSection\":[\"News da smeup\"],\"inLanguage\":\"it-IT\",\"potentialAction\":[{\"@type\":\"CommentAction\",\"name\":\"Comment\",\"target\":[\"https:\\\/\\\/www.smeup.com\\\/magazine\\\/blog\\\/coronavirus-e-lavoro-come-sono-cambiate-assunzioni-e-ricerche-di-lavoro\\\/#respond\"]}]},{\"@type\":\"WebPage\",\"@id\":\"https:\\\/\\\/www.smeup.com\\\/magazine\\\/blog\\\/coronavirus-e-lavoro-come-sono-cambiate-assunzioni-e-ricerche-di-lavoro\\\/\",\"url\":\"https:\\\/\\\/www.smeup.com\\\/magazine\\\/blog\\\/coronavirus-e-lavoro-come-sono-cambiate-assunzioni-e-ricerche-di-lavoro\\\/\",\"name\":\"Coronavirus e lavoro : come sono cambiate assunzioni e ricerche di lavoro\",\"isPartOf\":{\"@id\":\"https:\\\/\\\/www.smeup.com\\\/magazine\\\/#website\"},\"primaryImageOfPage\":{\"@id\":\"https:\\\/\\\/www.smeup.com\\\/magazine\\\/blog\\\/coronavirus-e-lavoro-come-sono-cambiate-assunzioni-e-ricerche-di-lavoro\\\/#primaryimage\"},\"image\":{\"@id\":\"https:\\\/\\\/www.smeup.com\\\/magazine\\\/blog\\\/coronavirus-e-lavoro-come-sono-cambiate-assunzioni-e-ricerche-di-lavoro\\\/#primaryimage\"},\"thumbnailUrl\":\"https:\\\/\\\/www.smeup.com\\\/magazine\\\/wp-content\\\/uploads\\\/sites\\\/5\\\/2021\\\/03\\\/coronavirus-e-lavoro-come-sono-cambiate-assunzioni-e-ricerche-di-lavoro.png\",\"datePublished\":\"2020-05-11T04:00:37+00:00\",\"author\":{\"@id\":\"https:\\\/\\\/www.smeup.com\\\/magazine\\\/#\\\/schema\\\/person\\\/194a55d96e7e52223a84ff78468bf5c7\"},\"description\":\"Coronavirus e lavoro: cos'\u00e8 successo nell'ambito delle ricerche di lavoro e delle assunzioni? Una ricerca svolta da Linkedin mostra che gli effetti del Coronavirus non hanno tardato a farsi sentire. Ma registra anche alcuni segnali positivi di ripresa.\",\"breadcrumb\":{\"@id\":\"https:\\\/\\\/www.smeup.com\\\/magazine\\\/blog\\\/coronavirus-e-lavoro-come-sono-cambiate-assunzioni-e-ricerche-di-lavoro\\\/#breadcrumb\"},\"inLanguage\":\"it-IT\",\"potentialAction\":[{\"@type\":\"ReadAction\",\"target\":[\"https:\\\/\\\/www.smeup.com\\\/magazine\\\/blog\\\/coronavirus-e-lavoro-come-sono-cambiate-assunzioni-e-ricerche-di-lavoro\\\/\"]}]},{\"@type\":\"ImageObject\",\"inLanguage\":\"it-IT\",\"@id\":\"https:\\\/\\\/www.smeup.com\\\/magazine\\\/blog\\\/coronavirus-e-lavoro-come-sono-cambiate-assunzioni-e-ricerche-di-lavoro\\\/#primaryimage\",\"url\":\"https:\\\/\\\/www.smeup.com\\\/magazine\\\/wp-content\\\/uploads\\\/sites\\\/5\\\/2021\\\/03\\\/coronavirus-e-lavoro-come-sono-cambiate-assunzioni-e-ricerche-di-lavoro.png\",\"contentUrl\":\"https:\\\/\\\/www.smeup.com\\\/magazine\\\/wp-content\\\/uploads\\\/sites\\\/5\\\/2021\\\/03\\\/coronavirus-e-lavoro-come-sono-cambiate-assunzioni-e-ricerche-di-lavoro.png\",\"width\":1600,\"height\":1067},{\"@type\":\"BreadcrumbList\",\"@id\":\"https:\\\/\\\/www.smeup.com\\\/magazine\\\/blog\\\/coronavirus-e-lavoro-come-sono-cambiate-assunzioni-e-ricerche-di-lavoro\\\/#breadcrumb\",\"itemListElement\":[{\"@type\":\"ListItem\",\"position\":1,\"name\":\"Home\",\"item\":\"https:\\\/\\\/www.smeup.com\\\/magazine\\\/\"},{\"@type\":\"ListItem\",\"position\":2,\"name\":\"Coronavirus e lavoro: come sono cambiate assunzioni e ricerche di lavoro\"}]},{\"@type\":\"WebSite\",\"@id\":\"https:\\\/\\\/www.smeup.com\\\/magazine\\\/#website\",\"url\":\"https:\\\/\\\/www.smeup.com\\\/magazine\\\/\",\"name\":\"Magazine\",\"description\":\"smeup\",\"potentialAction\":[{\"@type\":\"SearchAction\",\"target\":{\"@type\":\"EntryPoint\",\"urlTemplate\":\"https:\\\/\\\/www.smeup.com\\\/magazine\\\/?s={search_term_string}\"},\"query-input\":{\"@type\":\"PropertyValueSpecification\",\"valueRequired\":true,\"valueName\":\"search_term_string\"}}],\"inLanguage\":\"it-IT\"},{\"@type\":\"Person\",\"@id\":\"https:\\\/\\\/www.smeup.com\\\/magazine\\\/#\\\/schema\\\/person\\\/194a55d96e7e52223a84ff78468bf5c7\",\"name\":\"smeup\",\"image\":{\"@type\":\"ImageObject\",\"inLanguage\":\"it-IT\",\"@id\":\"https:\\\/\\\/secure.gravatar.com\\\/avatar\\\/a88cc3ad6c0af01768fe2ac47c88a321699d97ced53c173f66ceaa51400f43ca?s=96&d=mm&r=g\",\"url\":\"https:\\\/\\\/secure.gravatar.com\\\/avatar\\\/a88cc3ad6c0af01768fe2ac47c88a321699d97ced53c173f66ceaa51400f43ca?s=96&d=mm&r=g\",\"contentUrl\":\"https:\\\/\\\/secure.gravatar.com\\\/avatar\\\/a88cc3ad6c0af01768fe2ac47c88a321699d97ced53c173f66ceaa51400f43ca?s=96&d=mm&r=g\",\"caption\":\"smeup\"},\"sameAs\":[\"https:\\\/\\\/www.smeup.com\"],\"url\":\"https:\\\/\\\/www.smeup.com\\\/magazine\\\/blog\\\/author\\\/admin\\\/\"}]}<\/script>\n<!-- \/ Yoast SEO plugin. -->","yoast_head_json":{"title":"Coronavirus e lavoro : come sono cambiate assunzioni e ricerche di lavoro","description":"Coronavirus e lavoro: cos'\u00e8 successo nell'ambito delle ricerche di lavoro e delle assunzioni? Una ricerca svolta da Linkedin mostra che gli effetti del Coronavirus non hanno tardato a farsi sentire. Ma registra anche alcuni segnali positivi di ripresa.","robots":{"index":"index","follow":"follow","max-snippet":"max-snippet:-1","max-image-preview":"max-image-preview:large","max-video-preview":"max-video-preview:-1"},"canonical":"https:\/\/www.smeup.com\/magazine\/blog\/coronavirus-e-lavoro-come-sono-cambiate-assunzioni-e-ricerche-di-lavoro\/","og_locale":"it_IT","og_type":"article","og_title":"Coronavirus e lavoro : come sono cambiate assunzioni e ricerche di lavoro","og_description":"Coronavirus e lavoro: cos'\u00e8 successo nell'ambito delle ricerche di lavoro e delle assunzioni? Una ricerca svolta da Linkedin mostra che gli effetti del Coronavirus non hanno tardato a farsi sentire. Ma registra anche alcuni segnali positivi di ripresa.","og_url":"https:\/\/www.smeup.com\/magazine\/blog\/coronavirus-e-lavoro-come-sono-cambiate-assunzioni-e-ricerche-di-lavoro\/","og_site_name":"Magazine","article_published_time":"2020-05-11T04:00:37+00:00","og_image":[{"width":1600,"height":1067,"url":"https:\/\/www.smeup.com\/magazine\/wp-content\/uploads\/sites\/5\/2021\/03\/coronavirus-e-lavoro-come-sono-cambiate-assunzioni-e-ricerche-di-lavoro.png","type":"image\/png"}],"author":"smeup","twitter_card":"summary_large_image","twitter_misc":{"Scritto da":"smeup","Tempo di lettura stimato":"2 minuti"},"schema":{"@context":"https:\/\/schema.org","@graph":[{"@type":"Article","@id":"https:\/\/www.smeup.com\/magazine\/blog\/coronavirus-e-lavoro-come-sono-cambiate-assunzioni-e-ricerche-di-lavoro\/#article","isPartOf":{"@id":"https:\/\/www.smeup.com\/magazine\/blog\/coronavirus-e-lavoro-come-sono-cambiate-assunzioni-e-ricerche-di-lavoro\/"},"author":{"name":"smeup","@id":"https:\/\/www.smeup.com\/magazine\/#\/schema\/person\/194a55d96e7e52223a84ff78468bf5c7"},"headline":"Coronavirus e lavoro: come sono cambiate assunzioni e ricerche di lavoro","datePublished":"2020-05-11T04:00:37+00:00","mainEntityOfPage":{"@id":"https:\/\/www.smeup.com\/magazine\/blog\/coronavirus-e-lavoro-come-sono-cambiate-assunzioni-e-ricerche-di-lavoro\/"},"wordCount":421,"commentCount":0,"image":{"@id":"https:\/\/www.smeup.com\/magazine\/blog\/coronavirus-e-lavoro-come-sono-cambiate-assunzioni-e-ricerche-di-lavoro\/#primaryimage"},"thumbnailUrl":"https:\/\/www.smeup.com\/magazine\/wp-content\/uploads\/sites\/5\/2021\/03\/coronavirus-e-lavoro-come-sono-cambiate-assunzioni-e-ricerche-di-lavoro.png","keywords":["ricerche di lavoro","situazione occupazionale"],"articleSection":["News da smeup"],"inLanguage":"it-IT","potentialAction":[{"@type":"CommentAction","name":"Comment","target":["https:\/\/www.smeup.com\/magazine\/blog\/coronavirus-e-lavoro-come-sono-cambiate-assunzioni-e-ricerche-di-lavoro\/#respond"]}]},{"@type":"WebPage","@id":"https:\/\/www.smeup.com\/magazine\/blog\/coronavirus-e-lavoro-come-sono-cambiate-assunzioni-e-ricerche-di-lavoro\/","url":"https:\/\/www.smeup.com\/magazine\/blog\/coronavirus-e-lavoro-come-sono-cambiate-assunzioni-e-ricerche-di-lavoro\/","name":"Coronavirus e lavoro : come sono cambiate assunzioni e ricerche di lavoro","isPartOf":{"@id":"https:\/\/www.smeup.com\/magazine\/#website"},"primaryImageOfPage":{"@id":"https:\/\/www.smeup.com\/magazine\/blog\/coronavirus-e-lavoro-come-sono-cambiate-assunzioni-e-ricerche-di-lavoro\/#primaryimage"},"image":{"@id":"https:\/\/www.smeup.com\/magazine\/blog\/coronavirus-e-lavoro-come-sono-cambiate-assunzioni-e-ricerche-di-lavoro\/#primaryimage"},"thumbnailUrl":"https:\/\/www.smeup.com\/magazine\/wp-content\/uploads\/sites\/5\/2021\/03\/coronavirus-e-lavoro-come-sono-cambiate-assunzioni-e-ricerche-di-lavoro.png","datePublished":"2020-05-11T04:00:37+00:00","author":{"@id":"https:\/\/www.smeup.com\/magazine\/#\/schema\/person\/194a55d96e7e52223a84ff78468bf5c7"},"description":"Coronavirus e lavoro: cos'\u00e8 successo nell'ambito delle ricerche di lavoro e delle assunzioni? Una ricerca svolta da Linkedin mostra che gli effetti del Coronavirus non hanno tardato a farsi sentire. Ma registra anche alcuni segnali positivi di ripresa.","breadcrumb":{"@id":"https:\/\/www.smeup.com\/magazine\/blog\/coronavirus-e-lavoro-come-sono-cambiate-assunzioni-e-ricerche-di-lavoro\/#breadcrumb"},"inLanguage":"it-IT","potentialAction":[{"@type":"ReadAction","target":["https:\/\/www.smeup.com\/magazine\/blog\/coronavirus-e-lavoro-come-sono-cambiate-assunzioni-e-ricerche-di-lavoro\/"]}]},{"@type":"ImageObject","inLanguage":"it-IT","@id":"https:\/\/www.smeup.com\/magazine\/blog\/coronavirus-e-lavoro-come-sono-cambiate-assunzioni-e-ricerche-di-lavoro\/#primaryimage","url":"https:\/\/www.smeup.com\/magazine\/wp-content\/uploads\/sites\/5\/2021\/03\/coronavirus-e-lavoro-come-sono-cambiate-assunzioni-e-ricerche-di-lavoro.png","contentUrl":"https:\/\/www.smeup.com\/magazine\/wp-content\/uploads\/sites\/5\/2021\/03\/coronavirus-e-lavoro-come-sono-cambiate-assunzioni-e-ricerche-di-lavoro.png","width":1600,"height":1067},{"@type":"BreadcrumbList","@id":"https:\/\/www.smeup.com\/magazine\/blog\/coronavirus-e-lavoro-come-sono-cambiate-assunzioni-e-ricerche-di-lavoro\/#breadcrumb","itemListElement":[{"@type":"ListItem","position":1,"name":"Home","item":"https:\/\/www.smeup.com\/magazine\/"},{"@type":"ListItem","position":2,"name":"Coronavirus e lavoro: come sono cambiate assunzioni e ricerche di lavoro"}]},{"@type":"WebSite","@id":"https:\/\/www.smeup.com\/magazine\/#website","url":"https:\/\/www.smeup.com\/magazine\/","name":"Magazine","description":"smeup","potentialAction":[{"@type":"SearchAction","target":{"@type":"EntryPoint","urlTemplate":"https:\/\/www.smeup.com\/magazine\/?s={search_term_string}"},"query-input":{"@type":"PropertyValueSpecification","valueRequired":true,"valueName":"search_term_string"}}],"inLanguage":"it-IT"},{"@type":"Person","@id":"https:\/\/www.smeup.com\/magazine\/#\/schema\/person\/194a55d96e7e52223a84ff78468bf5c7","name":"smeup","image":{"@type":"ImageObject","inLanguage":"it-IT","@id":"https:\/\/secure.gravatar.com\/avatar\/a88cc3ad6c0af01768fe2ac47c88a321699d97ced53c173f66ceaa51400f43ca?s=96&d=mm&r=g","url":"https:\/\/secure.gravatar.com\/avatar\/a88cc3ad6c0af01768fe2ac47c88a321699d97ced53c173f66ceaa51400f43ca?s=96&d=mm&r=g","contentUrl":"https:\/\/secure.gravatar.com\/avatar\/a88cc3ad6c0af01768fe2ac47c88a321699d97ced53c173f66ceaa51400f43ca?s=96&d=mm&r=g","caption":"smeup"},"sameAs":["https:\/\/www.smeup.com"],"url":"https:\/\/www.smeup.com\/magazine\/blog\/author\/admin\/"}]}},"_links":{"self":[{"href":"https:\/\/www.smeup.com\/magazine\/wp-json\/wp\/v2\/posts\/51209","targetHints":{"allow":["GET"]}}],"collection":[{"href":"https:\/\/www.smeup.com\/magazine\/wp-json\/wp\/v2\/posts"}],"about":[{"href":"https:\/\/www.smeup.com\/magazine\/wp-json\/wp\/v2\/types\/post"}],"author":[{"embeddable":true,"href":"https:\/\/www.smeup.com\/magazine\/wp-json\/wp\/v2\/users\/1"}],"replies":[{"embeddable":true,"href":"https:\/\/www.smeup.com\/magazine\/wp-json\/wp\/v2\/comments?post=51209"}],"version-history":[{"count":0,"href":"https:\/\/www.smeup.com\/magazine\/wp-json\/wp\/v2\/posts\/51209\/revisions"}],"wp:featuredmedia":[{"embeddable":true,"href":"https:\/\/www.smeup.com\/magazine\/wp-json\/wp\/v2\/media\/51210"}],"wp:attachment":[{"href":"https:\/\/www.smeup.com\/magazine\/wp-json\/wp\/v2\/media?parent=51209"}],"wp:term":[{"taxonomy":"category","embeddable":true,"href":"https:\/\/www.smeup.com\/magazine\/wp-json\/wp\/v2\/categories?post=51209"},{"taxonomy":"post_tag","embeddable":true,"href":"https:\/\/www.smeup.com\/magazine\/wp-json\/wp\/v2\/tags?post=51209"}],"curies":[{"name":"wp","href":"https:\/\/api.w.org\/{rel}","templated":true}]}}