{"id":51240,"date":"2020-05-20T06:00:06","date_gmt":"2020-05-20T04:00:06","guid":{"rendered":"http:\/\/smeupnew.it\/magazine\/blog\/aziende-e-ripartenza-riapertura-covid-19\/"},"modified":"2020-05-20T06:00:06","modified_gmt":"2020-05-20T04:00:06","slug":"aziende-e-ripartenza-riapertura-covid-19","status":"publish","type":"post","link":"https:\/\/www.smeup.com\/magazine\/blog\/aziende-e-ripartenza-riapertura-covid-19\/","title":{"rendered":"Aziende e ripartenza: due diversi scenari per la riapertura post Covid"},"content":{"rendered":"<p><span style=\"font-weight: 400;\">Dal 4 maggio, l\u2019Italia ha iniziato un lento percorso verso la <strong>riapertura<\/strong>, che si \u00e8 concretizzato maggiormente a partire dal 18 maggio, data che ha visto la ripartenza delle aziende produttive ma anche dei negozi e altri esercizi commerciali al dettaglio. Riapertura delle aziende e ripartenza delle attivit\u00e0 commerciali \u00e8 stato sicuramente il pensiero chiave di questo periodo di lockdown appena terminato, in cui abbiamo visto le <strong>ripercussioni<\/strong> della pandemia sul <strong>tessuto economico<\/strong> oltre che sociale. Tutte le aziende del territorio hanno infatti subito una forte battuta d\u2019arresto con un peso economico importante.<br \/>\nLa ripartenza prospetta sicuramente una prospettiva di miglioramento, ma qual \u00e8 lo scenario che si aprir\u00e0 nei <strong>prossimi mesi<\/strong>?\u00a0<\/span><\/p>\n<h5>La situazione ad oggi<\/h5>\n<p><span style=\"font-weight: 400;\">Cerved, uno dei principali operatori italiani nella gestione del rischio di credito, ha svolto uno <\/span><a href=\"https:\/\/know.cerved.com\/wp-content\/uploads\/2020\/03\/Cerved-Industry-Forecast_COVID19-.pdf\"><span style=\"font-weight: 400;\">studio<\/span><\/a><span style=\"font-weight: 400;\"> che riporta l\u2019analisi delle ripercussioni economiche di questo lockdown sulle aziende italiane e prevede <strong>due possibili scenari<\/strong> per i prossimi mesi di riapertura.\u00a0<\/span><span style=\"font-weight: 400;\">Lo studio ha stimato che nel 2020 le imprese italiane vedranno un <strong>calo<\/strong> del proprio fatturato stimato tra il 12,7% e il 18%, per una perdita tra i 348 e i 457 miliardi di euro.Se la riapertura proseguir\u00e0, sicuramente ci sar\u00e0 una <strong>ripresa dell&#8217;economia<\/strong>, ma comunque non sufficiente a tornare alla situazione economica pre-Covid. I ricavi, si stima, rimarrebbero comunque inferiori tra il 2,9% e il 4,3% rispetto al 2019.\u00a0<\/span><\/p>\n<p><span style=\"font-weight: 400;\">Lo studio condotto da Cerved prevede quindi due possibili scenari per la situazione economica italiana dei prossimi mesi, in base alla possibilit\u00e0 di mantenere in via definitiva la riapertura o se un aumento dei contagi costringer\u00e0 ad un nuovo lockdown.\u00a0<\/span><\/p>\n<h5>Gli scenari per il futuro<span style=\"font-weight: 400;\">\u00a0<\/span><\/h5>\n<p><span style=\"font-weight: 400;\">Lo studio prevede quindi uno scenario pi\u00f9 soft, in cui non saranno necessari ulteriori periodi di lockdown, e uno pi\u00f9 pessimistico, nel caso in cui la curva dei contagi dovesse risalire costringendo a un nuovo periodo di chiusura e di fermo delle attivit\u00e0 produttive. Si tratta di un\u2019analisi sviluppata da parte degli analisti di Cerved su modelli statistici per lo cui sono stati monitorati circa 1.600 microsettori e sotto-mercati.<\/span><\/p>\n<p><span style=\"font-weight: 400;\">La prima ipotesi, quella secondo la quale non ci saranno ulteriori fermi per le aziende, \u00e8 quella pi\u00f9 ottimista perch\u00e9 il 2021 sarebbe caratterizzato da una<strong> fase di recupero<\/strong>. Lo scenario prevederebbe infatti un rimbalzo in positivo della situazione economica delle aziende, anche se si stima che anche nel 2021 la situazione stenterebbe a superare i livelli del 2019.<br \/>\n<\/span><span style=\"font-weight: 400;\"><br \/>\nIl secondo scenario, quello pi\u00f9 pessimista, \u00e8 quello che prevede una difficolt\u00e0 economica pi\u00f9 marcata e una <strong>ripresa pi\u00f9 lenta<\/strong>, dovute appunto a un ipotetico ritorno al lockdown, che verosimilmente potrebbe essere a livello territoriale ma che avrebbe comunque ripercussioni su tutto il tessuto economico nazionale.\u00a0<\/span><span style=\"font-weight: 400;\">Questa seconda opzione vedrebbe un calo del fatturato per le imprese italiane di circa il 18% e una riduzione del PIL compresa tra l&#8217;8% e il 12%.<\/span><\/p>\n<h5>I settori pi\u00f9 colpiti<\/h5>\n<p><span style=\"font-weight: 400;\">Questo periodo di lockdown ha avuto un impatto incisivo per tutte le imprese italiane, ma ha avuto ripercussioni pi\u00f9 pesanti per alcuni settori. Quelli che sono stati maggiormente colpiti in questo periodo sono sicuramente quelli dei <strong>mezzi di trasporto e della logistica<\/strong> e dei servizi non finanziari, settori che hanno visto un calo tra il 6% e il 7,6%.\u00a0<\/span><\/p>\n<p><span style=\"font-weight: 400;\">Altra industria duramente colpita dalla pandemia \u00e8 quella cinematografica e pi\u00f9 in generale dello<strong> spettacolo<\/strong>, che anche in uno scenario ottimistico, si prevede subir\u00e0 un calo del 65%, superando le ripercussioni subite dal settore dei trasporti aerei che si stima avranno un calo del 50%, leggermente superiore a quello che si ripercuoter\u00e0 sulle <strong>strutture alberghiere e ricettive e sulle agenzie viaggi<\/strong> che vedranno una riduzione del fatturato di almeno 43%. <\/span><span style=\"font-weight: 400;\">Anche il settore della <strong>ristorazione<\/strong> ha subito in questo periodo una brusca battuta d&#8217;arresto e si prevede, nello scenario pi\u00f9 ottimistico, una riduzione del fatturato di almeno 33%.<\/span><\/p>\n<p><span style=\"font-weight: 400;\">Settori che non hanno subito danni ma hanno visto anche un lieve aumento in questo frangente sono quelli dell&#8217;<strong>industria chimica e farmaceutica<\/strong> e dell&#8217;elettronica e informatica, con una forte crescita del <strong>commercio online<\/strong> che vede invece una tendenza positiva con un aumento del 35% circa.<\/span><\/p>\n<p>&nbsp;<\/p>\n","protected":false},"excerpt":{"rendered":"<p>Riapertura delle aziende e ripartenza delle attivit\u00e0 commerciali \u00e8 stato sicuramente il pensiero chiave di questo periodo di lockdown appena terminato. La ripartenza prospetta sicuramente una prospettiva di miglioramento, ma qual \u00e8 lo scenario che si aprir\u00e0 nei prossimi mesi?\u00a0<\/p>\n","protected":false},"author":1,"featured_media":51241,"comment_status":"open","ping_status":"open","sticky":false,"template":"","format":"standard","meta":{"_acf_changed":false,"footnotes":""},"categories":[1],"tags":[6795,6796,6797],"class_list":["post-51240","post","type-post","status-publish","format-standard","has-post-thumbnail","hentry","category-news-da-smeup","tag-riapertura-delle-imprese","tag-rilancio-economia","tag-ripartenza-economica"],"acf":[],"yoast_head":"<!-- This site is optimized with the Yoast SEO plugin v27.5 - https:\/\/yoast.com\/product\/yoast-seo-wordpress\/ -->\n<title>Aziende e ripartenza: due diversi scenari per la riapertura post Covid<\/title>\n<meta name=\"description\" content=\"Riapertura delle aziende e ripartenza delle attivit\u00e0 commerciali \u00e8 stato sicuramente il pensiero chiave di questo periodo di lockdown appena terminato. La ripartenza prospetta sicuramente una prospettiva di miglioramento, ma qual \u00e8 lo scenario che si aprir\u00e0 nei prossimi mesi?\u00a0\" \/>\n<meta name=\"robots\" content=\"index, follow, max-snippet:-1, max-image-preview:large, max-video-preview:-1\" \/>\n<link rel=\"canonical\" href=\"https:\/\/www.smeup.com\/magazine\/blog\/aziende-e-ripartenza-riapertura-covid-19\/\" \/>\n<meta property=\"og:locale\" content=\"it_IT\" \/>\n<meta property=\"og:type\" content=\"article\" \/>\n<meta property=\"og:title\" content=\"Aziende e ripartenza: due diversi scenari per la riapertura post Covid\" \/>\n<meta property=\"og:description\" content=\"Riapertura delle aziende e ripartenza delle attivit\u00e0 commerciali \u00e8 stato sicuramente il pensiero chiave di questo periodo di lockdown appena terminato. La ripartenza prospetta sicuramente una prospettiva di miglioramento, ma qual \u00e8 lo scenario che si aprir\u00e0 nei prossimi mesi?\u00a0\" \/>\n<meta property=\"og:url\" content=\"https:\/\/www.smeup.com\/magazine\/blog\/aziende-e-ripartenza-riapertura-covid-19\/\" \/>\n<meta property=\"og:site_name\" content=\"Magazine\" \/>\n<meta property=\"article:published_time\" content=\"2020-05-20T04:00:06+00:00\" \/>\n<meta property=\"og:image\" content=\"https:\/\/www.smeup.com\/magazine\/wp-content\/uploads\/sites\/5\/2021\/03\/aziende-e-ripartenza-riapertura-covid-19.png\" \/>\n\t<meta property=\"og:image:width\" content=\"1600\" \/>\n\t<meta property=\"og:image:height\" content=\"1060\" \/>\n\t<meta property=\"og:image:type\" content=\"image\/png\" \/>\n<meta name=\"author\" content=\"smeup\" \/>\n<meta name=\"twitter:card\" content=\"summary_large_image\" \/>\n<meta name=\"twitter:label1\" content=\"Scritto da\" \/>\n\t<meta name=\"twitter:data1\" content=\"smeup\" \/>\n\t<meta name=\"twitter:label2\" content=\"Tempo di lettura stimato\" \/>\n\t<meta name=\"twitter:data2\" content=\"3 minuti\" \/>\n<script type=\"application\/ld+json\" class=\"yoast-schema-graph\">{\"@context\":\"https:\\\/\\\/schema.org\",\"@graph\":[{\"@type\":\"Article\",\"@id\":\"https:\\\/\\\/www.smeup.com\\\/magazine\\\/blog\\\/aziende-e-ripartenza-riapertura-covid-19\\\/#article\",\"isPartOf\":{\"@id\":\"https:\\\/\\\/www.smeup.com\\\/magazine\\\/blog\\\/aziende-e-ripartenza-riapertura-covid-19\\\/\"},\"author\":{\"name\":\"smeup\",\"@id\":\"https:\\\/\\\/www.smeup.com\\\/magazine\\\/#\\\/schema\\\/person\\\/194a55d96e7e52223a84ff78468bf5c7\"},\"headline\":\"Aziende e ripartenza: due diversi scenari per la riapertura post Covid\",\"datePublished\":\"2020-05-20T04:00:06+00:00\",\"mainEntityOfPage\":{\"@id\":\"https:\\\/\\\/www.smeup.com\\\/magazine\\\/blog\\\/aziende-e-ripartenza-riapertura-covid-19\\\/\"},\"wordCount\":669,\"commentCount\":2,\"image\":{\"@id\":\"https:\\\/\\\/www.smeup.com\\\/magazine\\\/blog\\\/aziende-e-ripartenza-riapertura-covid-19\\\/#primaryimage\"},\"thumbnailUrl\":\"https:\\\/\\\/www.smeup.com\\\/magazine\\\/wp-content\\\/uploads\\\/sites\\\/5\\\/2021\\\/03\\\/aziende-e-ripartenza-riapertura-covid-19.png\",\"keywords\":[\"riapertura delle imprese\",\"rilancio economia\",\"ripartenza economica\"],\"articleSection\":[\"News da smeup\"],\"inLanguage\":\"it-IT\",\"potentialAction\":[{\"@type\":\"CommentAction\",\"name\":\"Comment\",\"target\":[\"https:\\\/\\\/www.smeup.com\\\/magazine\\\/blog\\\/aziende-e-ripartenza-riapertura-covid-19\\\/#respond\"]}]},{\"@type\":\"WebPage\",\"@id\":\"https:\\\/\\\/www.smeup.com\\\/magazine\\\/blog\\\/aziende-e-ripartenza-riapertura-covid-19\\\/\",\"url\":\"https:\\\/\\\/www.smeup.com\\\/magazine\\\/blog\\\/aziende-e-ripartenza-riapertura-covid-19\\\/\",\"name\":\"Aziende e ripartenza: due diversi scenari per la riapertura post Covid\",\"isPartOf\":{\"@id\":\"https:\\\/\\\/www.smeup.com\\\/magazine\\\/#website\"},\"primaryImageOfPage\":{\"@id\":\"https:\\\/\\\/www.smeup.com\\\/magazine\\\/blog\\\/aziende-e-ripartenza-riapertura-covid-19\\\/#primaryimage\"},\"image\":{\"@id\":\"https:\\\/\\\/www.smeup.com\\\/magazine\\\/blog\\\/aziende-e-ripartenza-riapertura-covid-19\\\/#primaryimage\"},\"thumbnailUrl\":\"https:\\\/\\\/www.smeup.com\\\/magazine\\\/wp-content\\\/uploads\\\/sites\\\/5\\\/2021\\\/03\\\/aziende-e-ripartenza-riapertura-covid-19.png\",\"datePublished\":\"2020-05-20T04:00:06+00:00\",\"author\":{\"@id\":\"https:\\\/\\\/www.smeup.com\\\/magazine\\\/#\\\/schema\\\/person\\\/194a55d96e7e52223a84ff78468bf5c7\"},\"description\":\"Riapertura delle aziende e ripartenza delle attivit\u00e0 commerciali \u00e8 stato sicuramente il pensiero chiave di questo periodo di lockdown appena terminato. La ripartenza prospetta sicuramente una prospettiva di miglioramento, ma qual \u00e8 lo scenario che si aprir\u00e0 nei prossimi mesi?\u00a0\",\"breadcrumb\":{\"@id\":\"https:\\\/\\\/www.smeup.com\\\/magazine\\\/blog\\\/aziende-e-ripartenza-riapertura-covid-19\\\/#breadcrumb\"},\"inLanguage\":\"it-IT\",\"potentialAction\":[{\"@type\":\"ReadAction\",\"target\":[\"https:\\\/\\\/www.smeup.com\\\/magazine\\\/blog\\\/aziende-e-ripartenza-riapertura-covid-19\\\/\"]}]},{\"@type\":\"ImageObject\",\"inLanguage\":\"it-IT\",\"@id\":\"https:\\\/\\\/www.smeup.com\\\/magazine\\\/blog\\\/aziende-e-ripartenza-riapertura-covid-19\\\/#primaryimage\",\"url\":\"https:\\\/\\\/www.smeup.com\\\/magazine\\\/wp-content\\\/uploads\\\/sites\\\/5\\\/2021\\\/03\\\/aziende-e-ripartenza-riapertura-covid-19.png\",\"contentUrl\":\"https:\\\/\\\/www.smeup.com\\\/magazine\\\/wp-content\\\/uploads\\\/sites\\\/5\\\/2021\\\/03\\\/aziende-e-ripartenza-riapertura-covid-19.png\",\"width\":1600,\"height\":1060},{\"@type\":\"BreadcrumbList\",\"@id\":\"https:\\\/\\\/www.smeup.com\\\/magazine\\\/blog\\\/aziende-e-ripartenza-riapertura-covid-19\\\/#breadcrumb\",\"itemListElement\":[{\"@type\":\"ListItem\",\"position\":1,\"name\":\"Home\",\"item\":\"https:\\\/\\\/www.smeup.com\\\/magazine\\\/\"},{\"@type\":\"ListItem\",\"position\":2,\"name\":\"Aziende e ripartenza: due diversi scenari per la riapertura post Covid\"}]},{\"@type\":\"WebSite\",\"@id\":\"https:\\\/\\\/www.smeup.com\\\/magazine\\\/#website\",\"url\":\"https:\\\/\\\/www.smeup.com\\\/magazine\\\/\",\"name\":\"Magazine\",\"description\":\"smeup\",\"potentialAction\":[{\"@type\":\"SearchAction\",\"target\":{\"@type\":\"EntryPoint\",\"urlTemplate\":\"https:\\\/\\\/www.smeup.com\\\/magazine\\\/?s={search_term_string}\"},\"query-input\":{\"@type\":\"PropertyValueSpecification\",\"valueRequired\":true,\"valueName\":\"search_term_string\"}}],\"inLanguage\":\"it-IT\"},{\"@type\":\"Person\",\"@id\":\"https:\\\/\\\/www.smeup.com\\\/magazine\\\/#\\\/schema\\\/person\\\/194a55d96e7e52223a84ff78468bf5c7\",\"name\":\"smeup\",\"image\":{\"@type\":\"ImageObject\",\"inLanguage\":\"it-IT\",\"@id\":\"https:\\\/\\\/secure.gravatar.com\\\/avatar\\\/a88cc3ad6c0af01768fe2ac47c88a321699d97ced53c173f66ceaa51400f43ca?s=96&d=mm&r=g\",\"url\":\"https:\\\/\\\/secure.gravatar.com\\\/avatar\\\/a88cc3ad6c0af01768fe2ac47c88a321699d97ced53c173f66ceaa51400f43ca?s=96&d=mm&r=g\",\"contentUrl\":\"https:\\\/\\\/secure.gravatar.com\\\/avatar\\\/a88cc3ad6c0af01768fe2ac47c88a321699d97ced53c173f66ceaa51400f43ca?s=96&d=mm&r=g\",\"caption\":\"smeup\"},\"sameAs\":[\"https:\\\/\\\/www.smeup.com\"],\"url\":\"https:\\\/\\\/www.smeup.com\\\/magazine\\\/blog\\\/author\\\/admin\\\/\"}]}<\/script>\n<!-- \/ Yoast SEO plugin. -->","yoast_head_json":{"title":"Aziende e ripartenza: due diversi scenari per la riapertura post Covid","description":"Riapertura delle aziende e ripartenza delle attivit\u00e0 commerciali \u00e8 stato sicuramente il pensiero chiave di questo periodo di lockdown appena terminato. La ripartenza prospetta sicuramente una prospettiva di miglioramento, ma qual \u00e8 lo scenario che si aprir\u00e0 nei prossimi mesi?\u00a0","robots":{"index":"index","follow":"follow","max-snippet":"max-snippet:-1","max-image-preview":"max-image-preview:large","max-video-preview":"max-video-preview:-1"},"canonical":"https:\/\/www.smeup.com\/magazine\/blog\/aziende-e-ripartenza-riapertura-covid-19\/","og_locale":"it_IT","og_type":"article","og_title":"Aziende e ripartenza: due diversi scenari per la riapertura post Covid","og_description":"Riapertura delle aziende e ripartenza delle attivit\u00e0 commerciali \u00e8 stato sicuramente il pensiero chiave di questo periodo di lockdown appena terminato. La ripartenza prospetta sicuramente una prospettiva di miglioramento, ma qual \u00e8 lo scenario che si aprir\u00e0 nei prossimi mesi?\u00a0","og_url":"https:\/\/www.smeup.com\/magazine\/blog\/aziende-e-ripartenza-riapertura-covid-19\/","og_site_name":"Magazine","article_published_time":"2020-05-20T04:00:06+00:00","og_image":[{"width":1600,"height":1060,"url":"https:\/\/www.smeup.com\/magazine\/wp-content\/uploads\/sites\/5\/2021\/03\/aziende-e-ripartenza-riapertura-covid-19.png","type":"image\/png"}],"author":"smeup","twitter_card":"summary_large_image","twitter_misc":{"Scritto da":"smeup","Tempo di lettura stimato":"3 minuti"},"schema":{"@context":"https:\/\/schema.org","@graph":[{"@type":"Article","@id":"https:\/\/www.smeup.com\/magazine\/blog\/aziende-e-ripartenza-riapertura-covid-19\/#article","isPartOf":{"@id":"https:\/\/www.smeup.com\/magazine\/blog\/aziende-e-ripartenza-riapertura-covid-19\/"},"author":{"name":"smeup","@id":"https:\/\/www.smeup.com\/magazine\/#\/schema\/person\/194a55d96e7e52223a84ff78468bf5c7"},"headline":"Aziende e ripartenza: due diversi scenari per la riapertura post Covid","datePublished":"2020-05-20T04:00:06+00:00","mainEntityOfPage":{"@id":"https:\/\/www.smeup.com\/magazine\/blog\/aziende-e-ripartenza-riapertura-covid-19\/"},"wordCount":669,"commentCount":2,"image":{"@id":"https:\/\/www.smeup.com\/magazine\/blog\/aziende-e-ripartenza-riapertura-covid-19\/#primaryimage"},"thumbnailUrl":"https:\/\/www.smeup.com\/magazine\/wp-content\/uploads\/sites\/5\/2021\/03\/aziende-e-ripartenza-riapertura-covid-19.png","keywords":["riapertura delle imprese","rilancio economia","ripartenza economica"],"articleSection":["News da smeup"],"inLanguage":"it-IT","potentialAction":[{"@type":"CommentAction","name":"Comment","target":["https:\/\/www.smeup.com\/magazine\/blog\/aziende-e-ripartenza-riapertura-covid-19\/#respond"]}]},{"@type":"WebPage","@id":"https:\/\/www.smeup.com\/magazine\/blog\/aziende-e-ripartenza-riapertura-covid-19\/","url":"https:\/\/www.smeup.com\/magazine\/blog\/aziende-e-ripartenza-riapertura-covid-19\/","name":"Aziende e ripartenza: due diversi scenari per la riapertura post Covid","isPartOf":{"@id":"https:\/\/www.smeup.com\/magazine\/#website"},"primaryImageOfPage":{"@id":"https:\/\/www.smeup.com\/magazine\/blog\/aziende-e-ripartenza-riapertura-covid-19\/#primaryimage"},"image":{"@id":"https:\/\/www.smeup.com\/magazine\/blog\/aziende-e-ripartenza-riapertura-covid-19\/#primaryimage"},"thumbnailUrl":"https:\/\/www.smeup.com\/magazine\/wp-content\/uploads\/sites\/5\/2021\/03\/aziende-e-ripartenza-riapertura-covid-19.png","datePublished":"2020-05-20T04:00:06+00:00","author":{"@id":"https:\/\/www.smeup.com\/magazine\/#\/schema\/person\/194a55d96e7e52223a84ff78468bf5c7"},"description":"Riapertura delle aziende e ripartenza delle attivit\u00e0 commerciali \u00e8 stato sicuramente il pensiero chiave di questo periodo di lockdown appena terminato. La ripartenza prospetta sicuramente una prospettiva di miglioramento, ma qual \u00e8 lo scenario che si aprir\u00e0 nei prossimi mesi?\u00a0","breadcrumb":{"@id":"https:\/\/www.smeup.com\/magazine\/blog\/aziende-e-ripartenza-riapertura-covid-19\/#breadcrumb"},"inLanguage":"it-IT","potentialAction":[{"@type":"ReadAction","target":["https:\/\/www.smeup.com\/magazine\/blog\/aziende-e-ripartenza-riapertura-covid-19\/"]}]},{"@type":"ImageObject","inLanguage":"it-IT","@id":"https:\/\/www.smeup.com\/magazine\/blog\/aziende-e-ripartenza-riapertura-covid-19\/#primaryimage","url":"https:\/\/www.smeup.com\/magazine\/wp-content\/uploads\/sites\/5\/2021\/03\/aziende-e-ripartenza-riapertura-covid-19.png","contentUrl":"https:\/\/www.smeup.com\/magazine\/wp-content\/uploads\/sites\/5\/2021\/03\/aziende-e-ripartenza-riapertura-covid-19.png","width":1600,"height":1060},{"@type":"BreadcrumbList","@id":"https:\/\/www.smeup.com\/magazine\/blog\/aziende-e-ripartenza-riapertura-covid-19\/#breadcrumb","itemListElement":[{"@type":"ListItem","position":1,"name":"Home","item":"https:\/\/www.smeup.com\/magazine\/"},{"@type":"ListItem","position":2,"name":"Aziende e ripartenza: due diversi scenari per la riapertura post Covid"}]},{"@type":"WebSite","@id":"https:\/\/www.smeup.com\/magazine\/#website","url":"https:\/\/www.smeup.com\/magazine\/","name":"Magazine","description":"smeup","potentialAction":[{"@type":"SearchAction","target":{"@type":"EntryPoint","urlTemplate":"https:\/\/www.smeup.com\/magazine\/?s={search_term_string}"},"query-input":{"@type":"PropertyValueSpecification","valueRequired":true,"valueName":"search_term_string"}}],"inLanguage":"it-IT"},{"@type":"Person","@id":"https:\/\/www.smeup.com\/magazine\/#\/schema\/person\/194a55d96e7e52223a84ff78468bf5c7","name":"smeup","image":{"@type":"ImageObject","inLanguage":"it-IT","@id":"https:\/\/secure.gravatar.com\/avatar\/a88cc3ad6c0af01768fe2ac47c88a321699d97ced53c173f66ceaa51400f43ca?s=96&d=mm&r=g","url":"https:\/\/secure.gravatar.com\/avatar\/a88cc3ad6c0af01768fe2ac47c88a321699d97ced53c173f66ceaa51400f43ca?s=96&d=mm&r=g","contentUrl":"https:\/\/secure.gravatar.com\/avatar\/a88cc3ad6c0af01768fe2ac47c88a321699d97ced53c173f66ceaa51400f43ca?s=96&d=mm&r=g","caption":"smeup"},"sameAs":["https:\/\/www.smeup.com"],"url":"https:\/\/www.smeup.com\/magazine\/blog\/author\/admin\/"}]}},"_links":{"self":[{"href":"https:\/\/www.smeup.com\/magazine\/wp-json\/wp\/v2\/posts\/51240","targetHints":{"allow":["GET"]}}],"collection":[{"href":"https:\/\/www.smeup.com\/magazine\/wp-json\/wp\/v2\/posts"}],"about":[{"href":"https:\/\/www.smeup.com\/magazine\/wp-json\/wp\/v2\/types\/post"}],"author":[{"embeddable":true,"href":"https:\/\/www.smeup.com\/magazine\/wp-json\/wp\/v2\/users\/1"}],"replies":[{"embeddable":true,"href":"https:\/\/www.smeup.com\/magazine\/wp-json\/wp\/v2\/comments?post=51240"}],"version-history":[{"count":0,"href":"https:\/\/www.smeup.com\/magazine\/wp-json\/wp\/v2\/posts\/51240\/revisions"}],"wp:featuredmedia":[{"embeddable":true,"href":"https:\/\/www.smeup.com\/magazine\/wp-json\/wp\/v2\/media\/51241"}],"wp:attachment":[{"href":"https:\/\/www.smeup.com\/magazine\/wp-json\/wp\/v2\/media?parent=51240"}],"wp:term":[{"taxonomy":"category","embeddable":true,"href":"https:\/\/www.smeup.com\/magazine\/wp-json\/wp\/v2\/categories?post=51240"},{"taxonomy":"post_tag","embeddable":true,"href":"https:\/\/www.smeup.com\/magazine\/wp-json\/wp\/v2\/tags?post=51240"}],"curies":[{"name":"wp","href":"https:\/\/api.w.org\/{rel}","templated":true}]}}