{"id":51244,"date":"2020-05-21T06:00:55","date_gmt":"2020-05-21T04:00:55","guid":{"rendered":"http:\/\/smeupnew.it\/magazine\/blog\/ripartenza-delle-aziende-manifatturiere-fase-2-covid\/"},"modified":"2020-05-21T06:00:55","modified_gmt":"2020-05-21T04:00:55","slug":"ripartenza-delle-aziende-manifatturiere-fase-2-covid","status":"publish","type":"post","link":"https:\/\/www.smeup.com\/magazine\/blog\/ripartenza-delle-aziende-manifatturiere-fase-2-covid\/","title":{"rendered":"Ripartenza delle aziende manifatturiere: come affrontare la fase 2"},"content":{"rendered":"<p><span style=\"font-weight: 400;\">Dopo il periodo di lockdown per il contenimento della pandemia, ecco che finalmente \u00e8 arrivata la tanto attesa fase 2, che prevede la riapertura di molte attivit\u00e0 produttive e commerciali, tra cui anche la ripartenza delle aziende manifatturiere. Le condizioni per la ripresa delle attivit\u00e0 produttive sono ovviamente dettate dal rispetto delle misure di sicurezza sanitaria indicate dalle autorit\u00e0 per il contenimento della diffusione del virus all\u2019interno degli ambienti di lavoro.\u00a0<\/span><\/p>\n<p><span style=\"font-weight: 400;\">Le aziende devono quindi riorganizzarsi su due fronti: quello del rispetto delle norme di sicurezza sanitaria e quello della ripartenza dell\u2019attivit\u00e0 economica, a fronte di un periodo di fermo che avr\u00e0 ripercussioni non indifferenti per i prossimi mesi.\u00a0<\/span><\/p>\n<ul>\n<li style=\"font-weight: 400;\"><strong>Sicurezza sanitaria<\/strong><span style=\"font-weight: 400;\">: gli ambienti di lavoro dovranno essere adattati alle norme di sicurezza indicate dalle autorit\u00e0 sanitarie, per cui sar\u00e0 in molti casi necessario ridisegnare la disposizione e l\u2019organizzazione dei luoghi e le dinamiche delle attivit\u00e0 al fine di garantire un sufficiente distanziamento degli operatori durante le attivit\u00e0 lavorative. Una possibilit\u00e0 \u00e8 anche quella dell\u2019introduzione di un maggior numero di sistemi di automazione, in modo da consentire una minor concentrazione di personale all\u2019interno delle aree lavorative. Altra possibilit\u00e0 in questo senso, per il prossimo futuro, sar\u00e0 quella di un\u2019inversione di tendenza che vede un maggior numero di fabbriche di piccole dimensioni, pi\u00f9 distribuite sul territorio e con un quantitativo di personale ridotto, a discapito delle grandi fabbriche di oggi.<\/span><\/li>\n<li style=\"font-weight: 400;\"><strong>Valutazione della situazione economica e previsione del rischio<\/strong><span style=\"font-weight: 400;\">: elemento essenziale per la ripartenza delle aziende manifatturiere ma anche di tutte le altre attivit\u00e0 produttive \u00e8 quello di una verifica precisa della situazione economica e una previsione del rischio economico per l\u2019immediato futuro. Ogni impresa deve essere infatti pienamente consapevole del danno economico subito a causa del lockdown e delle ripercussioni che questo avr\u00e0 anche nei prossimi mesi per poter riprogettare la propria attivit\u00e0 economica con piena coscienza della situazione. Questo \u00e8 molto importante per non rischiare di effettuare azioni che potrebbero compromettere ulteriormente la situazione economica in questi mesi delicati di ripartenza.<\/span><\/li>\n<li style=\"font-weight: 400;\"><strong>Capacit\u00e0 predittive<\/strong><span style=\"font-weight: 400;\">: in questo periodo \u00e8 sicuramente difficile prevedere cosa succeder\u00e0 nei prossimi mesi, ma per le aziende che oggi ripartono \u00e8 essenziale prevedere dei possibili scenari per il prossimo futuro e stabilire in anticipo le azioni strategiche da porre in essere per ognuno di essi. Ad esempio, non \u00e8 da escludere che possa essere necessario attuare un nuovo periodo di lockdown, se dovesse esserci una nuova ondata di contagi. E\u2019 quindi opportuno prevedere scenari di questo tipo per non farsi trovare impreparati come invece \u00e8 successo quando \u00e8 scoppiata la pandemia. Prevedere alternative per la produzione, predisporre sistemi di fornitura di emergenza per non fermare l\u2019attivit\u00e0 produttiva, attuare piani di riorganizzazione rapida della logistica e altre strategie di questo tipo possono fare la differenza.\u00a0<\/span><\/li>\n<li style=\"font-weight: 400;\"><span style=\"font-weight: 400;\"><strong>Organizzazione del lavoro da remoto<\/strong>: se in questo periodo di lockdown il lavoro da remoto \u00e8 stato ancora di salvezza per molte aziende che grazie proprio allo smart working sono riuscite a mantenere una continuit\u00e0 operativa almeno parziale, \u00e8 importante che adesso che si potr\u00e0 di nuovo accedere ai luoghi di lavoro le imprese non accantonino questa modalit\u00e0 lavorativa. Lo smart working, come abbiamo capito in questi mesi, fa parte del lavoro del futuro, ma dell\u2019immediato futuro: \u00e8 importante investire quindi sull&#8217;attuazione e l\u2019ottimizzazione di questa nuova cultura lavorativa, con l\u2019implementazione degli strumenti e delle tecnologie digitali e ampliando la possibilit\u00e0 del lavoro da remoto a un bacino maggiore di figure professionali.\u00a0<\/span><\/li>\n<\/ul>\n","protected":false},"excerpt":{"rendered":"<p>Dopo il periodo di lockdown, finalmente \u00e8 arrivata la tanto attesa fase 2, che prevede la riapertura di molte attivit\u00e0 produttive e commerciali, tra cui anche la ripartenza delle aziende manifatturiere. Vediamo quindi i punti principali di cui aziende dovranno tenere conto in questa fase di ripartenza.<\/p>\n","protected":false},"author":1,"featured_media":51245,"comment_status":"open","ping_status":"open","sticky":false,"template":"","format":"standard","meta":{"_acf_changed":false,"footnotes":""},"categories":[1],"tags":[6798,6799,6795,6770],"class_list":["post-51244","post","type-post","status-publish","format-standard","has-post-thumbnail","hentry","category-news-da-smeup","tag-imprese-manifatturiere","tag-manifattura","tag-riapertura-delle-imprese","tag-ripartenza"],"acf":[],"yoast_head":"<!-- This site is optimized with the Yoast SEO plugin v27.5 - https:\/\/yoast.com\/product\/yoast-seo-wordpress\/ -->\n<title>Ripartenza delle aziende manifatturiere : come affrontare la fase 2<\/title>\n<meta name=\"description\" content=\"Dopo il periodo di lockdown, finalmente \u00e8 arrivata la tanto attesa fase 2, che prevede la riapertura di molte attivit\u00e0 produttive e commerciali, tra cui anche la ripartenza delle aziende manifatturiere. Vediamo quindi i punti principali di cui aziende dovranno tenere conto in questa fase di ripartenza.\" \/>\n<meta name=\"robots\" content=\"index, follow, max-snippet:-1, max-image-preview:large, max-video-preview:-1\" \/>\n<link rel=\"canonical\" href=\"https:\/\/www.smeup.com\/magazine\/blog\/ripartenza-delle-aziende-manifatturiere-fase-2-covid\/\" \/>\n<meta property=\"og:locale\" content=\"it_IT\" \/>\n<meta property=\"og:type\" content=\"article\" \/>\n<meta property=\"og:title\" content=\"Ripartenza delle aziende manifatturiere : come affrontare la fase 2\" \/>\n<meta property=\"og:description\" content=\"Dopo il periodo di lockdown, finalmente \u00e8 arrivata la tanto attesa fase 2, che prevede la riapertura di molte attivit\u00e0 produttive e commerciali, tra cui anche la ripartenza delle aziende manifatturiere. Vediamo quindi i punti principali di cui aziende dovranno tenere conto in questa fase di ripartenza.\" \/>\n<meta property=\"og:url\" content=\"https:\/\/www.smeup.com\/magazine\/blog\/ripartenza-delle-aziende-manifatturiere-fase-2-covid\/\" \/>\n<meta property=\"og:site_name\" content=\"Magazine\" \/>\n<meta property=\"article:published_time\" content=\"2020-05-21T04:00:55+00:00\" \/>\n<meta property=\"og:image\" content=\"https:\/\/www.smeup.com\/magazine\/wp-content\/uploads\/sites\/5\/2021\/03\/ripartenza-delle-aziende-manifatturiere-fase-2-covid.png\" \/>\n\t<meta property=\"og:image:width\" content=\"1600\" \/>\n\t<meta property=\"og:image:height\" content=\"1067\" \/>\n\t<meta property=\"og:image:type\" content=\"image\/png\" \/>\n<meta name=\"author\" content=\"smeup\" \/>\n<meta name=\"twitter:card\" content=\"summary_large_image\" \/>\n<meta name=\"twitter:label1\" content=\"Scritto da\" \/>\n\t<meta name=\"twitter:data1\" content=\"smeup\" \/>\n\t<meta name=\"twitter:label2\" content=\"Tempo di lettura stimato\" \/>\n\t<meta name=\"twitter:data2\" content=\"3 minuti\" \/>\n<script type=\"application\/ld+json\" class=\"yoast-schema-graph\">{\"@context\":\"https:\\\/\\\/schema.org\",\"@graph\":[{\"@type\":\"Article\",\"@id\":\"https:\\\/\\\/www.smeup.com\\\/magazine\\\/blog\\\/ripartenza-delle-aziende-manifatturiere-fase-2-covid\\\/#article\",\"isPartOf\":{\"@id\":\"https:\\\/\\\/www.smeup.com\\\/magazine\\\/blog\\\/ripartenza-delle-aziende-manifatturiere-fase-2-covid\\\/\"},\"author\":{\"name\":\"smeup\",\"@id\":\"https:\\\/\\\/www.smeup.com\\\/magazine\\\/#\\\/schema\\\/person\\\/194a55d96e7e52223a84ff78468bf5c7\"},\"headline\":\"Ripartenza delle aziende manifatturiere: come affrontare la fase 2\",\"datePublished\":\"2020-05-21T04:00:55+00:00\",\"mainEntityOfPage\":{\"@id\":\"https:\\\/\\\/www.smeup.com\\\/magazine\\\/blog\\\/ripartenza-delle-aziende-manifatturiere-fase-2-covid\\\/\"},\"wordCount\":574,\"commentCount\":1,\"image\":{\"@id\":\"https:\\\/\\\/www.smeup.com\\\/magazine\\\/blog\\\/ripartenza-delle-aziende-manifatturiere-fase-2-covid\\\/#primaryimage\"},\"thumbnailUrl\":\"https:\\\/\\\/www.smeup.com\\\/magazine\\\/wp-content\\\/uploads\\\/sites\\\/5\\\/2021\\\/03\\\/ripartenza-delle-aziende-manifatturiere-fase-2-covid.png\",\"keywords\":[\"imprese manifatturiere\",\"manifattura\",\"riapertura delle imprese\",\"ripartenza\"],\"articleSection\":[\"News da smeup\"],\"inLanguage\":\"it-IT\",\"potentialAction\":[{\"@type\":\"CommentAction\",\"name\":\"Comment\",\"target\":[\"https:\\\/\\\/www.smeup.com\\\/magazine\\\/blog\\\/ripartenza-delle-aziende-manifatturiere-fase-2-covid\\\/#respond\"]}]},{\"@type\":\"WebPage\",\"@id\":\"https:\\\/\\\/www.smeup.com\\\/magazine\\\/blog\\\/ripartenza-delle-aziende-manifatturiere-fase-2-covid\\\/\",\"url\":\"https:\\\/\\\/www.smeup.com\\\/magazine\\\/blog\\\/ripartenza-delle-aziende-manifatturiere-fase-2-covid\\\/\",\"name\":\"Ripartenza delle aziende manifatturiere : come affrontare la fase 2\",\"isPartOf\":{\"@id\":\"https:\\\/\\\/www.smeup.com\\\/magazine\\\/#website\"},\"primaryImageOfPage\":{\"@id\":\"https:\\\/\\\/www.smeup.com\\\/magazine\\\/blog\\\/ripartenza-delle-aziende-manifatturiere-fase-2-covid\\\/#primaryimage\"},\"image\":{\"@id\":\"https:\\\/\\\/www.smeup.com\\\/magazine\\\/blog\\\/ripartenza-delle-aziende-manifatturiere-fase-2-covid\\\/#primaryimage\"},\"thumbnailUrl\":\"https:\\\/\\\/www.smeup.com\\\/magazine\\\/wp-content\\\/uploads\\\/sites\\\/5\\\/2021\\\/03\\\/ripartenza-delle-aziende-manifatturiere-fase-2-covid.png\",\"datePublished\":\"2020-05-21T04:00:55+00:00\",\"author\":{\"@id\":\"https:\\\/\\\/www.smeup.com\\\/magazine\\\/#\\\/schema\\\/person\\\/194a55d96e7e52223a84ff78468bf5c7\"},\"description\":\"Dopo il periodo di lockdown, finalmente \u00e8 arrivata la tanto attesa fase 2, che prevede la riapertura di molte attivit\u00e0 produttive e commerciali, tra cui anche la ripartenza delle aziende manifatturiere. Vediamo quindi i punti principali di cui aziende dovranno tenere conto in questa fase di ripartenza.\",\"breadcrumb\":{\"@id\":\"https:\\\/\\\/www.smeup.com\\\/magazine\\\/blog\\\/ripartenza-delle-aziende-manifatturiere-fase-2-covid\\\/#breadcrumb\"},\"inLanguage\":\"it-IT\",\"potentialAction\":[{\"@type\":\"ReadAction\",\"target\":[\"https:\\\/\\\/www.smeup.com\\\/magazine\\\/blog\\\/ripartenza-delle-aziende-manifatturiere-fase-2-covid\\\/\"]}]},{\"@type\":\"ImageObject\",\"inLanguage\":\"it-IT\",\"@id\":\"https:\\\/\\\/www.smeup.com\\\/magazine\\\/blog\\\/ripartenza-delle-aziende-manifatturiere-fase-2-covid\\\/#primaryimage\",\"url\":\"https:\\\/\\\/www.smeup.com\\\/magazine\\\/wp-content\\\/uploads\\\/sites\\\/5\\\/2021\\\/03\\\/ripartenza-delle-aziende-manifatturiere-fase-2-covid.png\",\"contentUrl\":\"https:\\\/\\\/www.smeup.com\\\/magazine\\\/wp-content\\\/uploads\\\/sites\\\/5\\\/2021\\\/03\\\/ripartenza-delle-aziende-manifatturiere-fase-2-covid.png\",\"width\":1600,\"height\":1067},{\"@type\":\"BreadcrumbList\",\"@id\":\"https:\\\/\\\/www.smeup.com\\\/magazine\\\/blog\\\/ripartenza-delle-aziende-manifatturiere-fase-2-covid\\\/#breadcrumb\",\"itemListElement\":[{\"@type\":\"ListItem\",\"position\":1,\"name\":\"Home\",\"item\":\"https:\\\/\\\/www.smeup.com\\\/magazine\\\/\"},{\"@type\":\"ListItem\",\"position\":2,\"name\":\"Ripartenza delle aziende manifatturiere: come affrontare la fase 2\"}]},{\"@type\":\"WebSite\",\"@id\":\"https:\\\/\\\/www.smeup.com\\\/magazine\\\/#website\",\"url\":\"https:\\\/\\\/www.smeup.com\\\/magazine\\\/\",\"name\":\"Magazine\",\"description\":\"smeup\",\"potentialAction\":[{\"@type\":\"SearchAction\",\"target\":{\"@type\":\"EntryPoint\",\"urlTemplate\":\"https:\\\/\\\/www.smeup.com\\\/magazine\\\/?s={search_term_string}\"},\"query-input\":{\"@type\":\"PropertyValueSpecification\",\"valueRequired\":true,\"valueName\":\"search_term_string\"}}],\"inLanguage\":\"it-IT\"},{\"@type\":\"Person\",\"@id\":\"https:\\\/\\\/www.smeup.com\\\/magazine\\\/#\\\/schema\\\/person\\\/194a55d96e7e52223a84ff78468bf5c7\",\"name\":\"smeup\",\"image\":{\"@type\":\"ImageObject\",\"inLanguage\":\"it-IT\",\"@id\":\"https:\\\/\\\/secure.gravatar.com\\\/avatar\\\/a88cc3ad6c0af01768fe2ac47c88a321699d97ced53c173f66ceaa51400f43ca?s=96&d=mm&r=g\",\"url\":\"https:\\\/\\\/secure.gravatar.com\\\/avatar\\\/a88cc3ad6c0af01768fe2ac47c88a321699d97ced53c173f66ceaa51400f43ca?s=96&d=mm&r=g\",\"contentUrl\":\"https:\\\/\\\/secure.gravatar.com\\\/avatar\\\/a88cc3ad6c0af01768fe2ac47c88a321699d97ced53c173f66ceaa51400f43ca?s=96&d=mm&r=g\",\"caption\":\"smeup\"},\"sameAs\":[\"https:\\\/\\\/www.smeup.com\"],\"url\":\"https:\\\/\\\/www.smeup.com\\\/magazine\\\/blog\\\/author\\\/admin\\\/\"}]}<\/script>\n<!-- \/ Yoast SEO plugin. -->","yoast_head_json":{"title":"Ripartenza delle aziende manifatturiere : come affrontare la fase 2","description":"Dopo il periodo di lockdown, finalmente \u00e8 arrivata la tanto attesa fase 2, che prevede la riapertura di molte attivit\u00e0 produttive e commerciali, tra cui anche la ripartenza delle aziende manifatturiere. Vediamo quindi i punti principali di cui aziende dovranno tenere conto in questa fase di ripartenza.","robots":{"index":"index","follow":"follow","max-snippet":"max-snippet:-1","max-image-preview":"max-image-preview:large","max-video-preview":"max-video-preview:-1"},"canonical":"https:\/\/www.smeup.com\/magazine\/blog\/ripartenza-delle-aziende-manifatturiere-fase-2-covid\/","og_locale":"it_IT","og_type":"article","og_title":"Ripartenza delle aziende manifatturiere : come affrontare la fase 2","og_description":"Dopo il periodo di lockdown, finalmente \u00e8 arrivata la tanto attesa fase 2, che prevede la riapertura di molte attivit\u00e0 produttive e commerciali, tra cui anche la ripartenza delle aziende manifatturiere. Vediamo quindi i punti principali di cui aziende dovranno tenere conto in questa fase di ripartenza.","og_url":"https:\/\/www.smeup.com\/magazine\/blog\/ripartenza-delle-aziende-manifatturiere-fase-2-covid\/","og_site_name":"Magazine","article_published_time":"2020-05-21T04:00:55+00:00","og_image":[{"width":1600,"height":1067,"url":"https:\/\/www.smeup.com\/magazine\/wp-content\/uploads\/sites\/5\/2021\/03\/ripartenza-delle-aziende-manifatturiere-fase-2-covid.png","type":"image\/png"}],"author":"smeup","twitter_card":"summary_large_image","twitter_misc":{"Scritto da":"smeup","Tempo di lettura stimato":"3 minuti"},"schema":{"@context":"https:\/\/schema.org","@graph":[{"@type":"Article","@id":"https:\/\/www.smeup.com\/magazine\/blog\/ripartenza-delle-aziende-manifatturiere-fase-2-covid\/#article","isPartOf":{"@id":"https:\/\/www.smeup.com\/magazine\/blog\/ripartenza-delle-aziende-manifatturiere-fase-2-covid\/"},"author":{"name":"smeup","@id":"https:\/\/www.smeup.com\/magazine\/#\/schema\/person\/194a55d96e7e52223a84ff78468bf5c7"},"headline":"Ripartenza delle aziende manifatturiere: come affrontare la fase 2","datePublished":"2020-05-21T04:00:55+00:00","mainEntityOfPage":{"@id":"https:\/\/www.smeup.com\/magazine\/blog\/ripartenza-delle-aziende-manifatturiere-fase-2-covid\/"},"wordCount":574,"commentCount":1,"image":{"@id":"https:\/\/www.smeup.com\/magazine\/blog\/ripartenza-delle-aziende-manifatturiere-fase-2-covid\/#primaryimage"},"thumbnailUrl":"https:\/\/www.smeup.com\/magazine\/wp-content\/uploads\/sites\/5\/2021\/03\/ripartenza-delle-aziende-manifatturiere-fase-2-covid.png","keywords":["imprese manifatturiere","manifattura","riapertura delle imprese","ripartenza"],"articleSection":["News da smeup"],"inLanguage":"it-IT","potentialAction":[{"@type":"CommentAction","name":"Comment","target":["https:\/\/www.smeup.com\/magazine\/blog\/ripartenza-delle-aziende-manifatturiere-fase-2-covid\/#respond"]}]},{"@type":"WebPage","@id":"https:\/\/www.smeup.com\/magazine\/blog\/ripartenza-delle-aziende-manifatturiere-fase-2-covid\/","url":"https:\/\/www.smeup.com\/magazine\/blog\/ripartenza-delle-aziende-manifatturiere-fase-2-covid\/","name":"Ripartenza delle aziende manifatturiere : come affrontare la fase 2","isPartOf":{"@id":"https:\/\/www.smeup.com\/magazine\/#website"},"primaryImageOfPage":{"@id":"https:\/\/www.smeup.com\/magazine\/blog\/ripartenza-delle-aziende-manifatturiere-fase-2-covid\/#primaryimage"},"image":{"@id":"https:\/\/www.smeup.com\/magazine\/blog\/ripartenza-delle-aziende-manifatturiere-fase-2-covid\/#primaryimage"},"thumbnailUrl":"https:\/\/www.smeup.com\/magazine\/wp-content\/uploads\/sites\/5\/2021\/03\/ripartenza-delle-aziende-manifatturiere-fase-2-covid.png","datePublished":"2020-05-21T04:00:55+00:00","author":{"@id":"https:\/\/www.smeup.com\/magazine\/#\/schema\/person\/194a55d96e7e52223a84ff78468bf5c7"},"description":"Dopo il periodo di lockdown, finalmente \u00e8 arrivata la tanto attesa fase 2, che prevede la riapertura di molte attivit\u00e0 produttive e commerciali, tra cui anche la ripartenza delle aziende manifatturiere. Vediamo quindi i punti principali di cui aziende dovranno tenere conto in questa fase di ripartenza.","breadcrumb":{"@id":"https:\/\/www.smeup.com\/magazine\/blog\/ripartenza-delle-aziende-manifatturiere-fase-2-covid\/#breadcrumb"},"inLanguage":"it-IT","potentialAction":[{"@type":"ReadAction","target":["https:\/\/www.smeup.com\/magazine\/blog\/ripartenza-delle-aziende-manifatturiere-fase-2-covid\/"]}]},{"@type":"ImageObject","inLanguage":"it-IT","@id":"https:\/\/www.smeup.com\/magazine\/blog\/ripartenza-delle-aziende-manifatturiere-fase-2-covid\/#primaryimage","url":"https:\/\/www.smeup.com\/magazine\/wp-content\/uploads\/sites\/5\/2021\/03\/ripartenza-delle-aziende-manifatturiere-fase-2-covid.png","contentUrl":"https:\/\/www.smeup.com\/magazine\/wp-content\/uploads\/sites\/5\/2021\/03\/ripartenza-delle-aziende-manifatturiere-fase-2-covid.png","width":1600,"height":1067},{"@type":"BreadcrumbList","@id":"https:\/\/www.smeup.com\/magazine\/blog\/ripartenza-delle-aziende-manifatturiere-fase-2-covid\/#breadcrumb","itemListElement":[{"@type":"ListItem","position":1,"name":"Home","item":"https:\/\/www.smeup.com\/magazine\/"},{"@type":"ListItem","position":2,"name":"Ripartenza delle aziende manifatturiere: come affrontare la fase 2"}]},{"@type":"WebSite","@id":"https:\/\/www.smeup.com\/magazine\/#website","url":"https:\/\/www.smeup.com\/magazine\/","name":"Magazine","description":"smeup","potentialAction":[{"@type":"SearchAction","target":{"@type":"EntryPoint","urlTemplate":"https:\/\/www.smeup.com\/magazine\/?s={search_term_string}"},"query-input":{"@type":"PropertyValueSpecification","valueRequired":true,"valueName":"search_term_string"}}],"inLanguage":"it-IT"},{"@type":"Person","@id":"https:\/\/www.smeup.com\/magazine\/#\/schema\/person\/194a55d96e7e52223a84ff78468bf5c7","name":"smeup","image":{"@type":"ImageObject","inLanguage":"it-IT","@id":"https:\/\/secure.gravatar.com\/avatar\/a88cc3ad6c0af01768fe2ac47c88a321699d97ced53c173f66ceaa51400f43ca?s=96&d=mm&r=g","url":"https:\/\/secure.gravatar.com\/avatar\/a88cc3ad6c0af01768fe2ac47c88a321699d97ced53c173f66ceaa51400f43ca?s=96&d=mm&r=g","contentUrl":"https:\/\/secure.gravatar.com\/avatar\/a88cc3ad6c0af01768fe2ac47c88a321699d97ced53c173f66ceaa51400f43ca?s=96&d=mm&r=g","caption":"smeup"},"sameAs":["https:\/\/www.smeup.com"],"url":"https:\/\/www.smeup.com\/magazine\/blog\/author\/admin\/"}]}},"_links":{"self":[{"href":"https:\/\/www.smeup.com\/magazine\/wp-json\/wp\/v2\/posts\/51244","targetHints":{"allow":["GET"]}}],"collection":[{"href":"https:\/\/www.smeup.com\/magazine\/wp-json\/wp\/v2\/posts"}],"about":[{"href":"https:\/\/www.smeup.com\/magazine\/wp-json\/wp\/v2\/types\/post"}],"author":[{"embeddable":true,"href":"https:\/\/www.smeup.com\/magazine\/wp-json\/wp\/v2\/users\/1"}],"replies":[{"embeddable":true,"href":"https:\/\/www.smeup.com\/magazine\/wp-json\/wp\/v2\/comments?post=51244"}],"version-history":[{"count":0,"href":"https:\/\/www.smeup.com\/magazine\/wp-json\/wp\/v2\/posts\/51244\/revisions"}],"wp:featuredmedia":[{"embeddable":true,"href":"https:\/\/www.smeup.com\/magazine\/wp-json\/wp\/v2\/media\/51245"}],"wp:attachment":[{"href":"https:\/\/www.smeup.com\/magazine\/wp-json\/wp\/v2\/media?parent=51244"}],"wp:term":[{"taxonomy":"category","embeddable":true,"href":"https:\/\/www.smeup.com\/magazine\/wp-json\/wp\/v2\/categories?post=51244"},{"taxonomy":"post_tag","embeddable":true,"href":"https:\/\/www.smeup.com\/magazine\/wp-json\/wp\/v2\/tags?post=51244"}],"curies":[{"name":"wp","href":"https:\/\/api.w.org\/{rel}","templated":true}]}}