{"id":51385,"date":"2020-06-25T06:30:40","date_gmt":"2020-06-25T04:30:40","guid":{"rendered":"http:\/\/smeupnew.it\/magazine\/blog\/futuro-dello-smart-working-in-azienda-manager\/"},"modified":"2020-06-25T06:30:40","modified_gmt":"2020-06-25T04:30:40","slug":"futuro-dello-smart-working-in-azienda-manager","status":"publish","type":"post","link":"https:\/\/www.smeup.com\/magazine\/blog\/futuro-dello-smart-working-in-azienda-manager\/","title":{"rendered":"Il futuro dello Smart Working in azienda secondo i Manager Italiani"},"content":{"rendered":"<p>Demia ed Hermes consulting hanno intervistato 500 manager italiani tra il 17 e il 29 aprile 2020. Hanno fatto domande relative allo smart working: Chi lo ha fatto veramente? Chi continuer\u00e0 a farlo con profitto di tutte le parti in causa? Qual \u00e8 futuro dello Smart Working in azienda? Nel pieno del periodo pi\u00f9 duro della pandemia, quello della chiusura totale, hanno sentito il polso di chi nelle aziende prende decisioni. E che in questo caso ha dovuto prenderne di molto importanti in tempi strettissimi, perch\u00e8 di mezzo c\u2019era la salute delle persone e, a cascata, responsabilit\u00e0 enormi per i datori di lavoro.<\/p>\n<h6>I numeri<\/h6>\n<p>Ed ecco allora qualche dato, elaborato sulle risposte ad un questionario molto ampio, composto di 42 domande. Solo il 16% delle aziende dichiara di aver adottato per la prima volta lo smart working: nello specifico parliamo del 27% delle piccole aziende e del 13% dei grandi gruppi. Si definisce \u00abpreparato\u00bb ad affrontare l\u2019emergenza il 37% degli intervistati. Centrale il nodo della sicurezza: solo la met\u00e0 delle piccole aziende interpellate usa un accesso VPN ai sistemi aziendali, cio\u00e8 con una \u201cporta\u201d che registra e riconosce i collegamenti esterni. Per le grandi aziende, invece, si sale all\u201988%.<\/p>\n<h6>Il futuro dello Smart Working in azienda<\/h6>\n<p>Verr\u00e0 adottato anche dopo la pandemia? Per il 50% rappresenta un impoverimento nei rapporti umani e professionali con cui per\u00f2 bisogner\u00e0 fare i conti perch\u00e8 la percentuale di dirigenti che lo vede come modalit\u00e0 stabile di lavoro futura \u00e8 piuttosto alta: 84%<\/p>\n","protected":false},"excerpt":{"rendered":"<p>Demia ed Hermes consulting hanno intervistato 500 manager italiani tra il 17 e il 29 aprile 2020. Hanno fatto domande relative allo smart working: Chi lo ha fatto veramente? Chi continuer\u00e0 a farlo con profitto di tutte le parti in causa? Nel pieno del periodo pi\u00f9 duro della pandemia, quello della chiusura totale, hanno sentito il polso di chi nelle aziende prende decisioni. E che in questo caso ha dovuto prenderne di molto importanti in tempi strettissimi, perch\u00e8 di mezzo c\u2019era la salute delle persone e, a cascata, responsabilit\u00e0 enormi per i datori di lavoro.<\/p>\n","protected":false},"author":1,"featured_media":51386,"comment_status":"open","ping_status":"open","sticky":false,"template":"","format":"standard","meta":{"_acf_changed":false,"footnotes":""},"categories":[1],"tags":[4506],"class_list":["post-51385","post","type-post","status-publish","format-standard","has-post-thumbnail","hentry","category-news-da-smeup","tag-smart-working"],"acf":[],"yoast_head":"<!-- This site is optimized with the Yoast SEO plugin v27.5 - https:\/\/yoast.com\/product\/yoast-seo-wordpress\/ -->\n<title>Futuro dello Smart Working in azienda: la parola ai manager italiani<\/title>\n<meta name=\"description\" content=\"Per rispondere al futuro dello Smart Working in azienda, Demia ed Hermes consulting hanno intervistato 500 manager italiani tra il 17 e il 29 aprile 2020.\" \/>\n<meta name=\"robots\" content=\"index, follow, max-snippet:-1, max-image-preview:large, max-video-preview:-1\" \/>\n<link rel=\"canonical\" href=\"https:\/\/www.smeup.com\/magazine\/blog\/futuro-dello-smart-working-in-azienda-manager\/\" \/>\n<meta property=\"og:locale\" content=\"it_IT\" \/>\n<meta property=\"og:type\" content=\"article\" \/>\n<meta property=\"og:title\" content=\"Futuro dello Smart Working in azienda: la parola ai manager italiani\" \/>\n<meta property=\"og:description\" content=\"Per rispondere al futuro dello Smart Working in azienda, Demia ed Hermes consulting hanno intervistato 500 manager italiani tra il 17 e il 29 aprile 2020.\" \/>\n<meta property=\"og:url\" content=\"https:\/\/www.smeup.com\/magazine\/blog\/futuro-dello-smart-working-in-azienda-manager\/\" \/>\n<meta property=\"og:site_name\" content=\"Magazine\" \/>\n<meta property=\"article:published_time\" content=\"2020-06-25T04:30:40+00:00\" \/>\n<meta property=\"og:image\" content=\"https:\/\/www.smeup.com\/magazine\/wp-content\/uploads\/sites\/5\/2021\/03\/futuro-dello-Smart-Working-in-azienda.png\" \/>\n\t<meta property=\"og:image:width\" content=\"1600\" \/>\n\t<meta property=\"og:image:height\" content=\"1068\" \/>\n\t<meta property=\"og:image:type\" content=\"image\/png\" \/>\n<meta name=\"author\" content=\"smeup\" \/>\n<meta name=\"twitter:card\" content=\"summary_large_image\" \/>\n<meta name=\"twitter:label1\" content=\"Scritto da\" \/>\n\t<meta name=\"twitter:data1\" content=\"smeup\" \/>\n\t<meta name=\"twitter:label2\" content=\"Tempo di lettura stimato\" \/>\n\t<meta name=\"twitter:data2\" content=\"1 minuto\" \/>\n<script type=\"application\/ld+json\" class=\"yoast-schema-graph\">{\"@context\":\"https:\\\/\\\/schema.org\",\"@graph\":[{\"@type\":\"Article\",\"@id\":\"https:\\\/\\\/www.smeup.com\\\/magazine\\\/blog\\\/futuro-dello-smart-working-in-azienda-manager\\\/#article\",\"isPartOf\":{\"@id\":\"https:\\\/\\\/www.smeup.com\\\/magazine\\\/blog\\\/futuro-dello-smart-working-in-azienda-manager\\\/\"},\"author\":{\"name\":\"smeup\",\"@id\":\"https:\\\/\\\/www.smeup.com\\\/magazine\\\/#\\\/schema\\\/person\\\/194a55d96e7e52223a84ff78468bf5c7\"},\"headline\":\"Il futuro dello Smart Working in azienda secondo i Manager Italiani\",\"datePublished\":\"2020-06-25T04:30:40+00:00\",\"mainEntityOfPage\":{\"@id\":\"https:\\\/\\\/www.smeup.com\\\/magazine\\\/blog\\\/futuro-dello-smart-working-in-azienda-manager\\\/\"},\"wordCount\":249,\"commentCount\":2,\"image\":{\"@id\":\"https:\\\/\\\/www.smeup.com\\\/magazine\\\/blog\\\/futuro-dello-smart-working-in-azienda-manager\\\/#primaryimage\"},\"thumbnailUrl\":\"https:\\\/\\\/www.smeup.com\\\/magazine\\\/wp-content\\\/uploads\\\/sites\\\/5\\\/2021\\\/03\\\/futuro-dello-Smart-Working-in-azienda.png\",\"keywords\":[\"smart working\"],\"articleSection\":[\"News da smeup\"],\"inLanguage\":\"it-IT\",\"potentialAction\":[{\"@type\":\"CommentAction\",\"name\":\"Comment\",\"target\":[\"https:\\\/\\\/www.smeup.com\\\/magazine\\\/blog\\\/futuro-dello-smart-working-in-azienda-manager\\\/#respond\"]}]},{\"@type\":\"WebPage\",\"@id\":\"https:\\\/\\\/www.smeup.com\\\/magazine\\\/blog\\\/futuro-dello-smart-working-in-azienda-manager\\\/\",\"url\":\"https:\\\/\\\/www.smeup.com\\\/magazine\\\/blog\\\/futuro-dello-smart-working-in-azienda-manager\\\/\",\"name\":\"Futuro dello Smart Working in azienda: la parola ai manager italiani\",\"isPartOf\":{\"@id\":\"https:\\\/\\\/www.smeup.com\\\/magazine\\\/#website\"},\"primaryImageOfPage\":{\"@id\":\"https:\\\/\\\/www.smeup.com\\\/magazine\\\/blog\\\/futuro-dello-smart-working-in-azienda-manager\\\/#primaryimage\"},\"image\":{\"@id\":\"https:\\\/\\\/www.smeup.com\\\/magazine\\\/blog\\\/futuro-dello-smart-working-in-azienda-manager\\\/#primaryimage\"},\"thumbnailUrl\":\"https:\\\/\\\/www.smeup.com\\\/magazine\\\/wp-content\\\/uploads\\\/sites\\\/5\\\/2021\\\/03\\\/futuro-dello-Smart-Working-in-azienda.png\",\"datePublished\":\"2020-06-25T04:30:40+00:00\",\"author\":{\"@id\":\"https:\\\/\\\/www.smeup.com\\\/magazine\\\/#\\\/schema\\\/person\\\/194a55d96e7e52223a84ff78468bf5c7\"},\"description\":\"Per rispondere al futuro dello Smart Working in azienda, Demia ed Hermes consulting hanno intervistato 500 manager italiani tra il 17 e il 29 aprile 2020.\",\"breadcrumb\":{\"@id\":\"https:\\\/\\\/www.smeup.com\\\/magazine\\\/blog\\\/futuro-dello-smart-working-in-azienda-manager\\\/#breadcrumb\"},\"inLanguage\":\"it-IT\",\"potentialAction\":[{\"@type\":\"ReadAction\",\"target\":[\"https:\\\/\\\/www.smeup.com\\\/magazine\\\/blog\\\/futuro-dello-smart-working-in-azienda-manager\\\/\"]}]},{\"@type\":\"ImageObject\",\"inLanguage\":\"it-IT\",\"@id\":\"https:\\\/\\\/www.smeup.com\\\/magazine\\\/blog\\\/futuro-dello-smart-working-in-azienda-manager\\\/#primaryimage\",\"url\":\"https:\\\/\\\/www.smeup.com\\\/magazine\\\/wp-content\\\/uploads\\\/sites\\\/5\\\/2021\\\/03\\\/futuro-dello-Smart-Working-in-azienda.png\",\"contentUrl\":\"https:\\\/\\\/www.smeup.com\\\/magazine\\\/wp-content\\\/uploads\\\/sites\\\/5\\\/2021\\\/03\\\/futuro-dello-Smart-Working-in-azienda.png\",\"width\":1600,\"height\":1068},{\"@type\":\"BreadcrumbList\",\"@id\":\"https:\\\/\\\/www.smeup.com\\\/magazine\\\/blog\\\/futuro-dello-smart-working-in-azienda-manager\\\/#breadcrumb\",\"itemListElement\":[{\"@type\":\"ListItem\",\"position\":1,\"name\":\"Home\",\"item\":\"https:\\\/\\\/www.smeup.com\\\/magazine\\\/\"},{\"@type\":\"ListItem\",\"position\":2,\"name\":\"Il futuro dello Smart Working in azienda secondo i Manager Italiani\"}]},{\"@type\":\"WebSite\",\"@id\":\"https:\\\/\\\/www.smeup.com\\\/magazine\\\/#website\",\"url\":\"https:\\\/\\\/www.smeup.com\\\/magazine\\\/\",\"name\":\"Magazine\",\"description\":\"smeup\",\"potentialAction\":[{\"@type\":\"SearchAction\",\"target\":{\"@type\":\"EntryPoint\",\"urlTemplate\":\"https:\\\/\\\/www.smeup.com\\\/magazine\\\/?s={search_term_string}\"},\"query-input\":{\"@type\":\"PropertyValueSpecification\",\"valueRequired\":true,\"valueName\":\"search_term_string\"}}],\"inLanguage\":\"it-IT\"},{\"@type\":\"Person\",\"@id\":\"https:\\\/\\\/www.smeup.com\\\/magazine\\\/#\\\/schema\\\/person\\\/194a55d96e7e52223a84ff78468bf5c7\",\"name\":\"smeup\",\"image\":{\"@type\":\"ImageObject\",\"inLanguage\":\"it-IT\",\"@id\":\"https:\\\/\\\/secure.gravatar.com\\\/avatar\\\/a88cc3ad6c0af01768fe2ac47c88a321699d97ced53c173f66ceaa51400f43ca?s=96&d=mm&r=g\",\"url\":\"https:\\\/\\\/secure.gravatar.com\\\/avatar\\\/a88cc3ad6c0af01768fe2ac47c88a321699d97ced53c173f66ceaa51400f43ca?s=96&d=mm&r=g\",\"contentUrl\":\"https:\\\/\\\/secure.gravatar.com\\\/avatar\\\/a88cc3ad6c0af01768fe2ac47c88a321699d97ced53c173f66ceaa51400f43ca?s=96&d=mm&r=g\",\"caption\":\"smeup\"},\"sameAs\":[\"https:\\\/\\\/www.smeup.com\"],\"url\":\"https:\\\/\\\/www.smeup.com\\\/magazine\\\/blog\\\/author\\\/admin\\\/\"}]}<\/script>\n<!-- \/ Yoast SEO plugin. -->","yoast_head_json":{"title":"Futuro dello Smart Working in azienda: la parola ai manager italiani","description":"Per rispondere al futuro dello Smart Working in azienda, Demia ed Hermes consulting hanno intervistato 500 manager italiani tra il 17 e il 29 aprile 2020.","robots":{"index":"index","follow":"follow","max-snippet":"max-snippet:-1","max-image-preview":"max-image-preview:large","max-video-preview":"max-video-preview:-1"},"canonical":"https:\/\/www.smeup.com\/magazine\/blog\/futuro-dello-smart-working-in-azienda-manager\/","og_locale":"it_IT","og_type":"article","og_title":"Futuro dello Smart Working in azienda: la parola ai manager italiani","og_description":"Per rispondere al futuro dello Smart Working in azienda, Demia ed Hermes consulting hanno intervistato 500 manager italiani tra il 17 e il 29 aprile 2020.","og_url":"https:\/\/www.smeup.com\/magazine\/blog\/futuro-dello-smart-working-in-azienda-manager\/","og_site_name":"Magazine","article_published_time":"2020-06-25T04:30:40+00:00","og_image":[{"width":1600,"height":1068,"url":"https:\/\/www.smeup.com\/magazine\/wp-content\/uploads\/sites\/5\/2021\/03\/futuro-dello-Smart-Working-in-azienda.png","type":"image\/png"}],"author":"smeup","twitter_card":"summary_large_image","twitter_misc":{"Scritto da":"smeup","Tempo di lettura stimato":"1 minuto"},"schema":{"@context":"https:\/\/schema.org","@graph":[{"@type":"Article","@id":"https:\/\/www.smeup.com\/magazine\/blog\/futuro-dello-smart-working-in-azienda-manager\/#article","isPartOf":{"@id":"https:\/\/www.smeup.com\/magazine\/blog\/futuro-dello-smart-working-in-azienda-manager\/"},"author":{"name":"smeup","@id":"https:\/\/www.smeup.com\/magazine\/#\/schema\/person\/194a55d96e7e52223a84ff78468bf5c7"},"headline":"Il futuro dello Smart Working in azienda secondo i Manager Italiani","datePublished":"2020-06-25T04:30:40+00:00","mainEntityOfPage":{"@id":"https:\/\/www.smeup.com\/magazine\/blog\/futuro-dello-smart-working-in-azienda-manager\/"},"wordCount":249,"commentCount":2,"image":{"@id":"https:\/\/www.smeup.com\/magazine\/blog\/futuro-dello-smart-working-in-azienda-manager\/#primaryimage"},"thumbnailUrl":"https:\/\/www.smeup.com\/magazine\/wp-content\/uploads\/sites\/5\/2021\/03\/futuro-dello-Smart-Working-in-azienda.png","keywords":["smart working"],"articleSection":["News da smeup"],"inLanguage":"it-IT","potentialAction":[{"@type":"CommentAction","name":"Comment","target":["https:\/\/www.smeup.com\/magazine\/blog\/futuro-dello-smart-working-in-azienda-manager\/#respond"]}]},{"@type":"WebPage","@id":"https:\/\/www.smeup.com\/magazine\/blog\/futuro-dello-smart-working-in-azienda-manager\/","url":"https:\/\/www.smeup.com\/magazine\/blog\/futuro-dello-smart-working-in-azienda-manager\/","name":"Futuro dello Smart Working in azienda: la parola ai manager italiani","isPartOf":{"@id":"https:\/\/www.smeup.com\/magazine\/#website"},"primaryImageOfPage":{"@id":"https:\/\/www.smeup.com\/magazine\/blog\/futuro-dello-smart-working-in-azienda-manager\/#primaryimage"},"image":{"@id":"https:\/\/www.smeup.com\/magazine\/blog\/futuro-dello-smart-working-in-azienda-manager\/#primaryimage"},"thumbnailUrl":"https:\/\/www.smeup.com\/magazine\/wp-content\/uploads\/sites\/5\/2021\/03\/futuro-dello-Smart-Working-in-azienda.png","datePublished":"2020-06-25T04:30:40+00:00","author":{"@id":"https:\/\/www.smeup.com\/magazine\/#\/schema\/person\/194a55d96e7e52223a84ff78468bf5c7"},"description":"Per rispondere al futuro dello Smart Working in azienda, Demia ed Hermes consulting hanno intervistato 500 manager italiani tra il 17 e il 29 aprile 2020.","breadcrumb":{"@id":"https:\/\/www.smeup.com\/magazine\/blog\/futuro-dello-smart-working-in-azienda-manager\/#breadcrumb"},"inLanguage":"it-IT","potentialAction":[{"@type":"ReadAction","target":["https:\/\/www.smeup.com\/magazine\/blog\/futuro-dello-smart-working-in-azienda-manager\/"]}]},{"@type":"ImageObject","inLanguage":"it-IT","@id":"https:\/\/www.smeup.com\/magazine\/blog\/futuro-dello-smart-working-in-azienda-manager\/#primaryimage","url":"https:\/\/www.smeup.com\/magazine\/wp-content\/uploads\/sites\/5\/2021\/03\/futuro-dello-Smart-Working-in-azienda.png","contentUrl":"https:\/\/www.smeup.com\/magazine\/wp-content\/uploads\/sites\/5\/2021\/03\/futuro-dello-Smart-Working-in-azienda.png","width":1600,"height":1068},{"@type":"BreadcrumbList","@id":"https:\/\/www.smeup.com\/magazine\/blog\/futuro-dello-smart-working-in-azienda-manager\/#breadcrumb","itemListElement":[{"@type":"ListItem","position":1,"name":"Home","item":"https:\/\/www.smeup.com\/magazine\/"},{"@type":"ListItem","position":2,"name":"Il futuro dello Smart Working in azienda secondo i Manager Italiani"}]},{"@type":"WebSite","@id":"https:\/\/www.smeup.com\/magazine\/#website","url":"https:\/\/www.smeup.com\/magazine\/","name":"Magazine","description":"smeup","potentialAction":[{"@type":"SearchAction","target":{"@type":"EntryPoint","urlTemplate":"https:\/\/www.smeup.com\/magazine\/?s={search_term_string}"},"query-input":{"@type":"PropertyValueSpecification","valueRequired":true,"valueName":"search_term_string"}}],"inLanguage":"it-IT"},{"@type":"Person","@id":"https:\/\/www.smeup.com\/magazine\/#\/schema\/person\/194a55d96e7e52223a84ff78468bf5c7","name":"smeup","image":{"@type":"ImageObject","inLanguage":"it-IT","@id":"https:\/\/secure.gravatar.com\/avatar\/a88cc3ad6c0af01768fe2ac47c88a321699d97ced53c173f66ceaa51400f43ca?s=96&d=mm&r=g","url":"https:\/\/secure.gravatar.com\/avatar\/a88cc3ad6c0af01768fe2ac47c88a321699d97ced53c173f66ceaa51400f43ca?s=96&d=mm&r=g","contentUrl":"https:\/\/secure.gravatar.com\/avatar\/a88cc3ad6c0af01768fe2ac47c88a321699d97ced53c173f66ceaa51400f43ca?s=96&d=mm&r=g","caption":"smeup"},"sameAs":["https:\/\/www.smeup.com"],"url":"https:\/\/www.smeup.com\/magazine\/blog\/author\/admin\/"}]}},"_links":{"self":[{"href":"https:\/\/www.smeup.com\/magazine\/wp-json\/wp\/v2\/posts\/51385","targetHints":{"allow":["GET"]}}],"collection":[{"href":"https:\/\/www.smeup.com\/magazine\/wp-json\/wp\/v2\/posts"}],"about":[{"href":"https:\/\/www.smeup.com\/magazine\/wp-json\/wp\/v2\/types\/post"}],"author":[{"embeddable":true,"href":"https:\/\/www.smeup.com\/magazine\/wp-json\/wp\/v2\/users\/1"}],"replies":[{"embeddable":true,"href":"https:\/\/www.smeup.com\/magazine\/wp-json\/wp\/v2\/comments?post=51385"}],"version-history":[{"count":0,"href":"https:\/\/www.smeup.com\/magazine\/wp-json\/wp\/v2\/posts\/51385\/revisions"}],"wp:featuredmedia":[{"embeddable":true,"href":"https:\/\/www.smeup.com\/magazine\/wp-json\/wp\/v2\/media\/51386"}],"wp:attachment":[{"href":"https:\/\/www.smeup.com\/magazine\/wp-json\/wp\/v2\/media?parent=51385"}],"wp:term":[{"taxonomy":"category","embeddable":true,"href":"https:\/\/www.smeup.com\/magazine\/wp-json\/wp\/v2\/categories?post=51385"},{"taxonomy":"post_tag","embeddable":true,"href":"https:\/\/www.smeup.com\/magazine\/wp-json\/wp\/v2\/tags?post=51385"}],"curies":[{"name":"wp","href":"https:\/\/api.w.org\/{rel}","templated":true}]}}