{"id":51440,"date":"2020-06-28T06:00:32","date_gmt":"2020-06-28T04:00:32","guid":{"rendered":"http:\/\/smeupnew.it\/magazine\/blog\/decreto-salva-imprese-pmi\/"},"modified":"2020-06-28T06:00:32","modified_gmt":"2020-06-28T04:00:32","slug":"decreto-salva-imprese-pmi","status":"publish","type":"post","link":"https:\/\/www.smeup.com\/magazine\/blog\/decreto-salva-imprese-pmi\/","title":{"rendered":"Decreto Salva Imprese , i provvedimenti per PMI e professionisti"},"content":{"rendered":"<p>Il Decreto Salva Imprese \u00e8 una delle misure varate dal Governo per sostenere le aziende italiane ad affrontare la ripresa dopo il periodo di lockdown, che ha segnato con forti conseguenze tutto il tessuto economico italiano.<\/p>\n<h5>In cosa consiste<\/h5>\n<p>Il provvedimento assicura\u00a0 una garanzia del 100% sui prestiti per le imprese di piccole e medie dimensioni (fino ad un massimo di 499 dipendenti) e per i professionisti. Nello specifico, fino ad un importo massimo di 25 mila euro non verranno effettuate valutazioni del merito di credito. Anche nel caso di prestiti fino a 800.000 euro, garantiti al 90% dallo Stato e al 10% dai confidi, non ci sar\u00e0 alcuna valutazione creditizia per le aziende. Per importi pi\u00f9 alti invece, fino a 5 milioni di euro, la garanzia sar\u00e0 pari al 90%.<\/p>\n<h5>A chi \u00e8 rivolto<\/h5>\n<p>Le agevolazioni previste dal Decreto Salva Imprese sono dedicate alle aziende con meno di 5.000 dipendenti in Italia e un fatturato inferiore a 1,5 miliardi di euro. Le imprese che rispondono a queste caratteristiche potranno ottenere una copertura pari al 90% dell\u2019importo del finanziamento richiesto attraverso\u00a0 una procedura semplificata per l\u2019accesso alla garanzia;<br \/>\nLa copertura del finanziamento scende invece all\u201980% per le realt\u00e0 imprenditoriali con oltre 5.000 dipendenti e un fatturato fra 1,5 e 5 miliardi di euro e al 70% per le aziende con fatturato superiore ai 5 miliardi;<\/p>\n<h5>Come funziona<\/h5>\n<p>Nello specifico, l\u2019importo della garanzia non potr\u00e0 comunque\u00a0 superare il 25% del fatturato registrato nel corso del 2019 o il doppio dell&#8217;importo relativo ai costi del personale sostenuto dall\u2019azienda;<br \/>\nPer le piccole e medie imprese, anche individuali o partite Iva, sono riservati attraverso il provvedimento finanziamenti per 30 miliardi. Inoltre, l\u2019accesso alla garanzia rilasciata da SACE per i finanziamenti sar\u00e0 gratuito ma dipender\u00e0 dalla condizione che le imprese abbiano esaurito la loro capacit\u00e0 di utilizzo del credito rilasciato dal Fondo Centrale di Garanzia.<\/p>\n","protected":false},"excerpt":{"rendered":"<p>Il Decreto Salva Imprese \u00e8 una delle misure varate dal Governo per sostenere le aziende italiane ad affrontare la ripresa dopo il periodo di lockdown, che ha segnato con forti conseguenze tutto il tessuto economico italiano.<\/p>\n","protected":false},"author":1,"featured_media":51441,"comment_status":"open","ping_status":"open","sticky":false,"template":"","format":"standard","meta":{"_acf_changed":false,"footnotes":""},"categories":[1],"tags":[],"class_list":["post-51440","post","type-post","status-publish","format-standard","has-post-thumbnail","hentry","category-news-da-smeup"],"acf":[],"yoast_head":"<!-- This site is optimized with the Yoast SEO plugin v27.5 - https:\/\/yoast.com\/product\/yoast-seo-wordpress\/ -->\n<title>Decreto Salva Imprese , i provvedimenti per PMI e professionisti<\/title>\n<meta name=\"description\" content=\"Il Decreto Salva Imprese \u00e8 una delle misure varate dal Governo per sostenere le aziende italiane ad affrontare la ripresa dopo il periodo di lockdown, che ha segnato con forti conseguenze tutto il tessuto economico italiano.\" \/>\n<meta name=\"robots\" content=\"index, follow, max-snippet:-1, max-image-preview:large, max-video-preview:-1\" \/>\n<link rel=\"canonical\" href=\"https:\/\/www.smeup.com\/magazine\/blog\/decreto-salva-imprese-pmi\/\" \/>\n<meta property=\"og:locale\" content=\"it_IT\" \/>\n<meta property=\"og:type\" content=\"article\" \/>\n<meta property=\"og:title\" content=\"Decreto Salva Imprese , i provvedimenti per PMI e professionisti\" \/>\n<meta property=\"og:description\" content=\"Il Decreto Salva Imprese \u00e8 una delle misure varate dal Governo per sostenere le aziende italiane ad affrontare la ripresa dopo il periodo di lockdown, che ha segnato con forti conseguenze tutto il tessuto economico italiano.\" \/>\n<meta property=\"og:url\" content=\"https:\/\/www.smeup.com\/magazine\/blog\/decreto-salva-imprese-pmi\/\" \/>\n<meta property=\"og:site_name\" content=\"Magazine\" \/>\n<meta property=\"article:published_time\" content=\"2020-06-28T04:00:32+00:00\" \/>\n<meta property=\"og:image\" content=\"https:\/\/www.smeup.com\/magazine\/wp-content\/uploads\/sites\/5\/2021\/03\/decreto-salva-imprese-pmi.png\" \/>\n\t<meta property=\"og:image:width\" content=\"1600\" \/>\n\t<meta property=\"og:image:height\" content=\"988\" \/>\n\t<meta property=\"og:image:type\" content=\"image\/png\" \/>\n<meta name=\"author\" content=\"smeup\" \/>\n<meta name=\"twitter:card\" content=\"summary_large_image\" \/>\n<meta name=\"twitter:label1\" content=\"Scritto da\" \/>\n\t<meta name=\"twitter:data1\" content=\"smeup\" \/>\n\t<meta name=\"twitter:label2\" content=\"Tempo di lettura stimato\" \/>\n\t<meta name=\"twitter:data2\" content=\"1 minuto\" \/>\n<script type=\"application\/ld+json\" class=\"yoast-schema-graph\">{\"@context\":\"https:\\\/\\\/schema.org\",\"@graph\":[{\"@type\":\"Article\",\"@id\":\"https:\\\/\\\/www.smeup.com\\\/magazine\\\/blog\\\/decreto-salva-imprese-pmi\\\/#article\",\"isPartOf\":{\"@id\":\"https:\\\/\\\/www.smeup.com\\\/magazine\\\/blog\\\/decreto-salva-imprese-pmi\\\/\"},\"author\":{\"name\":\"smeup\",\"@id\":\"https:\\\/\\\/www.smeup.com\\\/magazine\\\/#\\\/schema\\\/person\\\/194a55d96e7e52223a84ff78468bf5c7\"},\"headline\":\"Decreto Salva Imprese , i provvedimenti per PMI e professionisti\",\"datePublished\":\"2020-06-28T04:00:32+00:00\",\"mainEntityOfPage\":{\"@id\":\"https:\\\/\\\/www.smeup.com\\\/magazine\\\/blog\\\/decreto-salva-imprese-pmi\\\/\"},\"wordCount\":304,\"commentCount\":0,\"image\":{\"@id\":\"https:\\\/\\\/www.smeup.com\\\/magazine\\\/blog\\\/decreto-salva-imprese-pmi\\\/#primaryimage\"},\"thumbnailUrl\":\"https:\\\/\\\/www.smeup.com\\\/magazine\\\/wp-content\\\/uploads\\\/sites\\\/5\\\/2021\\\/03\\\/decreto-salva-imprese-pmi.png\",\"articleSection\":[\"News da smeup\"],\"inLanguage\":\"it-IT\",\"potentialAction\":[{\"@type\":\"CommentAction\",\"name\":\"Comment\",\"target\":[\"https:\\\/\\\/www.smeup.com\\\/magazine\\\/blog\\\/decreto-salva-imprese-pmi\\\/#respond\"]}]},{\"@type\":\"WebPage\",\"@id\":\"https:\\\/\\\/www.smeup.com\\\/magazine\\\/blog\\\/decreto-salva-imprese-pmi\\\/\",\"url\":\"https:\\\/\\\/www.smeup.com\\\/magazine\\\/blog\\\/decreto-salva-imprese-pmi\\\/\",\"name\":\"Decreto Salva Imprese , i provvedimenti per PMI e professionisti\",\"isPartOf\":{\"@id\":\"https:\\\/\\\/www.smeup.com\\\/magazine\\\/#website\"},\"primaryImageOfPage\":{\"@id\":\"https:\\\/\\\/www.smeup.com\\\/magazine\\\/blog\\\/decreto-salva-imprese-pmi\\\/#primaryimage\"},\"image\":{\"@id\":\"https:\\\/\\\/www.smeup.com\\\/magazine\\\/blog\\\/decreto-salva-imprese-pmi\\\/#primaryimage\"},\"thumbnailUrl\":\"https:\\\/\\\/www.smeup.com\\\/magazine\\\/wp-content\\\/uploads\\\/sites\\\/5\\\/2021\\\/03\\\/decreto-salva-imprese-pmi.png\",\"datePublished\":\"2020-06-28T04:00:32+00:00\",\"author\":{\"@id\":\"https:\\\/\\\/www.smeup.com\\\/magazine\\\/#\\\/schema\\\/person\\\/194a55d96e7e52223a84ff78468bf5c7\"},\"description\":\"Il Decreto Salva Imprese \u00e8 una delle misure varate dal Governo per sostenere le aziende italiane ad affrontare la ripresa dopo il periodo di lockdown, che ha segnato con forti conseguenze tutto il tessuto economico italiano.\",\"breadcrumb\":{\"@id\":\"https:\\\/\\\/www.smeup.com\\\/magazine\\\/blog\\\/decreto-salva-imprese-pmi\\\/#breadcrumb\"},\"inLanguage\":\"it-IT\",\"potentialAction\":[{\"@type\":\"ReadAction\",\"target\":[\"https:\\\/\\\/www.smeup.com\\\/magazine\\\/blog\\\/decreto-salva-imprese-pmi\\\/\"]}]},{\"@type\":\"ImageObject\",\"inLanguage\":\"it-IT\",\"@id\":\"https:\\\/\\\/www.smeup.com\\\/magazine\\\/blog\\\/decreto-salva-imprese-pmi\\\/#primaryimage\",\"url\":\"https:\\\/\\\/www.smeup.com\\\/magazine\\\/wp-content\\\/uploads\\\/sites\\\/5\\\/2021\\\/03\\\/decreto-salva-imprese-pmi.png\",\"contentUrl\":\"https:\\\/\\\/www.smeup.com\\\/magazine\\\/wp-content\\\/uploads\\\/sites\\\/5\\\/2021\\\/03\\\/decreto-salva-imprese-pmi.png\",\"width\":1600,\"height\":988},{\"@type\":\"BreadcrumbList\",\"@id\":\"https:\\\/\\\/www.smeup.com\\\/magazine\\\/blog\\\/decreto-salva-imprese-pmi\\\/#breadcrumb\",\"itemListElement\":[{\"@type\":\"ListItem\",\"position\":1,\"name\":\"Home\",\"item\":\"https:\\\/\\\/www.smeup.com\\\/magazine\\\/\"},{\"@type\":\"ListItem\",\"position\":2,\"name\":\"Decreto Salva Imprese , i provvedimenti per PMI e professionisti\"}]},{\"@type\":\"WebSite\",\"@id\":\"https:\\\/\\\/www.smeup.com\\\/magazine\\\/#website\",\"url\":\"https:\\\/\\\/www.smeup.com\\\/magazine\\\/\",\"name\":\"Magazine\",\"description\":\"smeup\",\"potentialAction\":[{\"@type\":\"SearchAction\",\"target\":{\"@type\":\"EntryPoint\",\"urlTemplate\":\"https:\\\/\\\/www.smeup.com\\\/magazine\\\/?s={search_term_string}\"},\"query-input\":{\"@type\":\"PropertyValueSpecification\",\"valueRequired\":true,\"valueName\":\"search_term_string\"}}],\"inLanguage\":\"it-IT\"},{\"@type\":\"Person\",\"@id\":\"https:\\\/\\\/www.smeup.com\\\/magazine\\\/#\\\/schema\\\/person\\\/194a55d96e7e52223a84ff78468bf5c7\",\"name\":\"smeup\",\"image\":{\"@type\":\"ImageObject\",\"inLanguage\":\"it-IT\",\"@id\":\"https:\\\/\\\/secure.gravatar.com\\\/avatar\\\/a88cc3ad6c0af01768fe2ac47c88a321699d97ced53c173f66ceaa51400f43ca?s=96&d=mm&r=g\",\"url\":\"https:\\\/\\\/secure.gravatar.com\\\/avatar\\\/a88cc3ad6c0af01768fe2ac47c88a321699d97ced53c173f66ceaa51400f43ca?s=96&d=mm&r=g\",\"contentUrl\":\"https:\\\/\\\/secure.gravatar.com\\\/avatar\\\/a88cc3ad6c0af01768fe2ac47c88a321699d97ced53c173f66ceaa51400f43ca?s=96&d=mm&r=g\",\"caption\":\"smeup\"},\"sameAs\":[\"https:\\\/\\\/www.smeup.com\"],\"url\":\"https:\\\/\\\/www.smeup.com\\\/magazine\\\/blog\\\/author\\\/admin\\\/\"}]}<\/script>\n<!-- \/ Yoast SEO plugin. -->","yoast_head_json":{"title":"Decreto Salva Imprese , i provvedimenti per PMI e professionisti","description":"Il Decreto Salva Imprese \u00e8 una delle misure varate dal Governo per sostenere le aziende italiane ad affrontare la ripresa dopo il periodo di lockdown, che ha segnato con forti conseguenze tutto il tessuto economico italiano.","robots":{"index":"index","follow":"follow","max-snippet":"max-snippet:-1","max-image-preview":"max-image-preview:large","max-video-preview":"max-video-preview:-1"},"canonical":"https:\/\/www.smeup.com\/magazine\/blog\/decreto-salva-imprese-pmi\/","og_locale":"it_IT","og_type":"article","og_title":"Decreto Salva Imprese , i provvedimenti per PMI e professionisti","og_description":"Il Decreto Salva Imprese \u00e8 una delle misure varate dal Governo per sostenere le aziende italiane ad affrontare la ripresa dopo il periodo di lockdown, che ha segnato con forti conseguenze tutto il tessuto economico italiano.","og_url":"https:\/\/www.smeup.com\/magazine\/blog\/decreto-salva-imprese-pmi\/","og_site_name":"Magazine","article_published_time":"2020-06-28T04:00:32+00:00","og_image":[{"width":1600,"height":988,"url":"https:\/\/www.smeup.com\/magazine\/wp-content\/uploads\/sites\/5\/2021\/03\/decreto-salva-imprese-pmi.png","type":"image\/png"}],"author":"smeup","twitter_card":"summary_large_image","twitter_misc":{"Scritto da":"smeup","Tempo di lettura stimato":"1 minuto"},"schema":{"@context":"https:\/\/schema.org","@graph":[{"@type":"Article","@id":"https:\/\/www.smeup.com\/magazine\/blog\/decreto-salva-imprese-pmi\/#article","isPartOf":{"@id":"https:\/\/www.smeup.com\/magazine\/blog\/decreto-salva-imprese-pmi\/"},"author":{"name":"smeup","@id":"https:\/\/www.smeup.com\/magazine\/#\/schema\/person\/194a55d96e7e52223a84ff78468bf5c7"},"headline":"Decreto Salva Imprese , i provvedimenti per PMI e professionisti","datePublished":"2020-06-28T04:00:32+00:00","mainEntityOfPage":{"@id":"https:\/\/www.smeup.com\/magazine\/blog\/decreto-salva-imprese-pmi\/"},"wordCount":304,"commentCount":0,"image":{"@id":"https:\/\/www.smeup.com\/magazine\/blog\/decreto-salva-imprese-pmi\/#primaryimage"},"thumbnailUrl":"https:\/\/www.smeup.com\/magazine\/wp-content\/uploads\/sites\/5\/2021\/03\/decreto-salva-imprese-pmi.png","articleSection":["News da smeup"],"inLanguage":"it-IT","potentialAction":[{"@type":"CommentAction","name":"Comment","target":["https:\/\/www.smeup.com\/magazine\/blog\/decreto-salva-imprese-pmi\/#respond"]}]},{"@type":"WebPage","@id":"https:\/\/www.smeup.com\/magazine\/blog\/decreto-salva-imprese-pmi\/","url":"https:\/\/www.smeup.com\/magazine\/blog\/decreto-salva-imprese-pmi\/","name":"Decreto Salva Imprese , i provvedimenti per PMI e professionisti","isPartOf":{"@id":"https:\/\/www.smeup.com\/magazine\/#website"},"primaryImageOfPage":{"@id":"https:\/\/www.smeup.com\/magazine\/blog\/decreto-salva-imprese-pmi\/#primaryimage"},"image":{"@id":"https:\/\/www.smeup.com\/magazine\/blog\/decreto-salva-imprese-pmi\/#primaryimage"},"thumbnailUrl":"https:\/\/www.smeup.com\/magazine\/wp-content\/uploads\/sites\/5\/2021\/03\/decreto-salva-imprese-pmi.png","datePublished":"2020-06-28T04:00:32+00:00","author":{"@id":"https:\/\/www.smeup.com\/magazine\/#\/schema\/person\/194a55d96e7e52223a84ff78468bf5c7"},"description":"Il Decreto Salva Imprese \u00e8 una delle misure varate dal Governo per sostenere le aziende italiane ad affrontare la ripresa dopo il periodo di lockdown, che ha segnato con forti conseguenze tutto il tessuto economico italiano.","breadcrumb":{"@id":"https:\/\/www.smeup.com\/magazine\/blog\/decreto-salva-imprese-pmi\/#breadcrumb"},"inLanguage":"it-IT","potentialAction":[{"@type":"ReadAction","target":["https:\/\/www.smeup.com\/magazine\/blog\/decreto-salva-imprese-pmi\/"]}]},{"@type":"ImageObject","inLanguage":"it-IT","@id":"https:\/\/www.smeup.com\/magazine\/blog\/decreto-salva-imprese-pmi\/#primaryimage","url":"https:\/\/www.smeup.com\/magazine\/wp-content\/uploads\/sites\/5\/2021\/03\/decreto-salva-imprese-pmi.png","contentUrl":"https:\/\/www.smeup.com\/magazine\/wp-content\/uploads\/sites\/5\/2021\/03\/decreto-salva-imprese-pmi.png","width":1600,"height":988},{"@type":"BreadcrumbList","@id":"https:\/\/www.smeup.com\/magazine\/blog\/decreto-salva-imprese-pmi\/#breadcrumb","itemListElement":[{"@type":"ListItem","position":1,"name":"Home","item":"https:\/\/www.smeup.com\/magazine\/"},{"@type":"ListItem","position":2,"name":"Decreto Salva Imprese , i provvedimenti per PMI e professionisti"}]},{"@type":"WebSite","@id":"https:\/\/www.smeup.com\/magazine\/#website","url":"https:\/\/www.smeup.com\/magazine\/","name":"Magazine","description":"smeup","potentialAction":[{"@type":"SearchAction","target":{"@type":"EntryPoint","urlTemplate":"https:\/\/www.smeup.com\/magazine\/?s={search_term_string}"},"query-input":{"@type":"PropertyValueSpecification","valueRequired":true,"valueName":"search_term_string"}}],"inLanguage":"it-IT"},{"@type":"Person","@id":"https:\/\/www.smeup.com\/magazine\/#\/schema\/person\/194a55d96e7e52223a84ff78468bf5c7","name":"smeup","image":{"@type":"ImageObject","inLanguage":"it-IT","@id":"https:\/\/secure.gravatar.com\/avatar\/a88cc3ad6c0af01768fe2ac47c88a321699d97ced53c173f66ceaa51400f43ca?s=96&d=mm&r=g","url":"https:\/\/secure.gravatar.com\/avatar\/a88cc3ad6c0af01768fe2ac47c88a321699d97ced53c173f66ceaa51400f43ca?s=96&d=mm&r=g","contentUrl":"https:\/\/secure.gravatar.com\/avatar\/a88cc3ad6c0af01768fe2ac47c88a321699d97ced53c173f66ceaa51400f43ca?s=96&d=mm&r=g","caption":"smeup"},"sameAs":["https:\/\/www.smeup.com"],"url":"https:\/\/www.smeup.com\/magazine\/blog\/author\/admin\/"}]}},"_links":{"self":[{"href":"https:\/\/www.smeup.com\/magazine\/wp-json\/wp\/v2\/posts\/51440","targetHints":{"allow":["GET"]}}],"collection":[{"href":"https:\/\/www.smeup.com\/magazine\/wp-json\/wp\/v2\/posts"}],"about":[{"href":"https:\/\/www.smeup.com\/magazine\/wp-json\/wp\/v2\/types\/post"}],"author":[{"embeddable":true,"href":"https:\/\/www.smeup.com\/magazine\/wp-json\/wp\/v2\/users\/1"}],"replies":[{"embeddable":true,"href":"https:\/\/www.smeup.com\/magazine\/wp-json\/wp\/v2\/comments?post=51440"}],"version-history":[{"count":0,"href":"https:\/\/www.smeup.com\/magazine\/wp-json\/wp\/v2\/posts\/51440\/revisions"}],"wp:featuredmedia":[{"embeddable":true,"href":"https:\/\/www.smeup.com\/magazine\/wp-json\/wp\/v2\/media\/51441"}],"wp:attachment":[{"href":"https:\/\/www.smeup.com\/magazine\/wp-json\/wp\/v2\/media?parent=51440"}],"wp:term":[{"taxonomy":"category","embeddable":true,"href":"https:\/\/www.smeup.com\/magazine\/wp-json\/wp\/v2\/categories?post=51440"},{"taxonomy":"post_tag","embeddable":true,"href":"https:\/\/www.smeup.com\/magazine\/wp-json\/wp\/v2\/tags?post=51440"}],"curies":[{"name":"wp","href":"https:\/\/api.w.org\/{rel}","templated":true}]}}