{"id":51483,"date":"2020-07-10T12:33:26","date_gmt":"2020-07-10T10:33:26","guid":{"rendered":"http:\/\/smeupnew.it\/magazine\/blog\/intervista-silvano-lancini-corriere-della-sera-ripartire\/"},"modified":"2022-05-16T16:46:14","modified_gmt":"2022-05-16T14:46:14","slug":"intervista-silvano-lancini-corriere-della-sera-ripartire","status":"publish","type":"post","link":"https:\/\/www.smeup.com\/magazine\/blog\/intervista-silvano-lancini-corriere-della-sera-ripartire\/","title":{"rendered":"Intervista a Silvano Lancini al Corriere della Sera: la chiave per ripartire"},"content":{"rendered":"<p><em>10 luglio 2020 &#8211; Silvano Lancini rilascia un&#8217;intervista per l&#8217;edizione di Brescia del Corriere della sera in merito alla crisi dovuta al Coronavirus e alla ripartenza delle aziende. &#8220;La crisi ci offre il tempo di investire sulle competenze&#8221;.<\/em><\/p>\n<h5>\u00abIndustria 4.0? Prima la cultura. \u00c8 questa la chiave per ripartire\u00bb<\/h5>\n<p>\u00abIo vorrei fare una cosa. Comprare mille tablet, farci incidere dietro la scritta \u201cGli imprenditori sono interessati alla tua formazione\u201d e poi regalarli alle scuole. Se trovo altri nove come me lo faccio, son 30 mila euro ad azienda, un investimento sostenibile, dato il ritorno\u00bb.<\/p>\n<p><em>Che ritorno?<\/em><\/p>\n<p>\u00abLa cultura. Perch\u00e9 la tecnologia \u00e8 solo uno strumento per accedervi\u00bb.<\/p>\n<p>Silvano Lancini, lei \u00e8 un ex insegnante e ha fama di essere un imprenditore illuminato, fu lei nel 2010 a pagare il debito lasciato da alcune famiglie alla mensa delle scuole di Adro. Ma \u00e8 anche un uomo di numeri, un tecnologo che con la sua Sme.UP trasferisce innovazione digitale alle imprese manifatturiere del territorio. Cosa c\u2019entra la cultura\u2014 i tablet \u2014 con le sfide che le aziende dovranno affrontare dopo l\u2019emergenza sanitaria? \u00abAbbiamo molti clienti, diversi l\u2019un l\u2019altro per settore e dimensione, quindi il nostro \u00e8 un buon osservatorio.<\/p>\n<p>Ebbene, molte organizzazioni hanno tenuto botta al lockdown, ma la parte pi\u00f9 difficile arriver\u00e0 fra qualche mese, quando si capir\u00e0 se gli ordini torneranno o meno. E allora, nel frattempo, si possono scegliere due approcci: il primo, pi\u00f9 conservativo, \u00e8 quello di rischiare il meno possibile; il secondo \u00e8 quello di reagire, di non aspettare passivamente il risveglio dei mercati. Certo, bisogna avere una posizione finanziaria solida e una visione imprenditoriale di medio lungo periodo\u00bb.<\/p>\n<p><em>Non mi ha ancora risposto, per\u00f2.<\/em><\/p>\n<p>\u00abE invece lo sto facendo. Il lockdown paradossalmente ci ha dato il tempo per pensare. Il mercato si riattiver\u00e0 probabilmente nei prossimi 12 mesi e fra 24 mesi avremo recuperato completamente la nostra normalit\u00e0. Ci\u00f2, per un\u2019azienda, significa che pu\u00f2 rischiare due anni di bilanci in rosso per farsi trovare pronta all\u2019appuntamento. Non intendo in macchinari, ma in formazione: l\u2019innovazione infatti non sta nell\u2019hardware di ultima generazione e nemmeno nel software, sta nelle menti del team. E glielo dice uno che per vivere vende software\u00bb.<\/p>\n<p><em>Quante aziende vostre clienti l\u2019hanno capito?<\/em><\/p>\n<p>\u00ab\u00c8 un discorso certo non semplice da interiorizzare, ma abbiamo il tempo per farlo, ed \u00e8 una fortuna. Il Ceo faccia in modo ad esempio che tutto il suo staff sappia usare Excel al massimo delle sue potenzialit\u00e0: non serve investire soldi, basta andare su YouTube e guardarsi un paio di tutorial. Ecco, invece di tenere a casa i dipendenti in cassa integrazione a guardare serie televisive, lo Stato avrebbe dovuto pagare il loro tempo per farli studiare\u00bb.<\/p>\n<p><em>Di qui la proposta dei tablet..<\/em>.<\/p>\n<p>\u00abUno sforzo economico minimo per un\u2019azienda, a patto per\u00f2 che l\u2019imprenditore ne riconosca la strategia. La verit\u00e0 \u00e8 che noi imprenditori abbiamo una grave responsabilit\u00e0, e cio\u00e8 quella di non aver mai fatto nulla per incentivare la cultura. Ora ad esempio, potremmo mettere i nostri Cto, i nostri Ict manager e i nostri direttori a disposizione delle scuole quando riapriranno. Questa non \u00e8 beneficienza n\u00e9 paternalismo: questo si chiama investire in innovazione\u00bb.<\/p>\n<p><em>Le ripercussioni del Covid sull\u2019economia hanno per\u00f2 rallentato gli investimenti in Industria 4.0. Non c\u2019\u00e8 il rischio che le imprese accantonino, almeno per il momento, i programmi di digital transformation e di passaggio a modelli organizzativi meno gerarchici e pi\u00f9 \u201cagile\u201d?<\/em><\/p>\n<p>\u00ab\u00c8 la scommessa di aziende come la nostra, che oltre a commercializzare software gestionali offrono anche attivit\u00e0 consulenziali avanzate per innescare il cambiamento abilitato dal digitale. Il primo passo, il pi\u00f9 importante, \u00e8 fare un check up delle proprie competenze e poi creare una piattaforma per il controllo e lo sviluppo delle conoscenze presenti in azienda. \u00c8 questo l\u2019elemento di competitivit\u00e0 che pu\u00f2 fare la differenza nella nuova normalit\u00e0 che ci aspetta fra 24 mesi\u00bb.<\/p>\n","protected":false},"excerpt":{"rendered":"<p>10 luglio 2020 &#8211; Silvano Lancini rilascia un&#8217;intervista per l&#8217;edizione di Brescia del Corriere della sera in merito alla crisi dovuta al Coronavirus e alla ripartenza delle aziende. &#8220;La crisi ci offre il tempo di investire sulle competenze&#8221;.<\/p>\n","protected":false},"author":1,"featured_media":51484,"comment_status":"open","ping_status":"open","sticky":false,"template":"","format":"standard","meta":{"_acf_changed":false,"footnotes":""},"categories":[1],"tags":[],"class_list":["post-51483","post","type-post","status-publish","format-standard","has-post-thumbnail","hentry","category-news-da-smeup"],"acf":[],"yoast_head":"<!-- This site is optimized with the Yoast SEO plugin v27.5 - https:\/\/yoast.com\/product\/yoast-seo-wordpress\/ -->\n<title>Intervista a Silvano Lancini al Corriere della Sera: la chiave per ripartire<\/title>\n<meta name=\"description\" content=\"10 luglio 2020 - Silvano Lancini rilascia un&#039;intervista per l&#039;edizione di Brescia del Corriere della sera in merito alla crisi dovuta al Coronavirus e alla ripartenza delle aziende. &quot;La crisi ci offre il tempo di investire sulle competenze&quot;.\" \/>\n<meta name=\"robots\" content=\"index, follow, max-snippet:-1, max-image-preview:large, max-video-preview:-1\" \/>\n<link rel=\"canonical\" href=\"https:\/\/www.smeup.com\/magazine\/blog\/intervista-silvano-lancini-corriere-della-sera-ripartire\/\" \/>\n<meta property=\"og:locale\" content=\"it_IT\" \/>\n<meta property=\"og:type\" content=\"article\" \/>\n<meta property=\"og:title\" content=\"Intervista a Silvano Lancini al Corriere della Sera: la chiave per ripartire\" \/>\n<meta property=\"og:description\" content=\"10 luglio 2020 - Silvano Lancini rilascia un&#039;intervista per l&#039;edizione di Brescia del Corriere della sera in merito alla crisi dovuta al Coronavirus e alla ripartenza delle aziende. &quot;La crisi ci offre il tempo di investire sulle competenze&quot;.\" \/>\n<meta property=\"og:url\" content=\"https:\/\/www.smeup.com\/magazine\/blog\/intervista-silvano-lancini-corriere-della-sera-ripartire\/\" \/>\n<meta property=\"og:site_name\" content=\"Magazine\" \/>\n<meta property=\"article:published_time\" content=\"2020-07-10T10:33:26+00:00\" \/>\n<meta property=\"article:modified_time\" content=\"2022-05-16T14:46:14+00:00\" \/>\n<meta property=\"og:image\" content=\"https:\/\/www.smeup.com\/magazine\/wp-content\/uploads\/sites\/5\/2021\/03\/intervista-silvano-lancini-corriere.png\" \/>\n\t<meta property=\"og:image:width\" content=\"1600\" \/>\n\t<meta property=\"og:image:height\" content=\"1200\" \/>\n\t<meta property=\"og:image:type\" content=\"image\/png\" \/>\n<meta name=\"author\" content=\"smeup\" \/>\n<meta name=\"twitter:card\" content=\"summary_large_image\" \/>\n<meta name=\"twitter:label1\" content=\"Scritto da\" \/>\n\t<meta name=\"twitter:data1\" content=\"smeup\" \/>\n\t<meta name=\"twitter:label2\" content=\"Tempo di lettura stimato\" \/>\n\t<meta name=\"twitter:data2\" content=\"4 minuti\" \/>\n<script type=\"application\/ld+json\" class=\"yoast-schema-graph\">{\"@context\":\"https:\\\/\\\/schema.org\",\"@graph\":[{\"@type\":\"Article\",\"@id\":\"https:\\\/\\\/www.smeup.com\\\/magazine\\\/blog\\\/intervista-silvano-lancini-corriere-della-sera-ripartire\\\/#article\",\"isPartOf\":{\"@id\":\"https:\\\/\\\/www.smeup.com\\\/magazine\\\/blog\\\/intervista-silvano-lancini-corriere-della-sera-ripartire\\\/\"},\"author\":{\"name\":\"smeup\",\"@id\":\"https:\\\/\\\/www.smeup.com\\\/magazine\\\/#\\\/schema\\\/person\\\/194a55d96e7e52223a84ff78468bf5c7\"},\"headline\":\"Intervista a Silvano Lancini al Corriere della Sera: la chiave per ripartire\",\"datePublished\":\"2020-07-10T10:33:26+00:00\",\"dateModified\":\"2022-05-16T14:46:14+00:00\",\"mainEntityOfPage\":{\"@id\":\"https:\\\/\\\/www.smeup.com\\\/magazine\\\/blog\\\/intervista-silvano-lancini-corriere-della-sera-ripartire\\\/\"},\"wordCount\":645,\"commentCount\":1,\"image\":{\"@id\":\"https:\\\/\\\/www.smeup.com\\\/magazine\\\/blog\\\/intervista-silvano-lancini-corriere-della-sera-ripartire\\\/#primaryimage\"},\"thumbnailUrl\":\"https:\\\/\\\/www.smeup.com\\\/magazine\\\/wp-content\\\/uploads\\\/sites\\\/5\\\/2021\\\/03\\\/intervista-silvano-lancini-corriere.png\",\"articleSection\":[\"News da smeup\"],\"inLanguage\":\"it-IT\",\"potentialAction\":[{\"@type\":\"CommentAction\",\"name\":\"Comment\",\"target\":[\"https:\\\/\\\/www.smeup.com\\\/magazine\\\/blog\\\/intervista-silvano-lancini-corriere-della-sera-ripartire\\\/#respond\"]}]},{\"@type\":\"WebPage\",\"@id\":\"https:\\\/\\\/www.smeup.com\\\/magazine\\\/blog\\\/intervista-silvano-lancini-corriere-della-sera-ripartire\\\/\",\"url\":\"https:\\\/\\\/www.smeup.com\\\/magazine\\\/blog\\\/intervista-silvano-lancini-corriere-della-sera-ripartire\\\/\",\"name\":\"Intervista a Silvano Lancini al Corriere della Sera: la chiave per ripartire\",\"isPartOf\":{\"@id\":\"https:\\\/\\\/www.smeup.com\\\/magazine\\\/#website\"},\"primaryImageOfPage\":{\"@id\":\"https:\\\/\\\/www.smeup.com\\\/magazine\\\/blog\\\/intervista-silvano-lancini-corriere-della-sera-ripartire\\\/#primaryimage\"},\"image\":{\"@id\":\"https:\\\/\\\/www.smeup.com\\\/magazine\\\/blog\\\/intervista-silvano-lancini-corriere-della-sera-ripartire\\\/#primaryimage\"},\"thumbnailUrl\":\"https:\\\/\\\/www.smeup.com\\\/magazine\\\/wp-content\\\/uploads\\\/sites\\\/5\\\/2021\\\/03\\\/intervista-silvano-lancini-corriere.png\",\"datePublished\":\"2020-07-10T10:33:26+00:00\",\"dateModified\":\"2022-05-16T14:46:14+00:00\",\"author\":{\"@id\":\"https:\\\/\\\/www.smeup.com\\\/magazine\\\/#\\\/schema\\\/person\\\/194a55d96e7e52223a84ff78468bf5c7\"},\"description\":\"10 luglio 2020 - Silvano Lancini rilascia un'intervista per l'edizione di Brescia del Corriere della sera in merito alla crisi dovuta al Coronavirus e alla ripartenza delle aziende. \\\"La crisi ci offre il tempo di investire sulle competenze\\\".\",\"breadcrumb\":{\"@id\":\"https:\\\/\\\/www.smeup.com\\\/magazine\\\/blog\\\/intervista-silvano-lancini-corriere-della-sera-ripartire\\\/#breadcrumb\"},\"inLanguage\":\"it-IT\",\"potentialAction\":[{\"@type\":\"ReadAction\",\"target\":[\"https:\\\/\\\/www.smeup.com\\\/magazine\\\/blog\\\/intervista-silvano-lancini-corriere-della-sera-ripartire\\\/\"]}]},{\"@type\":\"ImageObject\",\"inLanguage\":\"it-IT\",\"@id\":\"https:\\\/\\\/www.smeup.com\\\/magazine\\\/blog\\\/intervista-silvano-lancini-corriere-della-sera-ripartire\\\/#primaryimage\",\"url\":\"https:\\\/\\\/www.smeup.com\\\/magazine\\\/wp-content\\\/uploads\\\/sites\\\/5\\\/2021\\\/03\\\/intervista-silvano-lancini-corriere.png\",\"contentUrl\":\"https:\\\/\\\/www.smeup.com\\\/magazine\\\/wp-content\\\/uploads\\\/sites\\\/5\\\/2021\\\/03\\\/intervista-silvano-lancini-corriere.png\",\"width\":1600,\"height\":1200},{\"@type\":\"BreadcrumbList\",\"@id\":\"https:\\\/\\\/www.smeup.com\\\/magazine\\\/blog\\\/intervista-silvano-lancini-corriere-della-sera-ripartire\\\/#breadcrumb\",\"itemListElement\":[{\"@type\":\"ListItem\",\"position\":1,\"name\":\"Home\",\"item\":\"https:\\\/\\\/www.smeup.com\\\/magazine\\\/\"},{\"@type\":\"ListItem\",\"position\":2,\"name\":\"Intervista a Silvano Lancini al Corriere della Sera: la chiave per ripartire\"}]},{\"@type\":\"WebSite\",\"@id\":\"https:\\\/\\\/www.smeup.com\\\/magazine\\\/#website\",\"url\":\"https:\\\/\\\/www.smeup.com\\\/magazine\\\/\",\"name\":\"Magazine\",\"description\":\"smeup\",\"potentialAction\":[{\"@type\":\"SearchAction\",\"target\":{\"@type\":\"EntryPoint\",\"urlTemplate\":\"https:\\\/\\\/www.smeup.com\\\/magazine\\\/?s={search_term_string}\"},\"query-input\":{\"@type\":\"PropertyValueSpecification\",\"valueRequired\":true,\"valueName\":\"search_term_string\"}}],\"inLanguage\":\"it-IT\"},{\"@type\":\"Person\",\"@id\":\"https:\\\/\\\/www.smeup.com\\\/magazine\\\/#\\\/schema\\\/person\\\/194a55d96e7e52223a84ff78468bf5c7\",\"name\":\"smeup\",\"image\":{\"@type\":\"ImageObject\",\"inLanguage\":\"it-IT\",\"@id\":\"https:\\\/\\\/secure.gravatar.com\\\/avatar\\\/a88cc3ad6c0af01768fe2ac47c88a321699d97ced53c173f66ceaa51400f43ca?s=96&d=mm&r=g\",\"url\":\"https:\\\/\\\/secure.gravatar.com\\\/avatar\\\/a88cc3ad6c0af01768fe2ac47c88a321699d97ced53c173f66ceaa51400f43ca?s=96&d=mm&r=g\",\"contentUrl\":\"https:\\\/\\\/secure.gravatar.com\\\/avatar\\\/a88cc3ad6c0af01768fe2ac47c88a321699d97ced53c173f66ceaa51400f43ca?s=96&d=mm&r=g\",\"caption\":\"smeup\"},\"sameAs\":[\"https:\\\/\\\/www.smeup.com\"],\"url\":\"https:\\\/\\\/www.smeup.com\\\/magazine\\\/blog\\\/author\\\/admin\\\/\"}]}<\/script>\n<!-- \/ Yoast SEO plugin. -->","yoast_head_json":{"title":"Intervista a Silvano Lancini al Corriere della Sera: la chiave per ripartire","description":"10 luglio 2020 - Silvano Lancini rilascia un'intervista per l'edizione di Brescia del Corriere della sera in merito alla crisi dovuta al Coronavirus e alla ripartenza delle aziende. \"La crisi ci offre il tempo di investire sulle competenze\".","robots":{"index":"index","follow":"follow","max-snippet":"max-snippet:-1","max-image-preview":"max-image-preview:large","max-video-preview":"max-video-preview:-1"},"canonical":"https:\/\/www.smeup.com\/magazine\/blog\/intervista-silvano-lancini-corriere-della-sera-ripartire\/","og_locale":"it_IT","og_type":"article","og_title":"Intervista a Silvano Lancini al Corriere della Sera: la chiave per ripartire","og_description":"10 luglio 2020 - Silvano Lancini rilascia un'intervista per l'edizione di Brescia del Corriere della sera in merito alla crisi dovuta al Coronavirus e alla ripartenza delle aziende. \"La crisi ci offre il tempo di investire sulle competenze\".","og_url":"https:\/\/www.smeup.com\/magazine\/blog\/intervista-silvano-lancini-corriere-della-sera-ripartire\/","og_site_name":"Magazine","article_published_time":"2020-07-10T10:33:26+00:00","article_modified_time":"2022-05-16T14:46:14+00:00","og_image":[{"width":1600,"height":1200,"url":"https:\/\/www.smeup.com\/magazine\/wp-content\/uploads\/sites\/5\/2021\/03\/intervista-silvano-lancini-corriere.png","type":"image\/png"}],"author":"smeup","twitter_card":"summary_large_image","twitter_misc":{"Scritto da":"smeup","Tempo di lettura stimato":"4 minuti"},"schema":{"@context":"https:\/\/schema.org","@graph":[{"@type":"Article","@id":"https:\/\/www.smeup.com\/magazine\/blog\/intervista-silvano-lancini-corriere-della-sera-ripartire\/#article","isPartOf":{"@id":"https:\/\/www.smeup.com\/magazine\/blog\/intervista-silvano-lancini-corriere-della-sera-ripartire\/"},"author":{"name":"smeup","@id":"https:\/\/www.smeup.com\/magazine\/#\/schema\/person\/194a55d96e7e52223a84ff78468bf5c7"},"headline":"Intervista a Silvano Lancini al Corriere della Sera: la chiave per ripartire","datePublished":"2020-07-10T10:33:26+00:00","dateModified":"2022-05-16T14:46:14+00:00","mainEntityOfPage":{"@id":"https:\/\/www.smeup.com\/magazine\/blog\/intervista-silvano-lancini-corriere-della-sera-ripartire\/"},"wordCount":645,"commentCount":1,"image":{"@id":"https:\/\/www.smeup.com\/magazine\/blog\/intervista-silvano-lancini-corriere-della-sera-ripartire\/#primaryimage"},"thumbnailUrl":"https:\/\/www.smeup.com\/magazine\/wp-content\/uploads\/sites\/5\/2021\/03\/intervista-silvano-lancini-corriere.png","articleSection":["News da smeup"],"inLanguage":"it-IT","potentialAction":[{"@type":"CommentAction","name":"Comment","target":["https:\/\/www.smeup.com\/magazine\/blog\/intervista-silvano-lancini-corriere-della-sera-ripartire\/#respond"]}]},{"@type":"WebPage","@id":"https:\/\/www.smeup.com\/magazine\/blog\/intervista-silvano-lancini-corriere-della-sera-ripartire\/","url":"https:\/\/www.smeup.com\/magazine\/blog\/intervista-silvano-lancini-corriere-della-sera-ripartire\/","name":"Intervista a Silvano Lancini al Corriere della Sera: la chiave per ripartire","isPartOf":{"@id":"https:\/\/www.smeup.com\/magazine\/#website"},"primaryImageOfPage":{"@id":"https:\/\/www.smeup.com\/magazine\/blog\/intervista-silvano-lancini-corriere-della-sera-ripartire\/#primaryimage"},"image":{"@id":"https:\/\/www.smeup.com\/magazine\/blog\/intervista-silvano-lancini-corriere-della-sera-ripartire\/#primaryimage"},"thumbnailUrl":"https:\/\/www.smeup.com\/magazine\/wp-content\/uploads\/sites\/5\/2021\/03\/intervista-silvano-lancini-corriere.png","datePublished":"2020-07-10T10:33:26+00:00","dateModified":"2022-05-16T14:46:14+00:00","author":{"@id":"https:\/\/www.smeup.com\/magazine\/#\/schema\/person\/194a55d96e7e52223a84ff78468bf5c7"},"description":"10 luglio 2020 - Silvano Lancini rilascia un'intervista per l'edizione di Brescia del Corriere della sera in merito alla crisi dovuta al Coronavirus e alla ripartenza delle aziende. \"La crisi ci offre il tempo di investire sulle competenze\".","breadcrumb":{"@id":"https:\/\/www.smeup.com\/magazine\/blog\/intervista-silvano-lancini-corriere-della-sera-ripartire\/#breadcrumb"},"inLanguage":"it-IT","potentialAction":[{"@type":"ReadAction","target":["https:\/\/www.smeup.com\/magazine\/blog\/intervista-silvano-lancini-corriere-della-sera-ripartire\/"]}]},{"@type":"ImageObject","inLanguage":"it-IT","@id":"https:\/\/www.smeup.com\/magazine\/blog\/intervista-silvano-lancini-corriere-della-sera-ripartire\/#primaryimage","url":"https:\/\/www.smeup.com\/magazine\/wp-content\/uploads\/sites\/5\/2021\/03\/intervista-silvano-lancini-corriere.png","contentUrl":"https:\/\/www.smeup.com\/magazine\/wp-content\/uploads\/sites\/5\/2021\/03\/intervista-silvano-lancini-corriere.png","width":1600,"height":1200},{"@type":"BreadcrumbList","@id":"https:\/\/www.smeup.com\/magazine\/blog\/intervista-silvano-lancini-corriere-della-sera-ripartire\/#breadcrumb","itemListElement":[{"@type":"ListItem","position":1,"name":"Home","item":"https:\/\/www.smeup.com\/magazine\/"},{"@type":"ListItem","position":2,"name":"Intervista a Silvano Lancini al Corriere della Sera: la chiave per ripartire"}]},{"@type":"WebSite","@id":"https:\/\/www.smeup.com\/magazine\/#website","url":"https:\/\/www.smeup.com\/magazine\/","name":"Magazine","description":"smeup","potentialAction":[{"@type":"SearchAction","target":{"@type":"EntryPoint","urlTemplate":"https:\/\/www.smeup.com\/magazine\/?s={search_term_string}"},"query-input":{"@type":"PropertyValueSpecification","valueRequired":true,"valueName":"search_term_string"}}],"inLanguage":"it-IT"},{"@type":"Person","@id":"https:\/\/www.smeup.com\/magazine\/#\/schema\/person\/194a55d96e7e52223a84ff78468bf5c7","name":"smeup","image":{"@type":"ImageObject","inLanguage":"it-IT","@id":"https:\/\/secure.gravatar.com\/avatar\/a88cc3ad6c0af01768fe2ac47c88a321699d97ced53c173f66ceaa51400f43ca?s=96&d=mm&r=g","url":"https:\/\/secure.gravatar.com\/avatar\/a88cc3ad6c0af01768fe2ac47c88a321699d97ced53c173f66ceaa51400f43ca?s=96&d=mm&r=g","contentUrl":"https:\/\/secure.gravatar.com\/avatar\/a88cc3ad6c0af01768fe2ac47c88a321699d97ced53c173f66ceaa51400f43ca?s=96&d=mm&r=g","caption":"smeup"},"sameAs":["https:\/\/www.smeup.com"],"url":"https:\/\/www.smeup.com\/magazine\/blog\/author\/admin\/"}]}},"_links":{"self":[{"href":"https:\/\/www.smeup.com\/magazine\/wp-json\/wp\/v2\/posts\/51483","targetHints":{"allow":["GET"]}}],"collection":[{"href":"https:\/\/www.smeup.com\/magazine\/wp-json\/wp\/v2\/posts"}],"about":[{"href":"https:\/\/www.smeup.com\/magazine\/wp-json\/wp\/v2\/types\/post"}],"author":[{"embeddable":true,"href":"https:\/\/www.smeup.com\/magazine\/wp-json\/wp\/v2\/users\/1"}],"replies":[{"embeddable":true,"href":"https:\/\/www.smeup.com\/magazine\/wp-json\/wp\/v2\/comments?post=51483"}],"version-history":[{"count":1,"href":"https:\/\/www.smeup.com\/magazine\/wp-json\/wp\/v2\/posts\/51483\/revisions"}],"predecessor-version":[{"id":56046,"href":"https:\/\/www.smeup.com\/magazine\/wp-json\/wp\/v2\/posts\/51483\/revisions\/56046"}],"wp:featuredmedia":[{"embeddable":true,"href":"https:\/\/www.smeup.com\/magazine\/wp-json\/wp\/v2\/media\/51484"}],"wp:attachment":[{"href":"https:\/\/www.smeup.com\/magazine\/wp-json\/wp\/v2\/media?parent=51483"}],"wp:term":[{"taxonomy":"category","embeddable":true,"href":"https:\/\/www.smeup.com\/magazine\/wp-json\/wp\/v2\/categories?post=51483"},{"taxonomy":"post_tag","embeddable":true,"href":"https:\/\/www.smeup.com\/magazine\/wp-json\/wp\/v2\/tags?post=51483"}],"curies":[{"name":"wp","href":"https:\/\/api.w.org\/{rel}","templated":true}]}}