{"id":51488,"date":"2020-07-14T06:00:26","date_gmt":"2020-07-14T04:00:26","guid":{"rendered":"http:\/\/smeupnew.it\/magazine\/blog\/smeuppers-intervista-doppia-marco-laura\/"},"modified":"2021-11-03T19:03:58","modified_gmt":"2021-11-03T18:03:58","slug":"smeuppers-intervista-doppia-marco-laura","status":"publish","type":"post","link":"https:\/\/www.smeup.com\/magazine\/blog\/smeuppers-intervista-doppia-marco-laura\/","title":{"rendered":"Gli Smeuppers \u2013 Intervista doppia: Marco Pironato e Laura Sabattini"},"content":{"rendered":"<h5 style=\"text-align: center\"><strong>Chi sei? Come sei arrivato in smeup?<\/strong><\/h5>\n<p style=\"text-align: left\"><span style=\"font-weight: 400\"><strong>Marco<br \/>\n<\/strong><\/span><span style=\"font-weight: 400\">Ciao! Sono Marco Pironato. Dopo aver conseguito il diploma in lingue e dopo una brevissima esperienza in un call center, nel gennaio 2009 sono stato assunto da Netintegra col ruolo di Help Desk per seguire il cliente Ceva Logistics, attuale cliente di smeup. <\/span><span style=\"font-weight: 400\">Dopo un paio di anni circa, Netintegra \u00e8 entrata a far parte del gruppo Sme.UP pur mantenendo il nome e la sede lavorativa a Nova Milanese. <\/span><span style=\"font-weight: 400\">Nel 2013 io e altri miei colleghi siamo stati trasferiti presso la sede Sme.UP di Paderno Dugnano ed \u00e8 qui che \u00e8 cominciata la mia storia all\u2019interno dell\u2019azienda dove ho conosciuto nuovi colleghi e iniziato a lavorare per nuovi clienti, per i primi anni ancora come Netintegra e nel 2015 assunto ufficialmente da smeup.<\/span><\/p>\n<p style=\"text-align: left\"><span style=\"font-weight: 400\"><strong>Laura<br \/>\n<\/strong><\/span><span style=\"font-weight: 400\">Ciao, sono Laura Sabattini e ho 24 anni. Sono approdata nel mondo dell\u2019informatica durante la mia esperienza lavorativa in Archivist, piccola societ\u00e0 che mi ha permesso di acquisire competenze sull\u2019utilizzo dei principali software per la Fatturazione Elettronica e l\u2019Archiviazione Documentale. <\/span><span style=\"font-weight: 400\">Dall\u2019acquisizione di questa piccola azienda, sono arrivata in smeup a Marzo di quest\u2019anno. Ero molto entusiasta e carica di essermi unita a una realt\u00e0 molto pi\u00f9 grande rispetto a quella di Archivist, ma con infinite prospettive di crescita sia a livello professionale che personale.<\/span><\/p>\n<h5 style=\"text-align: center\"><strong>In quale sede lavori?<\/strong><\/h5>\n<p style=\"text-align: left\"><span style=\"font-weight: 400\"><strong>Marco<br \/>\n<\/strong><\/span><span style=\"font-weight: 400\">Lavoro nella sede di Nova Milanese.<\/span><\/p>\n<p style=\"text-align: left\"><span style=\"font-weight: 400\"><strong>Laura<br \/>\n<\/strong><\/span><span style=\"font-weight: 400\">Lavorer\u00f2 nella sede di Modena (appena sar\u00e0 possibile vedersi fisicamente \ud83d\ude42 )<\/span><\/p>\n<h5 style=\"text-align: center\"><strong>\u00a0Di cosa ti occupi in smeup?<\/strong><\/h5>\n<p style=\"text-align: left\"><strong>Marco<br \/>\n<\/strong><span style=\"font-weight: 400\">Faccio parte del reparto Help Desk I livello e mi occupo di dare assistenza ai clienti che ci contattano telefonicamente e via mail. <\/span><span style=\"font-weight: 400\">Nello specifico il lavoro consiste nel risolvere i problemi di nostra competenza e di smistare agli altri gruppi tutte le richieste non gestibili direttamente da noi, aprendo un ticket per ogni problema segnalato. <\/span><span style=\"font-weight: 400\">I clienti principali per cui lavoro sono una multinazionale di trasporti e logistica per la quale svolgo anche il ruolo di coordinatore del mio gruppo e quelli appartenenti al settore Retail che utilizzano il software Negoziando. <\/span><span style=\"font-weight: 400\">Oltre a questi mi occupo anche di clienti che utilizzano il software smeup, in modo particolare per la parte relativa alla contabilit\u00e0 e alla fatturazione elettronica.<\/span><\/p>\n<p style=\"text-align: left\"><strong>Laura<br \/>\n<\/strong><span style=\"font-weight: 400\">Sono Sales Assistant nel team commerciale. Affiancher\u00f2 Luca Ricc\u00f2, Sales Account per l\u2019Emilia, nella gestione commerciale dei clienti. Abbiamo parlato anche di molti progetti interessanti da poter realizzare pi\u00f9 avanti.<\/span><\/p>\n<h5 style=\"text-align: center\"><strong>Cosa ti piace di pi\u00f9 del tuo lavoro?<\/strong><\/h5>\n<p style=\"text-align: left\"><strong>Marco<br \/>\n<\/strong><span style=\"font-weight: 400\">L\u2019attivit\u00e0 che pi\u00f9 mi piace del mio lavoro \u00e8 la parte di back office.<\/span>Oltre al ruolo di Customer Service, mi occupo anche di scrivere procedure da condividere col mio gruppo e coi clienti, aggiornare la documentazione necessaria per il nostro lavoro e creare report per tenere costantemente monitorata la situazione. <span style=\"font-weight: 400\">Preferisco queste ultime attivit\u00e0 perch\u00e9 le considero di maggiore responsabilit\u00e0 e difficolt\u00e0. <\/span><span style=\"font-weight: 400\">Da una procedura chiara o da un documento aggiornato dipende il corretto svolgimento del lavoro da parte dell\u2019intero team e di conseguenza un servizio migliore fornito al cliente.\u00a0<\/span><span style=\"font-weight: 400\">Considero inoltre fondamentale la parte di reportistica perch\u00e9 permette di tenere sotto controllo la situazione e capire come intervenire per migliorare certi aspetti del lavoro.<\/span><\/p>\n<p style=\"text-align: left\"><strong>Laura<br \/>\n<\/strong><span style=\"font-weight: 400\">Mi piace ascoltare la \u201cstoria\u201d di ogni cliente, instaurare con ognuno di essi un rapporto di fiducia reciproca per poter capire i punti deboli della sua azienda e proporre loro la soluzione pi\u00f9 adeguata. La soddisfazione del cliente deve rimanere sempre la priorit\u00e0.<\/span><\/p>\n<h5 style=\"text-align: center\"><strong>Ricordi il tuo primo giorno in smeup?<\/strong><\/h5>\n<p style=\"text-align: left\"><strong>Marco<br \/>\n<\/strong><span style=\"font-weight: 400\">Era il 27 febbraio 2013 a Paderno Dugnano. <\/span><span style=\"font-weight: 400\">Mi avevano trasferito l\u00ec dalla vecchia sede di Netintegra insieme ad altri due colleghi. <\/span><span style=\"font-weight: 400\">Quel giorno ho conosciuto i primi colleghi di smeup. <\/span><span style=\"font-weight: 400\">Era un ambiente completamente diverso dal precedente perch\u00e9 sono passato da un piccolo ufficio con poche persone a una sede grande con tante.<\/span><\/p>\n<p style=\"text-align: left\"><span style=\"font-weight: 400\"><strong>Laura<br \/>\n<\/strong><\/span><span style=\"font-weight: 400\">Ho un ricordo del mio primo giorno solo \u201cvirtuale\u201d, ma non per questo meno emozionante. Guerino Conti ha organizzato una call generale con i miei colleghi \u201cex\u201d Archivist assieme a Roberto Magni ed altri colleghi, per darci ufficialmente il benvenuto nel gruppo. Ho subito percepito di essere entrata a far parte di un team molto solido e collaborativo. Per il resto, attendo con ansia il mio primo giorno \u201cfisico\u201d in azienda \ud83d\ude42<\/span><\/p>\n<h5 style=\"text-align: center\"><strong>Qual \u00e8 stato il momento pi\u00f9 bello o importante da quando lavori in smeup?<\/strong><\/h5>\n<p style=\"text-align: left\"><strong>Marco<br \/>\n<\/strong><span style=\"font-weight: 400\">Il momento pi\u00f9 importante \u00e8 stato nel giugno 2013 quando per un progetto sono andato in trasferta ad Amsterdam nella sede europea di un importante cliente del settore Retail per seguire un corso in lingua spagnola, che il cliente aveva organizzato per i responsabili dei punti vendita spagnoli, con lo scopo di imparare a conoscere il nuovo software di cassa in vista della partenza del nuovo servizio di Help Desk la settimana successiva. <\/span><span style=\"font-weight: 400\">Inizialmente ero molto preoccupato perch\u00e9 ai tempi non avevo ancora nessuna esperienza in ambito Retail e sentivo una forte responsabilit\u00e0 dovendo imparare molte informazioni da spiegare poi ai colleghi, il tutto in pochissimo tempo perch\u00e9 la trasferta era in giornata. <\/span><span style=\"font-weight: 400\">Alla fine \u00e8 andato tutto bene e posso dire che \u00e8 stata un\u2019esperienza interessante.<\/span><\/p>\n<p style=\"text-align: left\"><span style=\"font-weight: 400\"><strong>Laura<br \/>\n<\/strong><\/span><span style=\"font-weight: 400\">Essendo in smart working, spesso mi organizzavano varie call per fare la conoscenza di tutti i colleghi del team commerciale, anche nei momenti pi\u00f9 particolari. Chi mentre faceva una passeggiata nei boschi, chi era alla guida per recarsi da un cliente, ecc. Stranissimo, come la situazione che abbiamo vissuto in questi mesi, ma divertente allo stesso tempo. Si respirava un clima sereno e sempre pronto alla battuta!<\/span><\/p>\n<h5 style=\"text-align: center\"><strong>Hai un aneddoto divertente da raccontare?<\/strong><\/h5>\n<p><span style=\"font-weight: 400\"><strong>Marco<br \/>\n<\/strong><\/span><\/p>\n<p><span style=\"font-weight: 400\">Un\u2019estate di qualche anno fa nella sede di Paderno Dugnano in un periodo di caldo torrido, il condizionatore ha smesso di funzionare, i tecnici non potevano intervenire in giornata e in ufficio non si riusciva a resistere. <\/span><span style=\"font-weight: 400\">L\u2019anno prima un collega mi aveva spiegato come riavviarlo eseguendo una procedura che consentiva di farlo funzionare per un po\u2019 e tamponare la situazione. <\/span><span style=\"font-weight: 400\">Cos\u00ec quel giorno continuavo a fare su e gi\u00f9 dall\u2019ufficio al terrazzo per farlo ripartire anche solo temporaneamente, giusto per avere qualche minuto di fresco, poi si bloccava di nuovo. <\/span><span style=\"font-weight: 400\">Non ricordo di preciso quante volte sar\u00f2 salito, ma potrei avere passato pi\u00f9 tempo sul terrazzo che alla mia scrivania.<\/span><\/p>\n<p><strong>Laura<br \/>\n<\/strong><\/p>\n<p><span style=\"font-weight: 400\">Sono certa che di aneddoti divertenti da raccontare non ne mancheranno!<\/span><\/p>\n","protected":false},"excerpt":{"rendered":"<p>Chi sono gli Smeuppers, le persone che lavorano in smeup? Conosciamoli meglio! Intervista doppia a&#8230; Marco Pironato e Laura Sabattini.<\/p>\n","protected":false},"author":1,"featured_media":55584,"comment_status":"open","ping_status":"open","sticky":false,"template":"","format":"standard","meta":{"_acf_changed":false,"footnotes":""},"categories":[7211],"tags":[],"class_list":["post-51488","post","type-post","status-publish","format-standard","has-post-thumbnail","hentry","category-interviste"],"acf":[],"yoast_head":"<!-- This site is optimized with the Yoast SEO plugin v27.5 - https:\/\/yoast.com\/product\/yoast-seo-wordpress\/ -->\n<title>Gli Smeuppers \u2013 Intervista doppia: Marco Pironato e Laura Sabattini<\/title>\n<meta name=\"description\" content=\"Chi sono gli Smeuppers, le persone che lavorano in smeup? Conosciamoli meglio! Intervista doppia a... Marco Pironato e Laura Sabattini.\" \/>\n<meta name=\"robots\" content=\"index, follow, max-snippet:-1, max-image-preview:large, max-video-preview:-1\" \/>\n<link rel=\"canonical\" href=\"https:\/\/www.smeup.com\/magazine\/blog\/smeuppers-intervista-doppia-marco-laura\/\" \/>\n<meta property=\"og:locale\" content=\"it_IT\" \/>\n<meta property=\"og:type\" content=\"article\" \/>\n<meta property=\"og:title\" content=\"Gli Smeuppers \u2013 Intervista doppia: Marco Pironato e Laura Sabattini\" \/>\n<meta property=\"og:description\" content=\"Chi sono gli Smeuppers, le persone che lavorano in smeup? Conosciamoli meglio! Intervista doppia a... Marco Pironato e Laura Sabattini.\" \/>\n<meta property=\"og:url\" content=\"https:\/\/www.smeup.com\/magazine\/blog\/smeuppers-intervista-doppia-marco-laura\/\" \/>\n<meta property=\"og:site_name\" content=\"Magazine\" \/>\n<meta property=\"article:published_time\" content=\"2020-07-14T04:00:26+00:00\" \/>\n<meta property=\"article:modified_time\" content=\"2021-11-03T18:03:58+00:00\" \/>\n<meta property=\"og:image\" content=\"https:\/\/www.smeup.com\/magazine\/wp-content\/uploads\/sites\/5\/2021\/07\/smeuppers-intervista-doppia-Pironato-Sabattini.png\" \/>\n\t<meta property=\"og:image:width\" content=\"1600\" \/>\n\t<meta property=\"og:image:height\" content=\"907\" \/>\n\t<meta property=\"og:image:type\" content=\"image\/png\" \/>\n<meta name=\"author\" content=\"smeup\" \/>\n<meta name=\"twitter:card\" content=\"summary_large_image\" \/>\n<meta name=\"twitter:label1\" content=\"Scritto da\" \/>\n\t<meta name=\"twitter:data1\" content=\"smeup\" \/>\n\t<meta name=\"twitter:label2\" content=\"Tempo di lettura stimato\" \/>\n\t<meta name=\"twitter:data2\" content=\"5 minuti\" \/>\n<script type=\"application\/ld+json\" class=\"yoast-schema-graph\">{\"@context\":\"https:\\\/\\\/schema.org\",\"@graph\":[{\"@type\":\"Article\",\"@id\":\"https:\\\/\\\/www.smeup.com\\\/magazine\\\/blog\\\/smeuppers-intervista-doppia-marco-laura\\\/#article\",\"isPartOf\":{\"@id\":\"https:\\\/\\\/www.smeup.com\\\/magazine\\\/blog\\\/smeuppers-intervista-doppia-marco-laura\\\/\"},\"author\":{\"name\":\"smeup\",\"@id\":\"https:\\\/\\\/www.smeup.com\\\/magazine\\\/#\\\/schema\\\/person\\\/194a55d96e7e52223a84ff78468bf5c7\"},\"headline\":\"Gli Smeuppers \u2013 Intervista doppia: Marco Pironato e Laura Sabattini\",\"datePublished\":\"2020-07-14T04:00:26+00:00\",\"dateModified\":\"2021-11-03T18:03:58+00:00\",\"mainEntityOfPage\":{\"@id\":\"https:\\\/\\\/www.smeup.com\\\/magazine\\\/blog\\\/smeuppers-intervista-doppia-marco-laura\\\/\"},\"wordCount\":1047,\"commentCount\":0,\"image\":{\"@id\":\"https:\\\/\\\/www.smeup.com\\\/magazine\\\/blog\\\/smeuppers-intervista-doppia-marco-laura\\\/#primaryimage\"},\"thumbnailUrl\":\"https:\\\/\\\/www.smeup.com\\\/magazine\\\/wp-content\\\/uploads\\\/sites\\\/5\\\/2021\\\/07\\\/smeuppers-intervista-doppia-Pironato-Sabattini.png\",\"articleSection\":[\"Interviste\"],\"inLanguage\":\"it-IT\",\"potentialAction\":[{\"@type\":\"CommentAction\",\"name\":\"Comment\",\"target\":[\"https:\\\/\\\/www.smeup.com\\\/magazine\\\/blog\\\/smeuppers-intervista-doppia-marco-laura\\\/#respond\"]}]},{\"@type\":\"WebPage\",\"@id\":\"https:\\\/\\\/www.smeup.com\\\/magazine\\\/blog\\\/smeuppers-intervista-doppia-marco-laura\\\/\",\"url\":\"https:\\\/\\\/www.smeup.com\\\/magazine\\\/blog\\\/smeuppers-intervista-doppia-marco-laura\\\/\",\"name\":\"Gli Smeuppers \u2013 Intervista doppia: Marco Pironato e Laura Sabattini\",\"isPartOf\":{\"@id\":\"https:\\\/\\\/www.smeup.com\\\/magazine\\\/#website\"},\"primaryImageOfPage\":{\"@id\":\"https:\\\/\\\/www.smeup.com\\\/magazine\\\/blog\\\/smeuppers-intervista-doppia-marco-laura\\\/#primaryimage\"},\"image\":{\"@id\":\"https:\\\/\\\/www.smeup.com\\\/magazine\\\/blog\\\/smeuppers-intervista-doppia-marco-laura\\\/#primaryimage\"},\"thumbnailUrl\":\"https:\\\/\\\/www.smeup.com\\\/magazine\\\/wp-content\\\/uploads\\\/sites\\\/5\\\/2021\\\/07\\\/smeuppers-intervista-doppia-Pironato-Sabattini.png\",\"datePublished\":\"2020-07-14T04:00:26+00:00\",\"dateModified\":\"2021-11-03T18:03:58+00:00\",\"author\":{\"@id\":\"https:\\\/\\\/www.smeup.com\\\/magazine\\\/#\\\/schema\\\/person\\\/194a55d96e7e52223a84ff78468bf5c7\"},\"description\":\"Chi sono gli Smeuppers, le persone che lavorano in smeup? Conosciamoli meglio! Intervista doppia a... Marco Pironato e Laura Sabattini.\",\"breadcrumb\":{\"@id\":\"https:\\\/\\\/www.smeup.com\\\/magazine\\\/blog\\\/smeuppers-intervista-doppia-marco-laura\\\/#breadcrumb\"},\"inLanguage\":\"it-IT\",\"potentialAction\":[{\"@type\":\"ReadAction\",\"target\":[\"https:\\\/\\\/www.smeup.com\\\/magazine\\\/blog\\\/smeuppers-intervista-doppia-marco-laura\\\/\"]}]},{\"@type\":\"ImageObject\",\"inLanguage\":\"it-IT\",\"@id\":\"https:\\\/\\\/www.smeup.com\\\/magazine\\\/blog\\\/smeuppers-intervista-doppia-marco-laura\\\/#primaryimage\",\"url\":\"https:\\\/\\\/www.smeup.com\\\/magazine\\\/wp-content\\\/uploads\\\/sites\\\/5\\\/2021\\\/07\\\/smeuppers-intervista-doppia-Pironato-Sabattini.png\",\"contentUrl\":\"https:\\\/\\\/www.smeup.com\\\/magazine\\\/wp-content\\\/uploads\\\/sites\\\/5\\\/2021\\\/07\\\/smeuppers-intervista-doppia-Pironato-Sabattini.png\",\"width\":1600,\"height\":907},{\"@type\":\"BreadcrumbList\",\"@id\":\"https:\\\/\\\/www.smeup.com\\\/magazine\\\/blog\\\/smeuppers-intervista-doppia-marco-laura\\\/#breadcrumb\",\"itemListElement\":[{\"@type\":\"ListItem\",\"position\":1,\"name\":\"Home\",\"item\":\"https:\\\/\\\/www.smeup.com\\\/magazine\\\/\"},{\"@type\":\"ListItem\",\"position\":2,\"name\":\"Gli Smeuppers \u2013 Intervista doppia: Marco Pironato e Laura Sabattini\"}]},{\"@type\":\"WebSite\",\"@id\":\"https:\\\/\\\/www.smeup.com\\\/magazine\\\/#website\",\"url\":\"https:\\\/\\\/www.smeup.com\\\/magazine\\\/\",\"name\":\"Magazine\",\"description\":\"smeup\",\"potentialAction\":[{\"@type\":\"SearchAction\",\"target\":{\"@type\":\"EntryPoint\",\"urlTemplate\":\"https:\\\/\\\/www.smeup.com\\\/magazine\\\/?s={search_term_string}\"},\"query-input\":{\"@type\":\"PropertyValueSpecification\",\"valueRequired\":true,\"valueName\":\"search_term_string\"}}],\"inLanguage\":\"it-IT\"},{\"@type\":\"Person\",\"@id\":\"https:\\\/\\\/www.smeup.com\\\/magazine\\\/#\\\/schema\\\/person\\\/194a55d96e7e52223a84ff78468bf5c7\",\"name\":\"smeup\",\"image\":{\"@type\":\"ImageObject\",\"inLanguage\":\"it-IT\",\"@id\":\"https:\\\/\\\/secure.gravatar.com\\\/avatar\\\/a88cc3ad6c0af01768fe2ac47c88a321699d97ced53c173f66ceaa51400f43ca?s=96&d=mm&r=g\",\"url\":\"https:\\\/\\\/secure.gravatar.com\\\/avatar\\\/a88cc3ad6c0af01768fe2ac47c88a321699d97ced53c173f66ceaa51400f43ca?s=96&d=mm&r=g\",\"contentUrl\":\"https:\\\/\\\/secure.gravatar.com\\\/avatar\\\/a88cc3ad6c0af01768fe2ac47c88a321699d97ced53c173f66ceaa51400f43ca?s=96&d=mm&r=g\",\"caption\":\"smeup\"},\"sameAs\":[\"https:\\\/\\\/www.smeup.com\"],\"url\":\"https:\\\/\\\/www.smeup.com\\\/magazine\\\/blog\\\/author\\\/admin\\\/\"}]}<\/script>\n<!-- \/ Yoast SEO plugin. -->","yoast_head_json":{"title":"Gli Smeuppers \u2013 Intervista doppia: Marco Pironato e Laura Sabattini","description":"Chi sono gli Smeuppers, le persone che lavorano in smeup? Conosciamoli meglio! Intervista doppia a... Marco Pironato e Laura Sabattini.","robots":{"index":"index","follow":"follow","max-snippet":"max-snippet:-1","max-image-preview":"max-image-preview:large","max-video-preview":"max-video-preview:-1"},"canonical":"https:\/\/www.smeup.com\/magazine\/blog\/smeuppers-intervista-doppia-marco-laura\/","og_locale":"it_IT","og_type":"article","og_title":"Gli Smeuppers \u2013 Intervista doppia: Marco Pironato e Laura Sabattini","og_description":"Chi sono gli Smeuppers, le persone che lavorano in smeup? Conosciamoli meglio! Intervista doppia a... Marco Pironato e Laura Sabattini.","og_url":"https:\/\/www.smeup.com\/magazine\/blog\/smeuppers-intervista-doppia-marco-laura\/","og_site_name":"Magazine","article_published_time":"2020-07-14T04:00:26+00:00","article_modified_time":"2021-11-03T18:03:58+00:00","og_image":[{"width":1600,"height":907,"url":"https:\/\/www.smeup.com\/magazine\/wp-content\/uploads\/sites\/5\/2021\/07\/smeuppers-intervista-doppia-Pironato-Sabattini.png","type":"image\/png"}],"author":"smeup","twitter_card":"summary_large_image","twitter_misc":{"Scritto da":"smeup","Tempo di lettura stimato":"5 minuti"},"schema":{"@context":"https:\/\/schema.org","@graph":[{"@type":"Article","@id":"https:\/\/www.smeup.com\/magazine\/blog\/smeuppers-intervista-doppia-marco-laura\/#article","isPartOf":{"@id":"https:\/\/www.smeup.com\/magazine\/blog\/smeuppers-intervista-doppia-marco-laura\/"},"author":{"name":"smeup","@id":"https:\/\/www.smeup.com\/magazine\/#\/schema\/person\/194a55d96e7e52223a84ff78468bf5c7"},"headline":"Gli Smeuppers \u2013 Intervista doppia: Marco Pironato e Laura Sabattini","datePublished":"2020-07-14T04:00:26+00:00","dateModified":"2021-11-03T18:03:58+00:00","mainEntityOfPage":{"@id":"https:\/\/www.smeup.com\/magazine\/blog\/smeuppers-intervista-doppia-marco-laura\/"},"wordCount":1047,"commentCount":0,"image":{"@id":"https:\/\/www.smeup.com\/magazine\/blog\/smeuppers-intervista-doppia-marco-laura\/#primaryimage"},"thumbnailUrl":"https:\/\/www.smeup.com\/magazine\/wp-content\/uploads\/sites\/5\/2021\/07\/smeuppers-intervista-doppia-Pironato-Sabattini.png","articleSection":["Interviste"],"inLanguage":"it-IT","potentialAction":[{"@type":"CommentAction","name":"Comment","target":["https:\/\/www.smeup.com\/magazine\/blog\/smeuppers-intervista-doppia-marco-laura\/#respond"]}]},{"@type":"WebPage","@id":"https:\/\/www.smeup.com\/magazine\/blog\/smeuppers-intervista-doppia-marco-laura\/","url":"https:\/\/www.smeup.com\/magazine\/blog\/smeuppers-intervista-doppia-marco-laura\/","name":"Gli Smeuppers \u2013 Intervista doppia: Marco Pironato e Laura Sabattini","isPartOf":{"@id":"https:\/\/www.smeup.com\/magazine\/#website"},"primaryImageOfPage":{"@id":"https:\/\/www.smeup.com\/magazine\/blog\/smeuppers-intervista-doppia-marco-laura\/#primaryimage"},"image":{"@id":"https:\/\/www.smeup.com\/magazine\/blog\/smeuppers-intervista-doppia-marco-laura\/#primaryimage"},"thumbnailUrl":"https:\/\/www.smeup.com\/magazine\/wp-content\/uploads\/sites\/5\/2021\/07\/smeuppers-intervista-doppia-Pironato-Sabattini.png","datePublished":"2020-07-14T04:00:26+00:00","dateModified":"2021-11-03T18:03:58+00:00","author":{"@id":"https:\/\/www.smeup.com\/magazine\/#\/schema\/person\/194a55d96e7e52223a84ff78468bf5c7"},"description":"Chi sono gli Smeuppers, le persone che lavorano in smeup? Conosciamoli meglio! Intervista doppia a... Marco Pironato e Laura Sabattini.","breadcrumb":{"@id":"https:\/\/www.smeup.com\/magazine\/blog\/smeuppers-intervista-doppia-marco-laura\/#breadcrumb"},"inLanguage":"it-IT","potentialAction":[{"@type":"ReadAction","target":["https:\/\/www.smeup.com\/magazine\/blog\/smeuppers-intervista-doppia-marco-laura\/"]}]},{"@type":"ImageObject","inLanguage":"it-IT","@id":"https:\/\/www.smeup.com\/magazine\/blog\/smeuppers-intervista-doppia-marco-laura\/#primaryimage","url":"https:\/\/www.smeup.com\/magazine\/wp-content\/uploads\/sites\/5\/2021\/07\/smeuppers-intervista-doppia-Pironato-Sabattini.png","contentUrl":"https:\/\/www.smeup.com\/magazine\/wp-content\/uploads\/sites\/5\/2021\/07\/smeuppers-intervista-doppia-Pironato-Sabattini.png","width":1600,"height":907},{"@type":"BreadcrumbList","@id":"https:\/\/www.smeup.com\/magazine\/blog\/smeuppers-intervista-doppia-marco-laura\/#breadcrumb","itemListElement":[{"@type":"ListItem","position":1,"name":"Home","item":"https:\/\/www.smeup.com\/magazine\/"},{"@type":"ListItem","position":2,"name":"Gli Smeuppers \u2013 Intervista doppia: Marco Pironato e Laura Sabattini"}]},{"@type":"WebSite","@id":"https:\/\/www.smeup.com\/magazine\/#website","url":"https:\/\/www.smeup.com\/magazine\/","name":"Magazine","description":"smeup","potentialAction":[{"@type":"SearchAction","target":{"@type":"EntryPoint","urlTemplate":"https:\/\/www.smeup.com\/magazine\/?s={search_term_string}"},"query-input":{"@type":"PropertyValueSpecification","valueRequired":true,"valueName":"search_term_string"}}],"inLanguage":"it-IT"},{"@type":"Person","@id":"https:\/\/www.smeup.com\/magazine\/#\/schema\/person\/194a55d96e7e52223a84ff78468bf5c7","name":"smeup","image":{"@type":"ImageObject","inLanguage":"it-IT","@id":"https:\/\/secure.gravatar.com\/avatar\/a88cc3ad6c0af01768fe2ac47c88a321699d97ced53c173f66ceaa51400f43ca?s=96&d=mm&r=g","url":"https:\/\/secure.gravatar.com\/avatar\/a88cc3ad6c0af01768fe2ac47c88a321699d97ced53c173f66ceaa51400f43ca?s=96&d=mm&r=g","contentUrl":"https:\/\/secure.gravatar.com\/avatar\/a88cc3ad6c0af01768fe2ac47c88a321699d97ced53c173f66ceaa51400f43ca?s=96&d=mm&r=g","caption":"smeup"},"sameAs":["https:\/\/www.smeup.com"],"url":"https:\/\/www.smeup.com\/magazine\/blog\/author\/admin\/"}]}},"_links":{"self":[{"href":"https:\/\/www.smeup.com\/magazine\/wp-json\/wp\/v2\/posts\/51488","targetHints":{"allow":["GET"]}}],"collection":[{"href":"https:\/\/www.smeup.com\/magazine\/wp-json\/wp\/v2\/posts"}],"about":[{"href":"https:\/\/www.smeup.com\/magazine\/wp-json\/wp\/v2\/types\/post"}],"author":[{"embeddable":true,"href":"https:\/\/www.smeup.com\/magazine\/wp-json\/wp\/v2\/users\/1"}],"replies":[{"embeddable":true,"href":"https:\/\/www.smeup.com\/magazine\/wp-json\/wp\/v2\/comments?post=51488"}],"version-history":[{"count":2,"href":"https:\/\/www.smeup.com\/magazine\/wp-json\/wp\/v2\/posts\/51488\/revisions"}],"predecessor-version":[{"id":54948,"href":"https:\/\/www.smeup.com\/magazine\/wp-json\/wp\/v2\/posts\/51488\/revisions\/54948"}],"wp:featuredmedia":[{"embeddable":true,"href":"https:\/\/www.smeup.com\/magazine\/wp-json\/wp\/v2\/media\/55584"}],"wp:attachment":[{"href":"https:\/\/www.smeup.com\/magazine\/wp-json\/wp\/v2\/media?parent=51488"}],"wp:term":[{"taxonomy":"category","embeddable":true,"href":"https:\/\/www.smeup.com\/magazine\/wp-json\/wp\/v2\/categories?post=51488"},{"taxonomy":"post_tag","embeddable":true,"href":"https:\/\/www.smeup.com\/magazine\/wp-json\/wp\/v2\/tags?post=51488"}],"curies":[{"name":"wp","href":"https:\/\/api.w.org\/{rel}","templated":true}]}}