{"id":51767,"date":"2020-10-05T10:24:07","date_gmt":"2020-10-05T08:24:07","guid":{"rendered":"http:\/\/smeupnew.it\/magazine\/blog\/sme-up-su-la-provincia-di-lecco-speciale-master-digitalizzazione-dei-processi-aziendali\/"},"modified":"2021-10-07T15:36:37","modified_gmt":"2021-10-07T13:36:37","slug":"sme-up-su-la-provincia-di-lecco-speciale-master-digitalizzazione-dei-processi-aziendali","status":"publish","type":"post","link":"https:\/\/www.smeup.com\/magazine\/blog\/sme-up-su-la-provincia-di-lecco-speciale-master-digitalizzazione-dei-processi-aziendali\/","title":{"rendered":"smeup su La Provincia di Lecco con uno speciale sul Master Digitalizzazione dei processi aziendali."},"content":{"rendered":"<div class=\"fusion-fullwidth fullwidth-box fusion-builder-row-1 fusion-flex-container nonhundred-percent-fullwidth non-hundred-percent-height-scrolling gradient-container-1\" style=\"--awb-border-radius-top-left:0px;--awb-border-radius-top-right:0px;--awb-border-radius-bottom-right:0px;--awb-border-radius-bottom-left:0px;--awb-flex-wrap:wrap;\" ><div class=\"fusion-builder-row fusion-row fusion-flex-align-items-flex-start fusion-flex-content-wrap\" style=\"max-width:1144px;margin-left: calc(-4% \/ 2 );margin-right: calc(-4% \/ 2 );\"><div class=\"fusion-layout-column fusion_builder_column fusion-builder-column-0 fusion_builder_column_1_1 1_1 fusion-flex-column\" style=\"--awb-bg-size:cover;--awb-width-large:100%;--awb-margin-top-large:0px;--awb-spacing-right-large:1.92%;--awb-margin-bottom-large:0px;--awb-spacing-left-large:1.92%;--awb-width-medium:100%;--awb-spacing-right-medium:1.92%;--awb-spacing-left-medium:1.92%;--awb-width-small:100%;--awb-spacing-right-small:1.92%;--awb-spacing-left-small:1.92%;\"><div class=\"fusion-column-wrapper fusion-flex-justify-content-flex-start fusion-content-layout-column\"><div class=\"fusion-text fusion-text-1\"><p><em>30 settembre 2020<\/em> &#8211; Il Gruppo Sme.UP \u00e8 protagonista di uno speciale su La Provincia di Lecco dedicato al Master Digitalizzazione dei processi aziendali, con un&#8217;intervista a Gianna Ladu, Analyst Developer del Gruppo Sme.UP, che terr\u00e0 i tre incontri del Master.<\/p>\n<h5><strong>Il Gruppo Sme.UP propone tre webinar  fondamentali per la digitalizzazione delle aziende<\/strong><\/h5>\n<p>Tre webinar sulla digitalizzazione documentale si terranno nelle giornate di marted\u00ec 6, 13 e 20 ottobre dalle 11 alle 12. E&#8217; una proposta ed un&#8217;opportunit\u00e0 oggi ancora pi\u00f9 sentita dopo l&#8217;emergenza sanitaria ed a proporla \u00e8 il Gruppo Sme.UP, il partner ideale per le aziende che vogliono essere accompagnate nel processo della Digitai Transformation, valorizzando in\u00adtelligenze e processi di lavoro sotto la guida dell&#8217;innovazione. La mission di Sme.UP pu\u00f2 infatti essere cos\u00ec sintetizzata: aggregare le intelligenze sviluppate studiando processi azien\u00addali complessi, di settori diversi e realt\u00e0 specifiche con il know how tipico del cliente. L&#8217;obiettivo \u00e8 semplice: attraverso la digitalizzazione dei processi, i dati delle aziende vengono trasformati in valore aggiunto per il loro business. Per accompagnare le aziende nel processo di innovazione, Sme.UP mette in primo piano le proprie competenze per proporre la so\u00adluzione pi\u00f9 adatta alle specifiche esigenze dell&#8217;impresa e al contesto di business.<\/p>\n<h6><strong>La nuova frontiera della gestione documentale<\/strong><\/h6>\n<p>Con il Covid-19 ci si \u00e8 trovati di fronte ad una sfida che Sme.UP vuole aiutare a combattere, affiancando aziende e professionisti e aiutandoli a cogliere nuove possibilit\u00e0, a trasformare questo tempo di rallentamenti in opportunit\u00e0 e a migliorare l&#8217;approccio alle tecnologie digitali favorendo stili di vita e lavorativi sempre pi\u00f9 smart. In questo contesto si inserisce il Software Documentale di Sme.UP che \u00e8 la soluzione ideale per aziende che necessitano di un software per la gestione dei documenti.<br \/>\nDalla firma digitale, all&#8217;archiviazione sostitutiva, documenti fiscali e registri contabili: tutto in un unico software che garantisce la gestione completa del workflow aziendale.<\/p>\n<p>Il modello di gestione documentale permette di amministrare qual\u00adsiasi tipo di documento ed informazione, in totale sicurezza e ren\u00addendo immediato il loro reperimento.<br \/>\nSu questa tematica si svolgeranno i tre webinar del 6, 13 e 20 otto\u00adbre tenuti da Gianna Ladu, Analyst Developer Documentale Gruppo Sme.UP. I tre webinar affronteranno l&#8217;argomento in tre parti. L&#8217;appuntamento del 6 ottobre affronter\u00e0 le modalit\u00e0 con cui attuare la digitalizzazione attraverso lo strumento riservato proprio ai documenti.<br \/>\nLa seconda parte sar\u00e0 trattata il 13 ottobre e riguarder\u00e0 la gestione dei processi. Ogni documento che entra nel documentale scatena un processo, che coinvolge persone e uffici. Occorre replicare tele\u00admaticamente quello che avviene in ufficio. Infine, il 20 ottobre si af\u00adfronter\u00e0 quella che \u00e8 possibile definire come la digitalizzazione per tutti. Con le nuove evoluzioni tecnologiche si pu\u00f2 interagire con un documento ovunque ed anche sullo smartphone. Una praticit\u00e0 che \u00e8 stata molto apprezzata per esempio nel lockdown.<\/p>\n<p>Chi parteciper\u00e0 al webinar ed acquister\u00e0 il documentale potr\u00e0 usufruirne gratuitamente per i primi tre mesi.<br \/>\n<span style=\"color: #d41124\"><strong><a style=\"color: #d41124\" href=\"https:\/\/www.smeup.com\/eventi\/master-digitalizzazione-dei-processi-aziendali\/\">Clicca qui<\/a> <\/strong><\/span>per iscriverti al Master.<\/p>\n<\/div><\/div><\/div><\/div><\/div>\n","protected":false},"excerpt":{"rendered":"<p>smeup \u00e8 protagonista di uno speciale su La Provincia di Lecco dedicato al Master Digitalizzazione dei processi aziendali.<\/p>\n","protected":false},"author":1,"featured_media":51768,"comment_status":"open","ping_status":"open","sticky":false,"template":"","format":"standard","meta":{"_acf_changed":false,"footnotes":""},"categories":[1],"tags":[],"class_list":["post-51767","post","type-post","status-publish","format-standard","has-post-thumbnail","hentry","category-news-da-smeup"],"acf":[],"yoast_head":"<!-- This site is optimized with the Yoast SEO plugin v27.5 - https:\/\/yoast.com\/product\/yoast-seo-wordpress\/ -->\n<title>La Provincia di Lecco con: &quot;Master Digitalizzazione dei processi aziendali&quot;.<\/title>\n<meta name=\"description\" content=\"smeup \u00e8 protagonista di uno speciale su La Provincia di Lecco dedicato al Master Digitalizzazione dei processi aziendali.\" \/>\n<meta name=\"robots\" content=\"index, follow, max-snippet:-1, max-image-preview:large, max-video-preview:-1\" \/>\n<link rel=\"canonical\" href=\"https:\/\/www.smeup.com\/magazine\/blog\/sme-up-su-la-provincia-di-lecco-speciale-master-digitalizzazione-dei-processi-aziendali\/\" \/>\n<meta property=\"og:locale\" content=\"it_IT\" \/>\n<meta property=\"og:type\" content=\"article\" \/>\n<meta property=\"og:title\" content=\"La Provincia di Lecco con: &quot;Master Digitalizzazione dei processi aziendali&quot;.\" \/>\n<meta property=\"og:description\" content=\"smeup \u00e8 protagonista di uno speciale su La Provincia di Lecco dedicato al Master Digitalizzazione dei processi aziendali.\" \/>\n<meta property=\"og:url\" content=\"https:\/\/www.smeup.com\/magazine\/blog\/sme-up-su-la-provincia-di-lecco-speciale-master-digitalizzazione-dei-processi-aziendali\/\" \/>\n<meta property=\"og:site_name\" content=\"Magazine\" \/>\n<meta property=\"article:published_time\" content=\"2020-10-05T08:24:07+00:00\" \/>\n<meta property=\"article:modified_time\" content=\"2021-10-07T13:36:37+00:00\" \/>\n<meta property=\"og:image\" content=\"https:\/\/www.smeup.com\/magazine\/wp-content\/uploads\/sites\/5\/2021\/03\/webinar-master-digitalizzazione-documentale_seo-social.png\" \/>\n\t<meta property=\"og:image:width\" content=\"1200\" \/>\n\t<meta property=\"og:image:height\" content=\"630\" \/>\n\t<meta property=\"og:image:type\" content=\"image\/png\" \/>\n<meta name=\"author\" content=\"smeup\" \/>\n<meta name=\"twitter:card\" content=\"summary_large_image\" \/>\n<meta name=\"twitter:label1\" content=\"Scritto da\" \/>\n\t<meta name=\"twitter:data1\" content=\"smeup\" \/>\n\t<meta name=\"twitter:label2\" content=\"Tempo di lettura stimato\" \/>\n\t<meta name=\"twitter:data2\" content=\"3 minuti\" \/>\n<script type=\"application\/ld+json\" class=\"yoast-schema-graph\">{\"@context\":\"https:\\\/\\\/schema.org\",\"@graph\":[{\"@type\":\"Article\",\"@id\":\"https:\\\/\\\/www.smeup.com\\\/magazine\\\/blog\\\/sme-up-su-la-provincia-di-lecco-speciale-master-digitalizzazione-dei-processi-aziendali\\\/#article\",\"isPartOf\":{\"@id\":\"https:\\\/\\\/www.smeup.com\\\/magazine\\\/blog\\\/sme-up-su-la-provincia-di-lecco-speciale-master-digitalizzazione-dei-processi-aziendali\\\/\"},\"author\":{\"name\":\"smeup\",\"@id\":\"https:\\\/\\\/www.smeup.com\\\/magazine\\\/#\\\/schema\\\/person\\\/194a55d96e7e52223a84ff78468bf5c7\"},\"headline\":\"smeup su La Provincia di Lecco con uno speciale sul Master Digitalizzazione dei processi aziendali.\",\"datePublished\":\"2020-10-05T08:24:07+00:00\",\"dateModified\":\"2021-10-07T13:36:37+00:00\",\"mainEntityOfPage\":{\"@id\":\"https:\\\/\\\/www.smeup.com\\\/magazine\\\/blog\\\/sme-up-su-la-provincia-di-lecco-speciale-master-digitalizzazione-dei-processi-aziendali\\\/\"},\"wordCount\":641,\"commentCount\":0,\"image\":{\"@id\":\"https:\\\/\\\/www.smeup.com\\\/magazine\\\/blog\\\/sme-up-su-la-provincia-di-lecco-speciale-master-digitalizzazione-dei-processi-aziendali\\\/#primaryimage\"},\"thumbnailUrl\":\"https:\\\/\\\/www.smeup.com\\\/magazine\\\/wp-content\\\/uploads\\\/sites\\\/5\\\/2021\\\/03\\\/webinar-master-digitalizzazione-documentale_seo-social.png\",\"articleSection\":[\"News da smeup\"],\"inLanguage\":\"it-IT\",\"potentialAction\":[{\"@type\":\"CommentAction\",\"name\":\"Comment\",\"target\":[\"https:\\\/\\\/www.smeup.com\\\/magazine\\\/blog\\\/sme-up-su-la-provincia-di-lecco-speciale-master-digitalizzazione-dei-processi-aziendali\\\/#respond\"]}]},{\"@type\":\"WebPage\",\"@id\":\"https:\\\/\\\/www.smeup.com\\\/magazine\\\/blog\\\/sme-up-su-la-provincia-di-lecco-speciale-master-digitalizzazione-dei-processi-aziendali\\\/\",\"url\":\"https:\\\/\\\/www.smeup.com\\\/magazine\\\/blog\\\/sme-up-su-la-provincia-di-lecco-speciale-master-digitalizzazione-dei-processi-aziendali\\\/\",\"name\":\"La Provincia di Lecco con: \\\"Master Digitalizzazione dei processi aziendali\\\".\",\"isPartOf\":{\"@id\":\"https:\\\/\\\/www.smeup.com\\\/magazine\\\/#website\"},\"primaryImageOfPage\":{\"@id\":\"https:\\\/\\\/www.smeup.com\\\/magazine\\\/blog\\\/sme-up-su-la-provincia-di-lecco-speciale-master-digitalizzazione-dei-processi-aziendali\\\/#primaryimage\"},\"image\":{\"@id\":\"https:\\\/\\\/www.smeup.com\\\/magazine\\\/blog\\\/sme-up-su-la-provincia-di-lecco-speciale-master-digitalizzazione-dei-processi-aziendali\\\/#primaryimage\"},\"thumbnailUrl\":\"https:\\\/\\\/www.smeup.com\\\/magazine\\\/wp-content\\\/uploads\\\/sites\\\/5\\\/2021\\\/03\\\/webinar-master-digitalizzazione-documentale_seo-social.png\",\"datePublished\":\"2020-10-05T08:24:07+00:00\",\"dateModified\":\"2021-10-07T13:36:37+00:00\",\"author\":{\"@id\":\"https:\\\/\\\/www.smeup.com\\\/magazine\\\/#\\\/schema\\\/person\\\/194a55d96e7e52223a84ff78468bf5c7\"},\"description\":\"smeup \u00e8 protagonista di uno speciale su La Provincia di Lecco dedicato al Master Digitalizzazione dei processi aziendali.\",\"breadcrumb\":{\"@id\":\"https:\\\/\\\/www.smeup.com\\\/magazine\\\/blog\\\/sme-up-su-la-provincia-di-lecco-speciale-master-digitalizzazione-dei-processi-aziendali\\\/#breadcrumb\"},\"inLanguage\":\"it-IT\",\"potentialAction\":[{\"@type\":\"ReadAction\",\"target\":[\"https:\\\/\\\/www.smeup.com\\\/magazine\\\/blog\\\/sme-up-su-la-provincia-di-lecco-speciale-master-digitalizzazione-dei-processi-aziendali\\\/\"]}]},{\"@type\":\"ImageObject\",\"inLanguage\":\"it-IT\",\"@id\":\"https:\\\/\\\/www.smeup.com\\\/magazine\\\/blog\\\/sme-up-su-la-provincia-di-lecco-speciale-master-digitalizzazione-dei-processi-aziendali\\\/#primaryimage\",\"url\":\"https:\\\/\\\/www.smeup.com\\\/magazine\\\/wp-content\\\/uploads\\\/sites\\\/5\\\/2021\\\/03\\\/webinar-master-digitalizzazione-documentale_seo-social.png\",\"contentUrl\":\"https:\\\/\\\/www.smeup.com\\\/magazine\\\/wp-content\\\/uploads\\\/sites\\\/5\\\/2021\\\/03\\\/webinar-master-digitalizzazione-documentale_seo-social.png\",\"width\":1200,\"height\":630,\"caption\":\"smeup digitalizzazione dei processi aziendali\"},{\"@type\":\"BreadcrumbList\",\"@id\":\"https:\\\/\\\/www.smeup.com\\\/magazine\\\/blog\\\/sme-up-su-la-provincia-di-lecco-speciale-master-digitalizzazione-dei-processi-aziendali\\\/#breadcrumb\",\"itemListElement\":[{\"@type\":\"ListItem\",\"position\":1,\"name\":\"Home\",\"item\":\"https:\\\/\\\/www.smeup.com\\\/magazine\\\/\"},{\"@type\":\"ListItem\",\"position\":2,\"name\":\"smeup su La Provincia di Lecco con uno speciale sul Master Digitalizzazione dei processi aziendali.\"}]},{\"@type\":\"WebSite\",\"@id\":\"https:\\\/\\\/www.smeup.com\\\/magazine\\\/#website\",\"url\":\"https:\\\/\\\/www.smeup.com\\\/magazine\\\/\",\"name\":\"Magazine\",\"description\":\"smeup\",\"potentialAction\":[{\"@type\":\"SearchAction\",\"target\":{\"@type\":\"EntryPoint\",\"urlTemplate\":\"https:\\\/\\\/www.smeup.com\\\/magazine\\\/?s={search_term_string}\"},\"query-input\":{\"@type\":\"PropertyValueSpecification\",\"valueRequired\":true,\"valueName\":\"search_term_string\"}}],\"inLanguage\":\"it-IT\"},{\"@type\":\"Person\",\"@id\":\"https:\\\/\\\/www.smeup.com\\\/magazine\\\/#\\\/schema\\\/person\\\/194a55d96e7e52223a84ff78468bf5c7\",\"name\":\"smeup\",\"image\":{\"@type\":\"ImageObject\",\"inLanguage\":\"it-IT\",\"@id\":\"https:\\\/\\\/secure.gravatar.com\\\/avatar\\\/a88cc3ad6c0af01768fe2ac47c88a321699d97ced53c173f66ceaa51400f43ca?s=96&d=mm&r=g\",\"url\":\"https:\\\/\\\/secure.gravatar.com\\\/avatar\\\/a88cc3ad6c0af01768fe2ac47c88a321699d97ced53c173f66ceaa51400f43ca?s=96&d=mm&r=g\",\"contentUrl\":\"https:\\\/\\\/secure.gravatar.com\\\/avatar\\\/a88cc3ad6c0af01768fe2ac47c88a321699d97ced53c173f66ceaa51400f43ca?s=96&d=mm&r=g\",\"caption\":\"smeup\"},\"sameAs\":[\"https:\\\/\\\/www.smeup.com\"],\"url\":\"https:\\\/\\\/www.smeup.com\\\/magazine\\\/blog\\\/author\\\/admin\\\/\"}]}<\/script>\n<!-- \/ Yoast SEO plugin. -->","yoast_head_json":{"title":"La Provincia di Lecco con: \"Master Digitalizzazione dei processi aziendali\".","description":"smeup \u00e8 protagonista di uno speciale su La Provincia di Lecco dedicato al Master Digitalizzazione dei processi aziendali.","robots":{"index":"index","follow":"follow","max-snippet":"max-snippet:-1","max-image-preview":"max-image-preview:large","max-video-preview":"max-video-preview:-1"},"canonical":"https:\/\/www.smeup.com\/magazine\/blog\/sme-up-su-la-provincia-di-lecco-speciale-master-digitalizzazione-dei-processi-aziendali\/","og_locale":"it_IT","og_type":"article","og_title":"La Provincia di Lecco con: \"Master Digitalizzazione dei processi aziendali\".","og_description":"smeup \u00e8 protagonista di uno speciale su La Provincia di Lecco dedicato al Master Digitalizzazione dei processi aziendali.","og_url":"https:\/\/www.smeup.com\/magazine\/blog\/sme-up-su-la-provincia-di-lecco-speciale-master-digitalizzazione-dei-processi-aziendali\/","og_site_name":"Magazine","article_published_time":"2020-10-05T08:24:07+00:00","article_modified_time":"2021-10-07T13:36:37+00:00","og_image":[{"width":1200,"height":630,"url":"https:\/\/www.smeup.com\/magazine\/wp-content\/uploads\/sites\/5\/2021\/03\/webinar-master-digitalizzazione-documentale_seo-social.png","type":"image\/png"}],"author":"smeup","twitter_card":"summary_large_image","twitter_misc":{"Scritto da":"smeup","Tempo di lettura stimato":"3 minuti"},"schema":{"@context":"https:\/\/schema.org","@graph":[{"@type":"Article","@id":"https:\/\/www.smeup.com\/magazine\/blog\/sme-up-su-la-provincia-di-lecco-speciale-master-digitalizzazione-dei-processi-aziendali\/#article","isPartOf":{"@id":"https:\/\/www.smeup.com\/magazine\/blog\/sme-up-su-la-provincia-di-lecco-speciale-master-digitalizzazione-dei-processi-aziendali\/"},"author":{"name":"smeup","@id":"https:\/\/www.smeup.com\/magazine\/#\/schema\/person\/194a55d96e7e52223a84ff78468bf5c7"},"headline":"smeup su La Provincia di Lecco con uno speciale sul Master Digitalizzazione dei processi aziendali.","datePublished":"2020-10-05T08:24:07+00:00","dateModified":"2021-10-07T13:36:37+00:00","mainEntityOfPage":{"@id":"https:\/\/www.smeup.com\/magazine\/blog\/sme-up-su-la-provincia-di-lecco-speciale-master-digitalizzazione-dei-processi-aziendali\/"},"wordCount":641,"commentCount":0,"image":{"@id":"https:\/\/www.smeup.com\/magazine\/blog\/sme-up-su-la-provincia-di-lecco-speciale-master-digitalizzazione-dei-processi-aziendali\/#primaryimage"},"thumbnailUrl":"https:\/\/www.smeup.com\/magazine\/wp-content\/uploads\/sites\/5\/2021\/03\/webinar-master-digitalizzazione-documentale_seo-social.png","articleSection":["News da smeup"],"inLanguage":"it-IT","potentialAction":[{"@type":"CommentAction","name":"Comment","target":["https:\/\/www.smeup.com\/magazine\/blog\/sme-up-su-la-provincia-di-lecco-speciale-master-digitalizzazione-dei-processi-aziendali\/#respond"]}]},{"@type":"WebPage","@id":"https:\/\/www.smeup.com\/magazine\/blog\/sme-up-su-la-provincia-di-lecco-speciale-master-digitalizzazione-dei-processi-aziendali\/","url":"https:\/\/www.smeup.com\/magazine\/blog\/sme-up-su-la-provincia-di-lecco-speciale-master-digitalizzazione-dei-processi-aziendali\/","name":"La Provincia di Lecco con: \"Master Digitalizzazione dei processi aziendali\".","isPartOf":{"@id":"https:\/\/www.smeup.com\/magazine\/#website"},"primaryImageOfPage":{"@id":"https:\/\/www.smeup.com\/magazine\/blog\/sme-up-su-la-provincia-di-lecco-speciale-master-digitalizzazione-dei-processi-aziendali\/#primaryimage"},"image":{"@id":"https:\/\/www.smeup.com\/magazine\/blog\/sme-up-su-la-provincia-di-lecco-speciale-master-digitalizzazione-dei-processi-aziendali\/#primaryimage"},"thumbnailUrl":"https:\/\/www.smeup.com\/magazine\/wp-content\/uploads\/sites\/5\/2021\/03\/webinar-master-digitalizzazione-documentale_seo-social.png","datePublished":"2020-10-05T08:24:07+00:00","dateModified":"2021-10-07T13:36:37+00:00","author":{"@id":"https:\/\/www.smeup.com\/magazine\/#\/schema\/person\/194a55d96e7e52223a84ff78468bf5c7"},"description":"smeup \u00e8 protagonista di uno speciale su La Provincia di Lecco dedicato al Master Digitalizzazione dei processi aziendali.","breadcrumb":{"@id":"https:\/\/www.smeup.com\/magazine\/blog\/sme-up-su-la-provincia-di-lecco-speciale-master-digitalizzazione-dei-processi-aziendali\/#breadcrumb"},"inLanguage":"it-IT","potentialAction":[{"@type":"ReadAction","target":["https:\/\/www.smeup.com\/magazine\/blog\/sme-up-su-la-provincia-di-lecco-speciale-master-digitalizzazione-dei-processi-aziendali\/"]}]},{"@type":"ImageObject","inLanguage":"it-IT","@id":"https:\/\/www.smeup.com\/magazine\/blog\/sme-up-su-la-provincia-di-lecco-speciale-master-digitalizzazione-dei-processi-aziendali\/#primaryimage","url":"https:\/\/www.smeup.com\/magazine\/wp-content\/uploads\/sites\/5\/2021\/03\/webinar-master-digitalizzazione-documentale_seo-social.png","contentUrl":"https:\/\/www.smeup.com\/magazine\/wp-content\/uploads\/sites\/5\/2021\/03\/webinar-master-digitalizzazione-documentale_seo-social.png","width":1200,"height":630,"caption":"smeup digitalizzazione dei processi aziendali"},{"@type":"BreadcrumbList","@id":"https:\/\/www.smeup.com\/magazine\/blog\/sme-up-su-la-provincia-di-lecco-speciale-master-digitalizzazione-dei-processi-aziendali\/#breadcrumb","itemListElement":[{"@type":"ListItem","position":1,"name":"Home","item":"https:\/\/www.smeup.com\/magazine\/"},{"@type":"ListItem","position":2,"name":"smeup su La Provincia di Lecco con uno speciale sul Master Digitalizzazione dei processi aziendali."}]},{"@type":"WebSite","@id":"https:\/\/www.smeup.com\/magazine\/#website","url":"https:\/\/www.smeup.com\/magazine\/","name":"Magazine","description":"smeup","potentialAction":[{"@type":"SearchAction","target":{"@type":"EntryPoint","urlTemplate":"https:\/\/www.smeup.com\/magazine\/?s={search_term_string}"},"query-input":{"@type":"PropertyValueSpecification","valueRequired":true,"valueName":"search_term_string"}}],"inLanguage":"it-IT"},{"@type":"Person","@id":"https:\/\/www.smeup.com\/magazine\/#\/schema\/person\/194a55d96e7e52223a84ff78468bf5c7","name":"smeup","image":{"@type":"ImageObject","inLanguage":"it-IT","@id":"https:\/\/secure.gravatar.com\/avatar\/a88cc3ad6c0af01768fe2ac47c88a321699d97ced53c173f66ceaa51400f43ca?s=96&d=mm&r=g","url":"https:\/\/secure.gravatar.com\/avatar\/a88cc3ad6c0af01768fe2ac47c88a321699d97ced53c173f66ceaa51400f43ca?s=96&d=mm&r=g","contentUrl":"https:\/\/secure.gravatar.com\/avatar\/a88cc3ad6c0af01768fe2ac47c88a321699d97ced53c173f66ceaa51400f43ca?s=96&d=mm&r=g","caption":"smeup"},"sameAs":["https:\/\/www.smeup.com"],"url":"https:\/\/www.smeup.com\/magazine\/blog\/author\/admin\/"}]}},"_links":{"self":[{"href":"https:\/\/www.smeup.com\/magazine\/wp-json\/wp\/v2\/posts\/51767","targetHints":{"allow":["GET"]}}],"collection":[{"href":"https:\/\/www.smeup.com\/magazine\/wp-json\/wp\/v2\/posts"}],"about":[{"href":"https:\/\/www.smeup.com\/magazine\/wp-json\/wp\/v2\/types\/post"}],"author":[{"embeddable":true,"href":"https:\/\/www.smeup.com\/magazine\/wp-json\/wp\/v2\/users\/1"}],"replies":[{"embeddable":true,"href":"https:\/\/www.smeup.com\/magazine\/wp-json\/wp\/v2\/comments?post=51767"}],"version-history":[{"count":3,"href":"https:\/\/www.smeup.com\/magazine\/wp-json\/wp\/v2\/posts\/51767\/revisions"}],"predecessor-version":[{"id":55483,"href":"https:\/\/www.smeup.com\/magazine\/wp-json\/wp\/v2\/posts\/51767\/revisions\/55483"}],"wp:featuredmedia":[{"embeddable":true,"href":"https:\/\/www.smeup.com\/magazine\/wp-json\/wp\/v2\/media\/51768"}],"wp:attachment":[{"href":"https:\/\/www.smeup.com\/magazine\/wp-json\/wp\/v2\/media?parent=51767"}],"wp:term":[{"taxonomy":"category","embeddable":true,"href":"https:\/\/www.smeup.com\/magazine\/wp-json\/wp\/v2\/categories?post=51767"},{"taxonomy":"post_tag","embeddable":true,"href":"https:\/\/www.smeup.com\/magazine\/wp-json\/wp\/v2\/tags?post=51767"}],"curies":[{"name":"wp","href":"https:\/\/api.w.org\/{rel}","templated":true}]}}