{"id":51849,"date":"2020-11-16T15:04:35","date_gmt":"2020-11-16T14:04:35","guid":{"rendered":"http:\/\/smeupnew.it\/magazine\/blog\/smeup-corriere-della-sera-cultura-e\/"},"modified":"2021-04-30T17:29:31","modified_gmt":"2021-04-30T15:29:31","slug":"smeup-cultura-e-formazione","status":"publish","type":"post","link":"https:\/\/www.smeup.com\/magazine\/blog\/smeup-cultura-e-formazione\/","title":{"rendered":"Smeup su Il Corriere della Sera: puntare su cultura e formazione"},"content":{"rendered":"<p><em>16 novembre 2020 &#8211; Smeup \u00e8 protagonista dello speciale Bilanci 2020 de Il Corriere della Sera.<br \/>\nCultura e formazione per uscire dalla crisi e il restyling del brand: smeup guarda cos\u00ec al futuro.<\/em><\/p>\n<h4><strong>Puntare ora su cultura e formazione: cos\u00ec per smeup si supera la crisi<\/strong><\/h4>\n<h5>La &#8220;ricetta&#8221; del fondatore Lancini: &#8220;Gli imprenditori utilizzino i prossimi mesi incerti per investire nelle competenze&#8221;<\/h5>\n<p>L&#8217;innovazione? Non sta negli hardware e nei software e nemmeno nelle tecnologie di ultima generazione. Sta, pi\u00f9 semplicemente, nella cultura e nella formazione e, di conseguenza, nella mente del team&#8221;. Lo dice Silvano Lancini, fondatore della software house bresciana smeup.\u00a0 Una realt\u00e0 che, negli anni, ha saputo trasformarsi nel partner ideale per tutte le aziende che vogliono essere accompagnate del processo della Digital Transformation, valorizzando intelligenze e processi di lavoro sotto la guida dell&#8217;innovazione.<\/p>\n<p><em><strong>Signor Lancini, non \u00e8 un controsenso che un&#8217;azienda che vende software sposti cos\u00ec tanto l&#8217;attenzione sul tema della cultura e della formazione?<\/strong> <\/em><br \/>\nPer niente. Anzi, penso proprio che questa sia la chiave per ripartire dopo il lockdown imposto dall&#8217;emergenza sanitaria. Non credo infatti che sar\u00e0 la tecnologia digitale a salvare i bilanci del manifatturieero, se non si provveder\u00e0 per prima cosa a una rafforzamento delle competenze. E noi, come imprenditori, dobbiamo dare una forte spinta al processo di formazione, sfruttando questo periodo che,se per molti versi \u00e8 incerto e difficile, dall&#8217;altro si pu\u00f2 trasformre in una versa risorsa.<\/p>\n<p><em><strong>In che modo?<\/strong><\/em><br \/>\nScegliendo di sfruttare questa parentesi per fare formazione interna o fornire strumenti di formazione ai clienti. Interfacciandoci con molti partner di business possiamo dire di avere una certa visione d&#8217;insieme e personalmente ritengo che, anche per le aziende che hanno retto meglio gli effetti del lockdown, la vera prova del nove arriver\u00e0 tra qualche mese, quando si capir\u00e0 o meno se gli ordini ripartiranno.<br \/>\nNel frattempo, si pu\u00f2 decidere di aspettare e di rischiare il meno possibile o, al contrario, di puntare in maniera decisa sulla formazione, considerando anche che i tempi di ritorno alla nuova normalit\u00e0 sono stati probabilmente calcolati male.<\/p>\n<p><em><strong>In che senso?<\/strong> <\/em><br \/>\nA mio parere si \u00e8 sbaglaito quando si \u00e8 previsot che tutto sarebbe finto in estate. E&#8217; necessario invece avere uno sguardo pi\u00f9 a lungo termine: noi abbiamo previsto un perdiodo di crisi di 12 mesi, tempo in cui il mercato si riattiver\u00e0, e poi un altro anno per riportarci ai livelli precedenti, per recuperare la completa normalit\u00e0. Le aziende non possono permettersi due anni di bilanci in rosso per arrivare a questo appuntamento: da qui la necessit\u00e0 di crescere a livello di competenze per ripartire col piede sull&#8217;acceleratore una volta che il mercato avr\u00e0 ripreso quota.<\/p>\n<p><em><strong>Un vero e proprio cambio di mentalit\u00e0.<\/strong> <\/em><br \/>\nS\u00ec, che tante aziende sono pronte a recepire. E che noi, che forniamo anche servizi di consulenza, cerchiamo e cercheremo di incentivare. Cos\u00ec come porteremo avanti un altro messaggio che ritengo fondamentale.<br \/>\nQuale?<br \/>\nChe da questa crisi ne usciremo solo se uniti. Il tssuto imprenditoriale sta reggendo anche perch\u00e8 si rispettano gli impegni. Un esempio? I nostri clienti ci hanno sempre pagato in maniera regolare, anche nei momenti difficili, dandoci la possibilit\u00e0 di continuare a investire in Ricerca e Sviluppo e cntinuando la nostra politica di assunzioni, diventando parte di un processo virtuoso che ha poi benefici per tutti.<\/p>\n<h4><strong>\u00a0Restyling del brand per guardare al futuro<\/strong><\/h4>\n<p><em>Un&#8217;ulteriore e importante opportunit\u00e0 di crescita nel settore<\/em><\/p>\n<p>La gestione del brand e il suo posizionamento sul mercato sono attivit\u00e0 fondamentali nelle strategie di marketing delle aziende leader di settore. In un contesto sempre pi\u00f9 globale e digitale come quello che viviamo, efficaci attivit\u00e0 di branding offrono importanti opportunit\u00e0 di crescita del business.<br \/>\nSmeup ha oggi i numeri per rientrare tra le aziende di riferimento nel panorama italiano per il mondo del software e dell&#8217;infrastruttura IT. &#8220;Anche oer questo motivo \u00e8 stato necessario prendere tempo per portare maggiore consapevolezza sul chi siamo diventati e sul dove vogliamo andare &#8211; dichiara Alessia Catoni, Marketing Manager di smeup.<br \/>\nSiamo nati come aggregazione di aziende accomunate da valori e strategie condivisi. In questi anni abbiamo lavorato per creare internamente e sul mercato la nostra presenza come azineda di riferimento. Continueremo a farlo, puntando molto sul digitale e sul raccontare i benefici portati ai clienti, in linea con la nostra mission: aiutiamo le aziende a valorizzare le logo intelligenze e i loro processi di lavoro.<br \/>\nQuesta attivit\u00e0 di restyling del brand \u00e8 stata inoltre un&#8217;importante occasione di confronto tra la Direzione, i manager e tutte le risorse. Un importante lavoro di squadra anche per il Team Marketing dell&#8217;azienda, sei donne che in questi mesi hanno lavorato per rendere tutto questo possibile&#8221; conclude Alessia Catoni.<\/p>\n","protected":false},"excerpt":{"rendered":"<p>16 novembre 2020 &#8211; Smeup \u00e8 protagonista dello speciale Bilanci 2020 de Il Corriere della Sera. Cultura e formazione per uscire dalla crisi e il restyling del brand: smeup guarda cos\u00ec al futuro.<\/p>\n","protected":false},"author":1,"featured_media":51850,"comment_status":"open","ping_status":"open","sticky":false,"template":"","format":"standard","meta":{"_acf_changed":false,"footnotes":""},"categories":[7141,1],"tags":[],"class_list":["post-51849","post","type-post","status-publish","format-standard","has-post-thumbnail","hentry","category-azienda","category-news-da-smeup"],"acf":[],"yoast_head":"<!-- This site is optimized with the Yoast SEO plugin v27.5 - https:\/\/yoast.com\/product\/yoast-seo-wordpress\/ -->\n<title>Smeup su Il Corriere della Sera: puntare su cultura e formazione<\/title>\n<meta name=\"description\" content=\"16 novembre 2020 - Smeup \u00e8 protagonista dello speciale Bilanci 2020 de Il Corriere della Sera. Cultura e formazione per uscire dalla crisi e il restyling del brand: smeup guarda cos\u00ec al futuro.\" \/>\n<meta name=\"robots\" content=\"index, follow, max-snippet:-1, max-image-preview:large, max-video-preview:-1\" \/>\n<link rel=\"canonical\" href=\"https:\/\/www.smeup.com\/magazine\/blog\/smeup-cultura-e-formazione\/\" \/>\n<meta property=\"og:locale\" content=\"it_IT\" \/>\n<meta property=\"og:type\" content=\"article\" \/>\n<meta property=\"og:title\" content=\"Smeup su Il Corriere della Sera: puntare su cultura e formazione\" \/>\n<meta property=\"og:description\" content=\"16 novembre 2020 - Smeup \u00e8 protagonista dello speciale Bilanci 2020 de Il Corriere della Sera. Cultura e formazione per uscire dalla crisi e il restyling del brand: smeup guarda cos\u00ec al futuro.\" \/>\n<meta property=\"og:url\" content=\"https:\/\/www.smeup.com\/magazine\/blog\/smeup-cultura-e-formazione\/\" \/>\n<meta property=\"og:site_name\" content=\"Magazine\" \/>\n<meta property=\"article:published_time\" content=\"2020-11-16T14:04:35+00:00\" \/>\n<meta property=\"article:modified_time\" content=\"2021-04-30T15:29:31+00:00\" \/>\n<meta property=\"og:image\" content=\"https:\/\/www.smeup.com\/magazine\/wp-content\/uploads\/sites\/5\/2021\/03\/smeup_corriere_della_sera_novembre_2020.png\" \/>\n\t<meta property=\"og:image:width\" content=\"1600\" \/>\n\t<meta property=\"og:image:height\" content=\"1085\" \/>\n\t<meta property=\"og:image:type\" content=\"image\/png\" \/>\n<meta name=\"author\" content=\"smeup\" \/>\n<meta name=\"twitter:card\" content=\"summary_large_image\" \/>\n<meta name=\"twitter:label1\" content=\"Scritto da\" \/>\n\t<meta name=\"twitter:data1\" content=\"smeup\" \/>\n\t<meta name=\"twitter:label2\" content=\"Tempo di lettura stimato\" \/>\n\t<meta name=\"twitter:data2\" content=\"4 minuti\" \/>\n<script type=\"application\/ld+json\" class=\"yoast-schema-graph\">{\"@context\":\"https:\\\/\\\/schema.org\",\"@graph\":[{\"@type\":\"Article\",\"@id\":\"https:\\\/\\\/www.smeup.com\\\/magazine\\\/blog\\\/smeup-cultura-e-formazione\\\/#article\",\"isPartOf\":{\"@id\":\"https:\\\/\\\/www.smeup.com\\\/magazine\\\/blog\\\/smeup-cultura-e-formazione\\\/\"},\"author\":{\"name\":\"smeup\",\"@id\":\"https:\\\/\\\/www.smeup.com\\\/magazine\\\/#\\\/schema\\\/person\\\/194a55d96e7e52223a84ff78468bf5c7\"},\"headline\":\"Smeup su Il Corriere della Sera: puntare su cultura e formazione\",\"datePublished\":\"2020-11-16T14:04:35+00:00\",\"dateModified\":\"2021-04-30T15:29:31+00:00\",\"mainEntityOfPage\":{\"@id\":\"https:\\\/\\\/www.smeup.com\\\/magazine\\\/blog\\\/smeup-cultura-e-formazione\\\/\"},\"wordCount\":785,\"commentCount\":0,\"image\":{\"@id\":\"https:\\\/\\\/www.smeup.com\\\/magazine\\\/blog\\\/smeup-cultura-e-formazione\\\/#primaryimage\"},\"thumbnailUrl\":\"https:\\\/\\\/www.smeup.com\\\/magazine\\\/wp-content\\\/uploads\\\/sites\\\/5\\\/2021\\\/03\\\/smeup_corriere_della_sera_novembre_2020.png\",\"articleSection\":[\"Azienda\",\"News da smeup\"],\"inLanguage\":\"it-IT\",\"potentialAction\":[{\"@type\":\"CommentAction\",\"name\":\"Comment\",\"target\":[\"https:\\\/\\\/www.smeup.com\\\/magazine\\\/blog\\\/smeup-cultura-e-formazione\\\/#respond\"]}]},{\"@type\":\"WebPage\",\"@id\":\"https:\\\/\\\/www.smeup.com\\\/magazine\\\/blog\\\/smeup-cultura-e-formazione\\\/\",\"url\":\"https:\\\/\\\/www.smeup.com\\\/magazine\\\/blog\\\/smeup-cultura-e-formazione\\\/\",\"name\":\"Smeup su Il Corriere della Sera: puntare su cultura e formazione\",\"isPartOf\":{\"@id\":\"https:\\\/\\\/www.smeup.com\\\/magazine\\\/#website\"},\"primaryImageOfPage\":{\"@id\":\"https:\\\/\\\/www.smeup.com\\\/magazine\\\/blog\\\/smeup-cultura-e-formazione\\\/#primaryimage\"},\"image\":{\"@id\":\"https:\\\/\\\/www.smeup.com\\\/magazine\\\/blog\\\/smeup-cultura-e-formazione\\\/#primaryimage\"},\"thumbnailUrl\":\"https:\\\/\\\/www.smeup.com\\\/magazine\\\/wp-content\\\/uploads\\\/sites\\\/5\\\/2021\\\/03\\\/smeup_corriere_della_sera_novembre_2020.png\",\"datePublished\":\"2020-11-16T14:04:35+00:00\",\"dateModified\":\"2021-04-30T15:29:31+00:00\",\"author\":{\"@id\":\"https:\\\/\\\/www.smeup.com\\\/magazine\\\/#\\\/schema\\\/person\\\/194a55d96e7e52223a84ff78468bf5c7\"},\"description\":\"16 novembre 2020 - Smeup \u00e8 protagonista dello speciale Bilanci 2020 de Il Corriere della Sera. Cultura e formazione per uscire dalla crisi e il restyling del brand: smeup guarda cos\u00ec al futuro.\",\"breadcrumb\":{\"@id\":\"https:\\\/\\\/www.smeup.com\\\/magazine\\\/blog\\\/smeup-cultura-e-formazione\\\/#breadcrumb\"},\"inLanguage\":\"it-IT\",\"potentialAction\":[{\"@type\":\"ReadAction\",\"target\":[\"https:\\\/\\\/www.smeup.com\\\/magazine\\\/blog\\\/smeup-cultura-e-formazione\\\/\"]}]},{\"@type\":\"ImageObject\",\"inLanguage\":\"it-IT\",\"@id\":\"https:\\\/\\\/www.smeup.com\\\/magazine\\\/blog\\\/smeup-cultura-e-formazione\\\/#primaryimage\",\"url\":\"https:\\\/\\\/www.smeup.com\\\/magazine\\\/wp-content\\\/uploads\\\/sites\\\/5\\\/2021\\\/03\\\/smeup_corriere_della_sera_novembre_2020.png\",\"contentUrl\":\"https:\\\/\\\/www.smeup.com\\\/magazine\\\/wp-content\\\/uploads\\\/sites\\\/5\\\/2021\\\/03\\\/smeup_corriere_della_sera_novembre_2020.png\",\"width\":1600,\"height\":1085,\"caption\":\"smeup cultura e formazione\"},{\"@type\":\"BreadcrumbList\",\"@id\":\"https:\\\/\\\/www.smeup.com\\\/magazine\\\/blog\\\/smeup-cultura-e-formazione\\\/#breadcrumb\",\"itemListElement\":[{\"@type\":\"ListItem\",\"position\":1,\"name\":\"Home\",\"item\":\"https:\\\/\\\/www.smeup.com\\\/magazine\\\/\"},{\"@type\":\"ListItem\",\"position\":2,\"name\":\"Smeup su Il Corriere della Sera: puntare su cultura e formazione\"}]},{\"@type\":\"WebSite\",\"@id\":\"https:\\\/\\\/www.smeup.com\\\/magazine\\\/#website\",\"url\":\"https:\\\/\\\/www.smeup.com\\\/magazine\\\/\",\"name\":\"Magazine\",\"description\":\"smeup\",\"potentialAction\":[{\"@type\":\"SearchAction\",\"target\":{\"@type\":\"EntryPoint\",\"urlTemplate\":\"https:\\\/\\\/www.smeup.com\\\/magazine\\\/?s={search_term_string}\"},\"query-input\":{\"@type\":\"PropertyValueSpecification\",\"valueRequired\":true,\"valueName\":\"search_term_string\"}}],\"inLanguage\":\"it-IT\"},{\"@type\":\"Person\",\"@id\":\"https:\\\/\\\/www.smeup.com\\\/magazine\\\/#\\\/schema\\\/person\\\/194a55d96e7e52223a84ff78468bf5c7\",\"name\":\"smeup\",\"image\":{\"@type\":\"ImageObject\",\"inLanguage\":\"it-IT\",\"@id\":\"https:\\\/\\\/secure.gravatar.com\\\/avatar\\\/a88cc3ad6c0af01768fe2ac47c88a321699d97ced53c173f66ceaa51400f43ca?s=96&d=mm&r=g\",\"url\":\"https:\\\/\\\/secure.gravatar.com\\\/avatar\\\/a88cc3ad6c0af01768fe2ac47c88a321699d97ced53c173f66ceaa51400f43ca?s=96&d=mm&r=g\",\"contentUrl\":\"https:\\\/\\\/secure.gravatar.com\\\/avatar\\\/a88cc3ad6c0af01768fe2ac47c88a321699d97ced53c173f66ceaa51400f43ca?s=96&d=mm&r=g\",\"caption\":\"smeup\"},\"sameAs\":[\"https:\\\/\\\/www.smeup.com\"],\"url\":\"https:\\\/\\\/www.smeup.com\\\/magazine\\\/blog\\\/author\\\/admin\\\/\"}]}<\/script>\n<!-- \/ Yoast SEO plugin. -->","yoast_head_json":{"title":"Smeup su Il Corriere della Sera: puntare su cultura e formazione","description":"16 novembre 2020 - Smeup \u00e8 protagonista dello speciale Bilanci 2020 de Il Corriere della Sera. Cultura e formazione per uscire dalla crisi e il restyling del brand: smeup guarda cos\u00ec al futuro.","robots":{"index":"index","follow":"follow","max-snippet":"max-snippet:-1","max-image-preview":"max-image-preview:large","max-video-preview":"max-video-preview:-1"},"canonical":"https:\/\/www.smeup.com\/magazine\/blog\/smeup-cultura-e-formazione\/","og_locale":"it_IT","og_type":"article","og_title":"Smeup su Il Corriere della Sera: puntare su cultura e formazione","og_description":"16 novembre 2020 - Smeup \u00e8 protagonista dello speciale Bilanci 2020 de Il Corriere della Sera. Cultura e formazione per uscire dalla crisi e il restyling del brand: smeup guarda cos\u00ec al futuro.","og_url":"https:\/\/www.smeup.com\/magazine\/blog\/smeup-cultura-e-formazione\/","og_site_name":"Magazine","article_published_time":"2020-11-16T14:04:35+00:00","article_modified_time":"2021-04-30T15:29:31+00:00","og_image":[{"width":1600,"height":1085,"url":"https:\/\/www.smeup.com\/magazine\/wp-content\/uploads\/sites\/5\/2021\/03\/smeup_corriere_della_sera_novembre_2020.png","type":"image\/png"}],"author":"smeup","twitter_card":"summary_large_image","twitter_misc":{"Scritto da":"smeup","Tempo di lettura stimato":"4 minuti"},"schema":{"@context":"https:\/\/schema.org","@graph":[{"@type":"Article","@id":"https:\/\/www.smeup.com\/magazine\/blog\/smeup-cultura-e-formazione\/#article","isPartOf":{"@id":"https:\/\/www.smeup.com\/magazine\/blog\/smeup-cultura-e-formazione\/"},"author":{"name":"smeup","@id":"https:\/\/www.smeup.com\/magazine\/#\/schema\/person\/194a55d96e7e52223a84ff78468bf5c7"},"headline":"Smeup su Il Corriere della Sera: puntare su cultura e formazione","datePublished":"2020-11-16T14:04:35+00:00","dateModified":"2021-04-30T15:29:31+00:00","mainEntityOfPage":{"@id":"https:\/\/www.smeup.com\/magazine\/blog\/smeup-cultura-e-formazione\/"},"wordCount":785,"commentCount":0,"image":{"@id":"https:\/\/www.smeup.com\/magazine\/blog\/smeup-cultura-e-formazione\/#primaryimage"},"thumbnailUrl":"https:\/\/www.smeup.com\/magazine\/wp-content\/uploads\/sites\/5\/2021\/03\/smeup_corriere_della_sera_novembre_2020.png","articleSection":["Azienda","News da smeup"],"inLanguage":"it-IT","potentialAction":[{"@type":"CommentAction","name":"Comment","target":["https:\/\/www.smeup.com\/magazine\/blog\/smeup-cultura-e-formazione\/#respond"]}]},{"@type":"WebPage","@id":"https:\/\/www.smeup.com\/magazine\/blog\/smeup-cultura-e-formazione\/","url":"https:\/\/www.smeup.com\/magazine\/blog\/smeup-cultura-e-formazione\/","name":"Smeup su Il Corriere della Sera: puntare su cultura e formazione","isPartOf":{"@id":"https:\/\/www.smeup.com\/magazine\/#website"},"primaryImageOfPage":{"@id":"https:\/\/www.smeup.com\/magazine\/blog\/smeup-cultura-e-formazione\/#primaryimage"},"image":{"@id":"https:\/\/www.smeup.com\/magazine\/blog\/smeup-cultura-e-formazione\/#primaryimage"},"thumbnailUrl":"https:\/\/www.smeup.com\/magazine\/wp-content\/uploads\/sites\/5\/2021\/03\/smeup_corriere_della_sera_novembre_2020.png","datePublished":"2020-11-16T14:04:35+00:00","dateModified":"2021-04-30T15:29:31+00:00","author":{"@id":"https:\/\/www.smeup.com\/magazine\/#\/schema\/person\/194a55d96e7e52223a84ff78468bf5c7"},"description":"16 novembre 2020 - Smeup \u00e8 protagonista dello speciale Bilanci 2020 de Il Corriere della Sera. Cultura e formazione per uscire dalla crisi e il restyling del brand: smeup guarda cos\u00ec al futuro.","breadcrumb":{"@id":"https:\/\/www.smeup.com\/magazine\/blog\/smeup-cultura-e-formazione\/#breadcrumb"},"inLanguage":"it-IT","potentialAction":[{"@type":"ReadAction","target":["https:\/\/www.smeup.com\/magazine\/blog\/smeup-cultura-e-formazione\/"]}]},{"@type":"ImageObject","inLanguage":"it-IT","@id":"https:\/\/www.smeup.com\/magazine\/blog\/smeup-cultura-e-formazione\/#primaryimage","url":"https:\/\/www.smeup.com\/magazine\/wp-content\/uploads\/sites\/5\/2021\/03\/smeup_corriere_della_sera_novembre_2020.png","contentUrl":"https:\/\/www.smeup.com\/magazine\/wp-content\/uploads\/sites\/5\/2021\/03\/smeup_corriere_della_sera_novembre_2020.png","width":1600,"height":1085,"caption":"smeup cultura e formazione"},{"@type":"BreadcrumbList","@id":"https:\/\/www.smeup.com\/magazine\/blog\/smeup-cultura-e-formazione\/#breadcrumb","itemListElement":[{"@type":"ListItem","position":1,"name":"Home","item":"https:\/\/www.smeup.com\/magazine\/"},{"@type":"ListItem","position":2,"name":"Smeup su Il Corriere della Sera: puntare su cultura e formazione"}]},{"@type":"WebSite","@id":"https:\/\/www.smeup.com\/magazine\/#website","url":"https:\/\/www.smeup.com\/magazine\/","name":"Magazine","description":"smeup","potentialAction":[{"@type":"SearchAction","target":{"@type":"EntryPoint","urlTemplate":"https:\/\/www.smeup.com\/magazine\/?s={search_term_string}"},"query-input":{"@type":"PropertyValueSpecification","valueRequired":true,"valueName":"search_term_string"}}],"inLanguage":"it-IT"},{"@type":"Person","@id":"https:\/\/www.smeup.com\/magazine\/#\/schema\/person\/194a55d96e7e52223a84ff78468bf5c7","name":"smeup","image":{"@type":"ImageObject","inLanguage":"it-IT","@id":"https:\/\/secure.gravatar.com\/avatar\/a88cc3ad6c0af01768fe2ac47c88a321699d97ced53c173f66ceaa51400f43ca?s=96&d=mm&r=g","url":"https:\/\/secure.gravatar.com\/avatar\/a88cc3ad6c0af01768fe2ac47c88a321699d97ced53c173f66ceaa51400f43ca?s=96&d=mm&r=g","contentUrl":"https:\/\/secure.gravatar.com\/avatar\/a88cc3ad6c0af01768fe2ac47c88a321699d97ced53c173f66ceaa51400f43ca?s=96&d=mm&r=g","caption":"smeup"},"sameAs":["https:\/\/www.smeup.com"],"url":"https:\/\/www.smeup.com\/magazine\/blog\/author\/admin\/"}]}},"_links":{"self":[{"href":"https:\/\/www.smeup.com\/magazine\/wp-json\/wp\/v2\/posts\/51849","targetHints":{"allow":["GET"]}}],"collection":[{"href":"https:\/\/www.smeup.com\/magazine\/wp-json\/wp\/v2\/posts"}],"about":[{"href":"https:\/\/www.smeup.com\/magazine\/wp-json\/wp\/v2\/types\/post"}],"author":[{"embeddable":true,"href":"https:\/\/www.smeup.com\/magazine\/wp-json\/wp\/v2\/users\/1"}],"replies":[{"embeddable":true,"href":"https:\/\/www.smeup.com\/magazine\/wp-json\/wp\/v2\/comments?post=51849"}],"version-history":[{"count":1,"href":"https:\/\/www.smeup.com\/magazine\/wp-json\/wp\/v2\/posts\/51849\/revisions"}],"predecessor-version":[{"id":54628,"href":"https:\/\/www.smeup.com\/magazine\/wp-json\/wp\/v2\/posts\/51849\/revisions\/54628"}],"wp:featuredmedia":[{"embeddable":true,"href":"https:\/\/www.smeup.com\/magazine\/wp-json\/wp\/v2\/media\/51850"}],"wp:attachment":[{"href":"https:\/\/www.smeup.com\/magazine\/wp-json\/wp\/v2\/media?parent=51849"}],"wp:term":[{"taxonomy":"category","embeddable":true,"href":"https:\/\/www.smeup.com\/magazine\/wp-json\/wp\/v2\/categories?post=51849"},{"taxonomy":"post_tag","embeddable":true,"href":"https:\/\/www.smeup.com\/magazine\/wp-json\/wp\/v2\/tags?post=51849"}],"curies":[{"name":"wp","href":"https:\/\/api.w.org\/{rel}","templated":true}]}}