{"id":51898,"date":"2021-01-18T07:00:37","date_gmt":"2021-01-18T06:00:37","guid":{"rendered":"http:\/\/smeupnew.it\/magazine\/blog\/ibm-i-v72-fine-del-supporto\/"},"modified":"2025-08-05T17:46:20","modified_gmt":"2025-08-05T15:46:20","slug":"ibm-i-v72-fine-del-supporto","status":"publish","type":"post","link":"https:\/\/www.smeup.com\/magazine\/blog\/ibm-i-v72-fine-del-supporto\/","title":{"rendered":"IBM i V7.2 fine del supporto: cosa significa e cosa fare"},"content":{"rendered":"<h2 style=\"text-align: center\"><span style=\"color: #a6192e\">Aprile 2021<\/span><br \/>\n<span style=\"color: #a6192e\">Termina il supporto sull&#8217;ambiente IBM i versione 7.2<\/span><\/h2>\n<h3 style=\"text-align: center\"><span style=\"color: #a6192e\">Le aziende potranno continuare ad utilizzarlo? Oppure sar\u00e0 necessario sostituirlo?<\/span><\/h3>\n<p>Il <strong>30 aprile 2021 IBM terminer\u00e0 il supporto alla versione V7R2M0, comunemente definita 7.2.<\/strong><\/p>\n<h5><span style=\"color: #a6192e\">Cosa significa fine del supporto?<\/span><\/h5>\n<p>IBM non rilascer\u00e0 pi\u00f9 aggiornamenti (Cumulativi e PTF) su questa release. Inoltre, se ci dovesse essere qualche problema, potrebbe richiedere di aggiornare il sistema prima di prenderlo in carico.<\/p>\n<h5><span style=\"color: #a6192e\">Investire in infrastrutture<\/span><\/h5>\n<p>L&#8217;infrastruttura \u00e8 alla base dell&#8217;affidabilit\u00e0 del sistema informativo, da essa dipendono performance ed efficacia della trasformazione digitale. Non \u00e8 possibile avere un software applicativo affidabile su un&#8217;infrastruttura non aggiornata (hardware e sistema operativo) ed <span style=\"color: #000000\">adeguata<\/span>.<\/p>\n<h5><span style=\"color: #a6192e\">Upgrade per migliorare la sicurezza<\/span><\/h5>\n<p><span style=\"color: #000000\">Le nuove versioni di IBM i hanno molta pi\u00f9 sicurezza incorporata e utilizzano le ultime versioni di Java, cifrature, protocolli di crittografia e protocolli di condivisione.<\/span><\/p>\n<h5><span style=\"color: #a6192e\">Quali sono le soluzioni?<\/span><\/h5>\n<p>La soluzione che smeup consiglia \u00e8 <strong>IBM i in Cloud<\/strong>.<br \/>\nPassare al servizio IBM i in Cloud ti permette di avere un sistema IBM i dedicato in Cloud ospitato nel datacenter di smeup.<br \/>\nGrazie a questo servizio:<\/p>\n<ul>\n<li><strong>eviterai l&#8217;investimento per l&#8217;acquisto dell&#8217;IBM i e della messa in opera<\/strong><\/li>\n<li><strong>delegherai la gestione del sistema al fornitore<\/strong><\/li>\n<li><strong>avrai il sistema sempre aggiornato<\/strong><\/li>\n<\/ul>\n<p>Altre soluzioni possibili per fronteggiare il termine del supporto sono:<\/p>\n<ol>\n<li><strong>Aggiornare il sistema operativo<\/strong> ad una versione pi\u00f9 recente.<\/li>\n<li><strong>Estendere il periodo di manutenzione<\/strong> dietro il pagamento di un canone aggiuntivo.<\/li>\n<li><strong>Rinnovare la tecnologia<\/strong> sostituendo l&#8217;ambiente IBM i e avere cos\u00ec la versione pi\u00f9 recente.<\/li>\n<\/ol>\n<h5><span style=\"color: #a6192e\">Cosa fare?<\/span><\/h5>\n<p><strong>smeup ti aiuter\u00e0 a scegliere la soluzione pi\u00f9 adatta alla tua azienda.<\/strong><br \/>\nContattaci per fissare un appuntamento con il nostro specialist, compila il form.<\/p>\n<h4><span style=\"color: #a6192e\"><strong><a href=\"https:\/\/www.smeup.com\/contatti\/\">Compila il form<\/a> per valutare, assieme al nostro specialist, la soluzione pi\u00f9 adatta alla tua azienda.<\/strong><\/span><\/h4>\n","protected":false},"excerpt":{"rendered":"<p>La fine del supporto per IBM i V7.2 impone alle aziende di aggiornare il sistema, e Sme.UP propone la migrazione a IBM i in Cloud come soluzione strategica e sicura.<\/p>\n","protected":false},"author":1,"featured_media":54971,"comment_status":"open","ping_status":"open","sticky":false,"template":"","format":"standard","meta":{"_acf_changed":false,"footnotes":""},"categories":[7189,1],"tags":[3910,7107,7108],"class_list":["post-51898","post","type-post","status-publish","format-standard","has-post-thumbnail","hentry","category-infrastruttura","category-news-da-smeup","tag-ibm-i","tag-ibm-i-v7-2","tag-ibm-i-versione-7-2"],"acf":[],"yoast_head":"<!-- This site is optimized with the Yoast SEO plugin v27.5 - https:\/\/yoast.com\/product\/yoast-seo-wordpress\/ -->\n<title>IBM i V7.2 fine del supporto: cosa significa e cosa fare<\/title>\n<meta name=\"description\" content=\"IBM i V7.2 fine del supporto: il 30 aprile 2021 IBM terminer\u00e0 il supporto alla versione V7R2M0, comunemente definita 7.2. Contattaci per valutare cosa \u00e8 meglio fare per la tua azienda.\" \/>\n<meta name=\"robots\" content=\"index, follow, max-snippet:-1, max-image-preview:large, max-video-preview:-1\" \/>\n<link rel=\"canonical\" href=\"https:\/\/www.smeup.com\/magazine\/blog\/ibm-i-v72-fine-del-supporto\/\" \/>\n<meta property=\"og:locale\" content=\"it_IT\" \/>\n<meta property=\"og:type\" content=\"article\" \/>\n<meta property=\"og:title\" content=\"IBM i V7.2 fine del supporto: cosa significa e cosa fare\" \/>\n<meta property=\"og:description\" content=\"IBM i V7.2 fine del supporto: il 30 aprile 2021 IBM terminer\u00e0 il supporto alla versione V7R2M0, comunemente definita 7.2. Contattaci per valutare cosa \u00e8 meglio fare per la tua azienda.\" \/>\n<meta property=\"og:url\" content=\"https:\/\/www.smeup.com\/magazine\/blog\/ibm-i-v72-fine-del-supporto\/\" \/>\n<meta property=\"og:site_name\" content=\"Magazine\" \/>\n<meta property=\"article:published_time\" content=\"2021-01-18T06:00:37+00:00\" \/>\n<meta property=\"article:modified_time\" content=\"2025-08-05T15:46:20+00:00\" \/>\n<meta property=\"og:image\" content=\"https:\/\/www.smeup.com\/magazine\/wp-content\/uploads\/sites\/5\/2021\/01\/Fine-supporto-IBM-v7_700x441.jpg\" \/>\n\t<meta property=\"og:image:width\" content=\"1600\" \/>\n\t<meta property=\"og:image:height\" content=\"1008\" \/>\n\t<meta property=\"og:image:type\" content=\"image\/jpeg\" \/>\n<meta name=\"author\" content=\"smeup\" \/>\n<meta name=\"twitter:card\" content=\"summary_large_image\" \/>\n<meta name=\"twitter:label1\" content=\"Scritto da\" \/>\n\t<meta name=\"twitter:data1\" content=\"smeup\" \/>\n\t<meta name=\"twitter:label2\" content=\"Tempo di lettura stimato\" \/>\n\t<meta name=\"twitter:data2\" content=\"2 minuti\" \/>\n<script type=\"application\/ld+json\" class=\"yoast-schema-graph\">{\"@context\":\"https:\\\/\\\/schema.org\",\"@graph\":[{\"@type\":\"Article\",\"@id\":\"https:\\\/\\\/www.smeup.com\\\/magazine\\\/blog\\\/ibm-i-v72-fine-del-supporto\\\/#article\",\"isPartOf\":{\"@id\":\"https:\\\/\\\/www.smeup.com\\\/magazine\\\/blog\\\/ibm-i-v72-fine-del-supporto\\\/\"},\"author\":{\"name\":\"smeup\",\"@id\":\"https:\\\/\\\/www.smeup.com\\\/magazine\\\/#\\\/schema\\\/person\\\/194a55d96e7e52223a84ff78468bf5c7\"},\"headline\":\"IBM i V7.2 fine del supporto: cosa significa e cosa fare\",\"datePublished\":\"2021-01-18T06:00:37+00:00\",\"dateModified\":\"2025-08-05T15:46:20+00:00\",\"mainEntityOfPage\":{\"@id\":\"https:\\\/\\\/www.smeup.com\\\/magazine\\\/blog\\\/ibm-i-v72-fine-del-supporto\\\/\"},\"wordCount\":301,\"commentCount\":0,\"image\":{\"@id\":\"https:\\\/\\\/www.smeup.com\\\/magazine\\\/blog\\\/ibm-i-v72-fine-del-supporto\\\/#primaryimage\"},\"thumbnailUrl\":\"https:\\\/\\\/www.smeup.com\\\/magazine\\\/wp-content\\\/uploads\\\/sites\\\/5\\\/2021\\\/01\\\/Fine-supporto-IBM-v7_700x441.jpg\",\"keywords\":[\"ibm i\",\"IBM i v7.2\",\"IBM i versione 7.2\"],\"articleSection\":[\"Infrastruttura\",\"News da smeup\"],\"inLanguage\":\"it-IT\",\"potentialAction\":[{\"@type\":\"CommentAction\",\"name\":\"Comment\",\"target\":[\"https:\\\/\\\/www.smeup.com\\\/magazine\\\/blog\\\/ibm-i-v72-fine-del-supporto\\\/#respond\"]}]},{\"@type\":\"WebPage\",\"@id\":\"https:\\\/\\\/www.smeup.com\\\/magazine\\\/blog\\\/ibm-i-v72-fine-del-supporto\\\/\",\"url\":\"https:\\\/\\\/www.smeup.com\\\/magazine\\\/blog\\\/ibm-i-v72-fine-del-supporto\\\/\",\"name\":\"IBM i V7.2 fine del supporto: cosa significa e cosa fare\",\"isPartOf\":{\"@id\":\"https:\\\/\\\/www.smeup.com\\\/magazine\\\/#website\"},\"primaryImageOfPage\":{\"@id\":\"https:\\\/\\\/www.smeup.com\\\/magazine\\\/blog\\\/ibm-i-v72-fine-del-supporto\\\/#primaryimage\"},\"image\":{\"@id\":\"https:\\\/\\\/www.smeup.com\\\/magazine\\\/blog\\\/ibm-i-v72-fine-del-supporto\\\/#primaryimage\"},\"thumbnailUrl\":\"https:\\\/\\\/www.smeup.com\\\/magazine\\\/wp-content\\\/uploads\\\/sites\\\/5\\\/2021\\\/01\\\/Fine-supporto-IBM-v7_700x441.jpg\",\"datePublished\":\"2021-01-18T06:00:37+00:00\",\"dateModified\":\"2025-08-05T15:46:20+00:00\",\"author\":{\"@id\":\"https:\\\/\\\/www.smeup.com\\\/magazine\\\/#\\\/schema\\\/person\\\/194a55d96e7e52223a84ff78468bf5c7\"},\"description\":\"IBM i V7.2 fine del supporto: il 30 aprile 2021 IBM terminer\u00e0 il supporto alla versione V7R2M0, comunemente definita 7.2. Contattaci per valutare cosa \u00e8 meglio fare per la tua azienda.\",\"breadcrumb\":{\"@id\":\"https:\\\/\\\/www.smeup.com\\\/magazine\\\/blog\\\/ibm-i-v72-fine-del-supporto\\\/#breadcrumb\"},\"inLanguage\":\"it-IT\",\"potentialAction\":[{\"@type\":\"ReadAction\",\"target\":[\"https:\\\/\\\/www.smeup.com\\\/magazine\\\/blog\\\/ibm-i-v72-fine-del-supporto\\\/\"]}]},{\"@type\":\"ImageObject\",\"inLanguage\":\"it-IT\",\"@id\":\"https:\\\/\\\/www.smeup.com\\\/magazine\\\/blog\\\/ibm-i-v72-fine-del-supporto\\\/#primaryimage\",\"url\":\"https:\\\/\\\/www.smeup.com\\\/magazine\\\/wp-content\\\/uploads\\\/sites\\\/5\\\/2021\\\/01\\\/Fine-supporto-IBM-v7_700x441.jpg\",\"contentUrl\":\"https:\\\/\\\/www.smeup.com\\\/magazine\\\/wp-content\\\/uploads\\\/sites\\\/5\\\/2021\\\/01\\\/Fine-supporto-IBM-v7_700x441.jpg\",\"width\":1600,\"height\":1008,\"caption\":\"Fine-supporto-IBM-v7\"},{\"@type\":\"BreadcrumbList\",\"@id\":\"https:\\\/\\\/www.smeup.com\\\/magazine\\\/blog\\\/ibm-i-v72-fine-del-supporto\\\/#breadcrumb\",\"itemListElement\":[{\"@type\":\"ListItem\",\"position\":1,\"name\":\"Home\",\"item\":\"https:\\\/\\\/www.smeup.com\\\/magazine\\\/\"},{\"@type\":\"ListItem\",\"position\":2,\"name\":\"IBM i V7.2 fine del supporto: cosa significa e cosa fare\"}]},{\"@type\":\"WebSite\",\"@id\":\"https:\\\/\\\/www.smeup.com\\\/magazine\\\/#website\",\"url\":\"https:\\\/\\\/www.smeup.com\\\/magazine\\\/\",\"name\":\"Magazine\",\"description\":\"smeup\",\"potentialAction\":[{\"@type\":\"SearchAction\",\"target\":{\"@type\":\"EntryPoint\",\"urlTemplate\":\"https:\\\/\\\/www.smeup.com\\\/magazine\\\/?s={search_term_string}\"},\"query-input\":{\"@type\":\"PropertyValueSpecification\",\"valueRequired\":true,\"valueName\":\"search_term_string\"}}],\"inLanguage\":\"it-IT\"},{\"@type\":\"Person\",\"@id\":\"https:\\\/\\\/www.smeup.com\\\/magazine\\\/#\\\/schema\\\/person\\\/194a55d96e7e52223a84ff78468bf5c7\",\"name\":\"smeup\",\"image\":{\"@type\":\"ImageObject\",\"inLanguage\":\"it-IT\",\"@id\":\"https:\\\/\\\/secure.gravatar.com\\\/avatar\\\/a88cc3ad6c0af01768fe2ac47c88a321699d97ced53c173f66ceaa51400f43ca?s=96&d=mm&r=g\",\"url\":\"https:\\\/\\\/secure.gravatar.com\\\/avatar\\\/a88cc3ad6c0af01768fe2ac47c88a321699d97ced53c173f66ceaa51400f43ca?s=96&d=mm&r=g\",\"contentUrl\":\"https:\\\/\\\/secure.gravatar.com\\\/avatar\\\/a88cc3ad6c0af01768fe2ac47c88a321699d97ced53c173f66ceaa51400f43ca?s=96&d=mm&r=g\",\"caption\":\"smeup\"},\"sameAs\":[\"https:\\\/\\\/www.smeup.com\"],\"url\":\"https:\\\/\\\/www.smeup.com\\\/magazine\\\/blog\\\/author\\\/admin\\\/\"}]}<\/script>\n<!-- \/ Yoast SEO plugin. -->","yoast_head_json":{"title":"IBM i V7.2 fine del supporto: cosa significa e cosa fare","description":"IBM i V7.2 fine del supporto: il 30 aprile 2021 IBM terminer\u00e0 il supporto alla versione V7R2M0, comunemente definita 7.2. Contattaci per valutare cosa \u00e8 meglio fare per la tua azienda.","robots":{"index":"index","follow":"follow","max-snippet":"max-snippet:-1","max-image-preview":"max-image-preview:large","max-video-preview":"max-video-preview:-1"},"canonical":"https:\/\/www.smeup.com\/magazine\/blog\/ibm-i-v72-fine-del-supporto\/","og_locale":"it_IT","og_type":"article","og_title":"IBM i V7.2 fine del supporto: cosa significa e cosa fare","og_description":"IBM i V7.2 fine del supporto: il 30 aprile 2021 IBM terminer\u00e0 il supporto alla versione V7R2M0, comunemente definita 7.2. Contattaci per valutare cosa \u00e8 meglio fare per la tua azienda.","og_url":"https:\/\/www.smeup.com\/magazine\/blog\/ibm-i-v72-fine-del-supporto\/","og_site_name":"Magazine","article_published_time":"2021-01-18T06:00:37+00:00","article_modified_time":"2025-08-05T15:46:20+00:00","og_image":[{"width":1600,"height":1008,"url":"https:\/\/www.smeup.com\/magazine\/wp-content\/uploads\/sites\/5\/2021\/01\/Fine-supporto-IBM-v7_700x441.jpg","type":"image\/jpeg"}],"author":"smeup","twitter_card":"summary_large_image","twitter_misc":{"Scritto da":"smeup","Tempo di lettura stimato":"2 minuti"},"schema":{"@context":"https:\/\/schema.org","@graph":[{"@type":"Article","@id":"https:\/\/www.smeup.com\/magazine\/blog\/ibm-i-v72-fine-del-supporto\/#article","isPartOf":{"@id":"https:\/\/www.smeup.com\/magazine\/blog\/ibm-i-v72-fine-del-supporto\/"},"author":{"name":"smeup","@id":"https:\/\/www.smeup.com\/magazine\/#\/schema\/person\/194a55d96e7e52223a84ff78468bf5c7"},"headline":"IBM i V7.2 fine del supporto: cosa significa e cosa fare","datePublished":"2021-01-18T06:00:37+00:00","dateModified":"2025-08-05T15:46:20+00:00","mainEntityOfPage":{"@id":"https:\/\/www.smeup.com\/magazine\/blog\/ibm-i-v72-fine-del-supporto\/"},"wordCount":301,"commentCount":0,"image":{"@id":"https:\/\/www.smeup.com\/magazine\/blog\/ibm-i-v72-fine-del-supporto\/#primaryimage"},"thumbnailUrl":"https:\/\/www.smeup.com\/magazine\/wp-content\/uploads\/sites\/5\/2021\/01\/Fine-supporto-IBM-v7_700x441.jpg","keywords":["ibm i","IBM i v7.2","IBM i versione 7.2"],"articleSection":["Infrastruttura","News da smeup"],"inLanguage":"it-IT","potentialAction":[{"@type":"CommentAction","name":"Comment","target":["https:\/\/www.smeup.com\/magazine\/blog\/ibm-i-v72-fine-del-supporto\/#respond"]}]},{"@type":"WebPage","@id":"https:\/\/www.smeup.com\/magazine\/blog\/ibm-i-v72-fine-del-supporto\/","url":"https:\/\/www.smeup.com\/magazine\/blog\/ibm-i-v72-fine-del-supporto\/","name":"IBM i V7.2 fine del supporto: cosa significa e cosa fare","isPartOf":{"@id":"https:\/\/www.smeup.com\/magazine\/#website"},"primaryImageOfPage":{"@id":"https:\/\/www.smeup.com\/magazine\/blog\/ibm-i-v72-fine-del-supporto\/#primaryimage"},"image":{"@id":"https:\/\/www.smeup.com\/magazine\/blog\/ibm-i-v72-fine-del-supporto\/#primaryimage"},"thumbnailUrl":"https:\/\/www.smeup.com\/magazine\/wp-content\/uploads\/sites\/5\/2021\/01\/Fine-supporto-IBM-v7_700x441.jpg","datePublished":"2021-01-18T06:00:37+00:00","dateModified":"2025-08-05T15:46:20+00:00","author":{"@id":"https:\/\/www.smeup.com\/magazine\/#\/schema\/person\/194a55d96e7e52223a84ff78468bf5c7"},"description":"IBM i V7.2 fine del supporto: il 30 aprile 2021 IBM terminer\u00e0 il supporto alla versione V7R2M0, comunemente definita 7.2. Contattaci per valutare cosa \u00e8 meglio fare per la tua azienda.","breadcrumb":{"@id":"https:\/\/www.smeup.com\/magazine\/blog\/ibm-i-v72-fine-del-supporto\/#breadcrumb"},"inLanguage":"it-IT","potentialAction":[{"@type":"ReadAction","target":["https:\/\/www.smeup.com\/magazine\/blog\/ibm-i-v72-fine-del-supporto\/"]}]},{"@type":"ImageObject","inLanguage":"it-IT","@id":"https:\/\/www.smeup.com\/magazine\/blog\/ibm-i-v72-fine-del-supporto\/#primaryimage","url":"https:\/\/www.smeup.com\/magazine\/wp-content\/uploads\/sites\/5\/2021\/01\/Fine-supporto-IBM-v7_700x441.jpg","contentUrl":"https:\/\/www.smeup.com\/magazine\/wp-content\/uploads\/sites\/5\/2021\/01\/Fine-supporto-IBM-v7_700x441.jpg","width":1600,"height":1008,"caption":"Fine-supporto-IBM-v7"},{"@type":"BreadcrumbList","@id":"https:\/\/www.smeup.com\/magazine\/blog\/ibm-i-v72-fine-del-supporto\/#breadcrumb","itemListElement":[{"@type":"ListItem","position":1,"name":"Home","item":"https:\/\/www.smeup.com\/magazine\/"},{"@type":"ListItem","position":2,"name":"IBM i V7.2 fine del supporto: cosa significa e cosa fare"}]},{"@type":"WebSite","@id":"https:\/\/www.smeup.com\/magazine\/#website","url":"https:\/\/www.smeup.com\/magazine\/","name":"Magazine","description":"smeup","potentialAction":[{"@type":"SearchAction","target":{"@type":"EntryPoint","urlTemplate":"https:\/\/www.smeup.com\/magazine\/?s={search_term_string}"},"query-input":{"@type":"PropertyValueSpecification","valueRequired":true,"valueName":"search_term_string"}}],"inLanguage":"it-IT"},{"@type":"Person","@id":"https:\/\/www.smeup.com\/magazine\/#\/schema\/person\/194a55d96e7e52223a84ff78468bf5c7","name":"smeup","image":{"@type":"ImageObject","inLanguage":"it-IT","@id":"https:\/\/secure.gravatar.com\/avatar\/a88cc3ad6c0af01768fe2ac47c88a321699d97ced53c173f66ceaa51400f43ca?s=96&d=mm&r=g","url":"https:\/\/secure.gravatar.com\/avatar\/a88cc3ad6c0af01768fe2ac47c88a321699d97ced53c173f66ceaa51400f43ca?s=96&d=mm&r=g","contentUrl":"https:\/\/secure.gravatar.com\/avatar\/a88cc3ad6c0af01768fe2ac47c88a321699d97ced53c173f66ceaa51400f43ca?s=96&d=mm&r=g","caption":"smeup"},"sameAs":["https:\/\/www.smeup.com"],"url":"https:\/\/www.smeup.com\/magazine\/blog\/author\/admin\/"}]}},"_links":{"self":[{"href":"https:\/\/www.smeup.com\/magazine\/wp-json\/wp\/v2\/posts\/51898","targetHints":{"allow":["GET"]}}],"collection":[{"href":"https:\/\/www.smeup.com\/magazine\/wp-json\/wp\/v2\/posts"}],"about":[{"href":"https:\/\/www.smeup.com\/magazine\/wp-json\/wp\/v2\/types\/post"}],"author":[{"embeddable":true,"href":"https:\/\/www.smeup.com\/magazine\/wp-json\/wp\/v2\/users\/1"}],"replies":[{"embeddable":true,"href":"https:\/\/www.smeup.com\/magazine\/wp-json\/wp\/v2\/comments?post=51898"}],"version-history":[{"count":5,"href":"https:\/\/www.smeup.com\/magazine\/wp-json\/wp\/v2\/posts\/51898\/revisions"}],"predecessor-version":[{"id":58157,"href":"https:\/\/www.smeup.com\/magazine\/wp-json\/wp\/v2\/posts\/51898\/revisions\/58157"}],"wp:featuredmedia":[{"embeddable":true,"href":"https:\/\/www.smeup.com\/magazine\/wp-json\/wp\/v2\/media\/54971"}],"wp:attachment":[{"href":"https:\/\/www.smeup.com\/magazine\/wp-json\/wp\/v2\/media?parent=51898"}],"wp:term":[{"taxonomy":"category","embeddable":true,"href":"https:\/\/www.smeup.com\/magazine\/wp-json\/wp\/v2\/categories?post=51898"},{"taxonomy":"post_tag","embeddable":true,"href":"https:\/\/www.smeup.com\/magazine\/wp-json\/wp\/v2\/tags?post=51898"}],"curies":[{"name":"wp","href":"https:\/\/api.w.org\/{rel}","templated":true}]}}