{"id":53465,"date":"2021-04-15T21:27:47","date_gmt":"2021-04-15T19:27:47","guid":{"rendered":"https:\/\/smeup.com\/sostenibilita\/?p=53465"},"modified":"2022-01-26T17:47:38","modified_gmt":"2022-01-26T16:47:38","slug":"progetto-time4society","status":"publish","type":"post","link":"https:\/\/www.smeup.com\/sostenibilita\/blog\/progetto-time4society\/","title":{"rendered":"smeup partecipa al progetto Time4Society"},"content":{"rendered":"<div class=\"fusion-fullwidth fullwidth-box fusion-builder-row-1 fusion-flex-container nonhundred-percent-fullwidth non-hundred-percent-height-scrolling gradient-container-1\" style=\"--awb-border-radius-top-left:0px;--awb-border-radius-top-right:0px;--awb-border-radius-bottom-right:0px;--awb-border-radius-bottom-left:0px;--awb-flex-wrap:wrap;\" ><div class=\"fusion-builder-row fusion-row fusion-flex-align-items-flex-start fusion-flex-content-wrap\" style=\"max-width:1144px;margin-left: calc(-4% \/ 2 );margin-right: calc(-4% \/ 2 );\"><div class=\"fusion-layout-column fusion_builder_column fusion-builder-column-0 fusion_builder_column_1_1 1_1 fusion-flex-column\" style=\"--awb-bg-size:cover;--awb-width-large:100%;--awb-margin-top-large:0px;--awb-spacing-right-large:1.92%;--awb-margin-bottom-large:0px;--awb-spacing-left-large:1.92%;--awb-width-medium:100%;--awb-spacing-right-medium:1.92%;--awb-spacing-left-medium:1.92%;--awb-width-small:100%;--awb-spacing-right-small:1.92%;--awb-spacing-left-small:1.92%;\"><div class=\"fusion-column-wrapper fusion-flex-justify-content-flex-start fusion-content-layout-column\"><div class=\"fusion-text fusion-text-1\"><p>Time4Society \u00e8 stato un progetto che ha visto come protagoniste tre realt\u00e0 (Centro Libenter, Asai, smeup) che si sono incontrate per un obiettivo comune: dedicare tempo, spazio, motivazione e competenze al fine di costruire un servizio utile e che ha avuto una ricaduta su ciascuno dei partecipanti e sulla comunit\u00e0.<\/p>\n<p><img decoding=\"async\" class=\"lazyload alignnone wp-image-53466 size-full\" src=\"https:\/\/www.smeup.com\/sostenibilita\/wp-content\/uploads\/sites\/16\/2021\/06\/T4S_1.png\" data-orig-src=\"https:\/\/www.smeup.com\/sostenibilita\/wp-content\/uploads\/sites\/16\/2021\/06\/T4S_1.png\" alt=\"\" width=\"643\" height=\"361\" srcset=\"data:image\/svg+xml,%3Csvg%20xmlns%3D%27http%3A%2F%2Fwww.w3.org%2F2000%2Fsvg%27%20width%3D%27643%27%20height%3D%27361%27%20viewBox%3D%270%200%20643%20361%27%3E%3Crect%20width%3D%27643%27%20height%3D%27361%27%20fill-opacity%3D%220%22%2F%3E%3C%2Fsvg%3E\" data-srcset=\"https:\/\/www.smeup.com\/sostenibilita\/wp-content\/uploads\/sites\/16\/2021\/06\/T4S_1-200x112.png 200w, https:\/\/www.smeup.com\/sostenibilita\/wp-content\/uploads\/sites\/16\/2021\/06\/T4S_1-300x168.png 300w, https:\/\/www.smeup.com\/sostenibilita\/wp-content\/uploads\/sites\/16\/2021\/06\/T4S_1-400x225.png 400w, https:\/\/www.smeup.com\/sostenibilita\/wp-content\/uploads\/sites\/16\/2021\/06\/T4S_1-600x337.png 600w, https:\/\/www.smeup.com\/sostenibilita\/wp-content\/uploads\/sites\/16\/2021\/06\/T4S_1.png 643w\" data-sizes=\"auto\" data-orig-sizes=\"(max-width: 643px) 100vw, 643px\" \/><\/p>\n<p><em>Ma cos\u2019\u00e8 Time for Society (T4S) nel concreto?<\/em><br \/>\n\u00c8 un progetto Erasmus+ (maggiori info a questo link) che punta allo sviluppo di metodi e strumenti innovativi per collegare e armonizzare la \u2018Formazione Professionale Continua\u2019 (CPD) con la \u2018Responsabilit\u00e0 sociale di Impresa\u2019 (RSI) e gli Obiettivi di Sviluppo Sostenibile (SDGs).<br \/>\nTime4Society \u00e8 stato un invito alle aziende, in questo caso smeup e alle loro risorse, per impegnarsi e lavorare in modo sostenibile, ma anche per scoprire di pi\u00f9 su loro stessi, acquisire competenze personali utili sia in azienda che al di fuori dell\u2019ambito di lavoro, per migliorare il lavoro di squadra e sviluppare il proprio potenziale.<br \/>\nInoltre, \u00e8 stato un\u2019opportunit\u00e0 per le associazioni, in questo caso ASAI in collaborazione con il Centro Interculturale di Torino, per continuare a portare avanti sempre meglio il mandato sociale delle loro attivit\u00e0.<\/p>\n<p><em>Qual \u00e8 stato l\u2019obiettivo di questo tempo insieme?<\/em><br \/>\nCostruire una rete di risorse individuali e gruppali, cooperare, mettere insieme idee e competenze per rendere possibile quello che da soli \u00e8 pi\u00f9 difficile fare.<\/p>\n<p><em>Il Progetto<\/em><br \/>\nQuest\u2019ultimo anno ha messo a dura prova le associazioni che, come ASAI, hanno come mandato quello dell\u2019inclusione sociale spostando da un piano di contatto diretto ad uno pi\u00f9 virtuale buona parte delle loro attivit\u00e0. \u00c8 nato cos\u00ec Radio Linea 4, uno spazio nell\u2019etere costruito e organizzato da ragazzi, volontari, educatori e cittadini per connettere luoghi e persone.<\/p>\n<p>Il tempo che ASAI e smeup hanno dedicato all\u2019interno del progetto \u00e8 servito a valorizzare al meglio la piattaforma e i contenuti trasmessi dalla radio comunitaria, migliorando la fruizione della piattaforma di radiolinea4 e costruendo insieme un podcast trasmesso poi dalla radio.<\/p>\n<p><strong>Siete curiosi di ascoltarlo? &#8211;\u00a0<\/strong><strong><a href=\"https:\/\/www.smeup.com\/media\/Time-4-Society-finale.mp3\">Scarica il Podcast<\/a><\/strong><\/p>\n<\/div><\/div><\/div><\/div><\/div>\n","protected":false},"excerpt":{"rendered":"","protected":false},"author":1,"featured_media":53467,"comment_status":"open","ping_status":"open","sticky":false,"template":"","format":"standard","meta":{"_acf_changed":false,"footnotes":""},"categories":[3377,3378,3379],"tags":[],"class_list":["post-53465","post","type-post","status-publish","format-standard","has-post-thumbnail","hentry","category-persone","category-sociale","category-sostenibilita"],"acf":[],"yoast_head":"<!-- This site is optimized with the Yoast SEO plugin v27.5 - https:\/\/yoast.com\/product\/yoast-seo-wordpress\/ -->\n<title>smeup partecipa al progetto Time4Society con Centro Libenter e Asai<\/title>\n<meta name=\"description\" content=\"Time4Society \u00e8 un progetto che ha come obiettivo dedicare tempo, spazio, motivazione e competenze al fine di supportare la comunit\u00e0\" \/>\n<meta name=\"robots\" content=\"index, follow, max-snippet:-1, max-image-preview:large, max-video-preview:-1\" \/>\n<link rel=\"canonical\" href=\"https:\/\/www.smeup.com\/sostenibilita\/blog\/progetto-time4society\/\" \/>\n<meta property=\"og:locale\" content=\"it_IT\" \/>\n<meta property=\"og:type\" content=\"article\" \/>\n<meta property=\"og:title\" content=\"smeup partecipa al progetto Time4Society con Centro Libenter e Asai\" \/>\n<meta property=\"og:description\" content=\"Time4Society \u00e8 un progetto che ha come obiettivo dedicare tempo, spazio, motivazione e competenze al fine di supportare la comunit\u00e0\" \/>\n<meta property=\"og:url\" content=\"https:\/\/www.smeup.com\/sostenibilita\/blog\/progetto-time4society\/\" \/>\n<meta property=\"og:site_name\" content=\"Sostenibilit\u00e0\" \/>\n<meta property=\"article:published_time\" content=\"2021-04-15T19:27:47+00:00\" \/>\n<meta property=\"article:modified_time\" content=\"2022-01-26T16:47:38+00:00\" \/>\n<meta property=\"og:image\" content=\"https:\/\/www.smeup.com\/sostenibilita\/wp-content\/uploads\/sites\/16\/2021\/06\/progetto-Time4Society.jpeg\" \/>\n\t<meta property=\"og:image:width\" content=\"1900\" \/>\n\t<meta property=\"og:image:height\" content=\"1267\" \/>\n\t<meta property=\"og:image:type\" content=\"image\/jpeg\" \/>\n<meta name=\"author\" content=\"smeup\" \/>\n<meta name=\"twitter:card\" content=\"summary_large_image\" \/>\n<meta name=\"twitter:label1\" content=\"Scritto da\" \/>\n\t<meta name=\"twitter:data1\" content=\"smeup\" \/>\n\t<meta name=\"twitter:label2\" content=\"Tempo di lettura stimato\" \/>\n\t<meta name=\"twitter:data2\" content=\"2 minuti\" \/>\n<script type=\"application\/ld+json\" class=\"yoast-schema-graph\">{\"@context\":\"https:\\\/\\\/schema.org\",\"@graph\":[{\"@type\":\"Article\",\"@id\":\"https:\\\/\\\/www.smeup.com\\\/sostenibilita\\\/blog\\\/progetto-time4society\\\/#article\",\"isPartOf\":{\"@id\":\"https:\\\/\\\/www.smeup.com\\\/sostenibilita\\\/blog\\\/progetto-time4society\\\/\"},\"author\":{\"name\":\"smeup\",\"@id\":\"https:\\\/\\\/www.smeup.com\\\/sostenibilita\\\/#\\\/schema\\\/person\\\/194a55d96e7e52223a84ff78468bf5c7\"},\"headline\":\"smeup partecipa al progetto Time4Society\",\"datePublished\":\"2021-04-15T19:27:47+00:00\",\"dateModified\":\"2022-01-26T16:47:38+00:00\",\"mainEntityOfPage\":{\"@id\":\"https:\\\/\\\/www.smeup.com\\\/sostenibilita\\\/blog\\\/progetto-time4society\\\/\"},\"wordCount\":507,\"commentCount\":0,\"image\":{\"@id\":\"https:\\\/\\\/www.smeup.com\\\/sostenibilita\\\/blog\\\/progetto-time4society\\\/#primaryimage\"},\"thumbnailUrl\":\"https:\\\/\\\/www.smeup.com\\\/sostenibilita\\\/wp-content\\\/uploads\\\/sites\\\/16\\\/2021\\\/06\\\/progetto-Time4Society.jpeg\",\"articleSection\":[\"Persone\",\"Sociale\",\"Sostenibilit\u00e0\"],\"inLanguage\":\"it-IT\",\"potentialAction\":[{\"@type\":\"CommentAction\",\"name\":\"Comment\",\"target\":[\"https:\\\/\\\/www.smeup.com\\\/sostenibilita\\\/blog\\\/progetto-time4society\\\/#respond\"]}]},{\"@type\":\"WebPage\",\"@id\":\"https:\\\/\\\/www.smeup.com\\\/sostenibilita\\\/blog\\\/progetto-time4society\\\/\",\"url\":\"https:\\\/\\\/www.smeup.com\\\/sostenibilita\\\/blog\\\/progetto-time4society\\\/\",\"name\":\"smeup partecipa al progetto Time4Society con Centro Libenter e Asai\",\"isPartOf\":{\"@id\":\"https:\\\/\\\/www.smeup.com\\\/sostenibilita\\\/#website\"},\"primaryImageOfPage\":{\"@id\":\"https:\\\/\\\/www.smeup.com\\\/sostenibilita\\\/blog\\\/progetto-time4society\\\/#primaryimage\"},\"image\":{\"@id\":\"https:\\\/\\\/www.smeup.com\\\/sostenibilita\\\/blog\\\/progetto-time4society\\\/#primaryimage\"},\"thumbnailUrl\":\"https:\\\/\\\/www.smeup.com\\\/sostenibilita\\\/wp-content\\\/uploads\\\/sites\\\/16\\\/2021\\\/06\\\/progetto-Time4Society.jpeg\",\"datePublished\":\"2021-04-15T19:27:47+00:00\",\"dateModified\":\"2022-01-26T16:47:38+00:00\",\"author\":{\"@id\":\"https:\\\/\\\/www.smeup.com\\\/sostenibilita\\\/#\\\/schema\\\/person\\\/194a55d96e7e52223a84ff78468bf5c7\"},\"description\":\"Time4Society \u00e8 un progetto che ha come obiettivo dedicare tempo, spazio, motivazione e competenze al fine di supportare la comunit\u00e0\",\"inLanguage\":\"it-IT\",\"potentialAction\":[{\"@type\":\"ReadAction\",\"target\":[\"https:\\\/\\\/www.smeup.com\\\/sostenibilita\\\/blog\\\/progetto-time4society\\\/\"]}]},{\"@type\":\"ImageObject\",\"inLanguage\":\"it-IT\",\"@id\":\"https:\\\/\\\/www.smeup.com\\\/sostenibilita\\\/blog\\\/progetto-time4society\\\/#primaryimage\",\"url\":\"https:\\\/\\\/www.smeup.com\\\/sostenibilita\\\/wp-content\\\/uploads\\\/sites\\\/16\\\/2021\\\/06\\\/progetto-Time4Society.jpeg\",\"contentUrl\":\"https:\\\/\\\/www.smeup.com\\\/sostenibilita\\\/wp-content\\\/uploads\\\/sites\\\/16\\\/2021\\\/06\\\/progetto-Time4Society.jpeg\",\"width\":1900,\"height\":1267,\"caption\":\"Background collage large group portrait of multiracial young smile smiling people social media\"},{\"@type\":\"WebSite\",\"@id\":\"https:\\\/\\\/www.smeup.com\\\/sostenibilita\\\/#website\",\"url\":\"https:\\\/\\\/www.smeup.com\\\/sostenibilita\\\/\",\"name\":\"Sostenibilit\u00e0\",\"description\":\"smeup\",\"potentialAction\":[{\"@type\":\"SearchAction\",\"target\":{\"@type\":\"EntryPoint\",\"urlTemplate\":\"https:\\\/\\\/www.smeup.com\\\/sostenibilita\\\/?s={search_term_string}\"},\"query-input\":{\"@type\":\"PropertyValueSpecification\",\"valueRequired\":true,\"valueName\":\"search_term_string\"}}],\"inLanguage\":\"it-IT\"},{\"@type\":\"Person\",\"@id\":\"https:\\\/\\\/www.smeup.com\\\/sostenibilita\\\/#\\\/schema\\\/person\\\/194a55d96e7e52223a84ff78468bf5c7\",\"name\":\"smeup\",\"image\":{\"@type\":\"ImageObject\",\"inLanguage\":\"it-IT\",\"@id\":\"https:\\\/\\\/secure.gravatar.com\\\/avatar\\\/a88cc3ad6c0af01768fe2ac47c88a321699d97ced53c173f66ceaa51400f43ca?s=96&d=mm&r=g\",\"url\":\"https:\\\/\\\/secure.gravatar.com\\\/avatar\\\/a88cc3ad6c0af01768fe2ac47c88a321699d97ced53c173f66ceaa51400f43ca?s=96&d=mm&r=g\",\"contentUrl\":\"https:\\\/\\\/secure.gravatar.com\\\/avatar\\\/a88cc3ad6c0af01768fe2ac47c88a321699d97ced53c173f66ceaa51400f43ca?s=96&d=mm&r=g\",\"caption\":\"smeup\"},\"sameAs\":[\"https:\\\/\\\/www.smeup.com\"],\"url\":\"https:\\\/\\\/www.smeup.com\\\/sostenibilita\\\/blog\\\/author\\\/admin\\\/\"}]}<\/script>\n<!-- \/ Yoast SEO plugin. -->","yoast_head_json":{"title":"smeup partecipa al progetto Time4Society con Centro Libenter e Asai","description":"Time4Society \u00e8 un progetto che ha come obiettivo dedicare tempo, spazio, motivazione e competenze al fine di supportare la comunit\u00e0","robots":{"index":"index","follow":"follow","max-snippet":"max-snippet:-1","max-image-preview":"max-image-preview:large","max-video-preview":"max-video-preview:-1"},"canonical":"https:\/\/www.smeup.com\/sostenibilita\/blog\/progetto-time4society\/","og_locale":"it_IT","og_type":"article","og_title":"smeup partecipa al progetto Time4Society con Centro Libenter e Asai","og_description":"Time4Society \u00e8 un progetto che ha come obiettivo dedicare tempo, spazio, motivazione e competenze al fine di supportare la comunit\u00e0","og_url":"https:\/\/www.smeup.com\/sostenibilita\/blog\/progetto-time4society\/","og_site_name":"Sostenibilit\u00e0","article_published_time":"2021-04-15T19:27:47+00:00","article_modified_time":"2022-01-26T16:47:38+00:00","og_image":[{"width":1900,"height":1267,"url":"https:\/\/www.smeup.com\/sostenibilita\/wp-content\/uploads\/sites\/16\/2021\/06\/progetto-Time4Society.jpeg","type":"image\/jpeg"}],"author":"smeup","twitter_card":"summary_large_image","twitter_misc":{"Scritto da":"smeup","Tempo di lettura stimato":"2 minuti"},"schema":{"@context":"https:\/\/schema.org","@graph":[{"@type":"Article","@id":"https:\/\/www.smeup.com\/sostenibilita\/blog\/progetto-time4society\/#article","isPartOf":{"@id":"https:\/\/www.smeup.com\/sostenibilita\/blog\/progetto-time4society\/"},"author":{"name":"smeup","@id":"https:\/\/www.smeup.com\/sostenibilita\/#\/schema\/person\/194a55d96e7e52223a84ff78468bf5c7"},"headline":"smeup partecipa al progetto Time4Society","datePublished":"2021-04-15T19:27:47+00:00","dateModified":"2022-01-26T16:47:38+00:00","mainEntityOfPage":{"@id":"https:\/\/www.smeup.com\/sostenibilita\/blog\/progetto-time4society\/"},"wordCount":507,"commentCount":0,"image":{"@id":"https:\/\/www.smeup.com\/sostenibilita\/blog\/progetto-time4society\/#primaryimage"},"thumbnailUrl":"https:\/\/www.smeup.com\/sostenibilita\/wp-content\/uploads\/sites\/16\/2021\/06\/progetto-Time4Society.jpeg","articleSection":["Persone","Sociale","Sostenibilit\u00e0"],"inLanguage":"it-IT","potentialAction":[{"@type":"CommentAction","name":"Comment","target":["https:\/\/www.smeup.com\/sostenibilita\/blog\/progetto-time4society\/#respond"]}]},{"@type":"WebPage","@id":"https:\/\/www.smeup.com\/sostenibilita\/blog\/progetto-time4society\/","url":"https:\/\/www.smeup.com\/sostenibilita\/blog\/progetto-time4society\/","name":"smeup partecipa al progetto Time4Society con Centro Libenter e Asai","isPartOf":{"@id":"https:\/\/www.smeup.com\/sostenibilita\/#website"},"primaryImageOfPage":{"@id":"https:\/\/www.smeup.com\/sostenibilita\/blog\/progetto-time4society\/#primaryimage"},"image":{"@id":"https:\/\/www.smeup.com\/sostenibilita\/blog\/progetto-time4society\/#primaryimage"},"thumbnailUrl":"https:\/\/www.smeup.com\/sostenibilita\/wp-content\/uploads\/sites\/16\/2021\/06\/progetto-Time4Society.jpeg","datePublished":"2021-04-15T19:27:47+00:00","dateModified":"2022-01-26T16:47:38+00:00","author":{"@id":"https:\/\/www.smeup.com\/sostenibilita\/#\/schema\/person\/194a55d96e7e52223a84ff78468bf5c7"},"description":"Time4Society \u00e8 un progetto che ha come obiettivo dedicare tempo, spazio, motivazione e competenze al fine di supportare la comunit\u00e0","inLanguage":"it-IT","potentialAction":[{"@type":"ReadAction","target":["https:\/\/www.smeup.com\/sostenibilita\/blog\/progetto-time4society\/"]}]},{"@type":"ImageObject","inLanguage":"it-IT","@id":"https:\/\/www.smeup.com\/sostenibilita\/blog\/progetto-time4society\/#primaryimage","url":"https:\/\/www.smeup.com\/sostenibilita\/wp-content\/uploads\/sites\/16\/2021\/06\/progetto-Time4Society.jpeg","contentUrl":"https:\/\/www.smeup.com\/sostenibilita\/wp-content\/uploads\/sites\/16\/2021\/06\/progetto-Time4Society.jpeg","width":1900,"height":1267,"caption":"Background collage large group portrait of multiracial young smile smiling people social media"},{"@type":"WebSite","@id":"https:\/\/www.smeup.com\/sostenibilita\/#website","url":"https:\/\/www.smeup.com\/sostenibilita\/","name":"Sostenibilit\u00e0","description":"smeup","potentialAction":[{"@type":"SearchAction","target":{"@type":"EntryPoint","urlTemplate":"https:\/\/www.smeup.com\/sostenibilita\/?s={search_term_string}"},"query-input":{"@type":"PropertyValueSpecification","valueRequired":true,"valueName":"search_term_string"}}],"inLanguage":"it-IT"},{"@type":"Person","@id":"https:\/\/www.smeup.com\/sostenibilita\/#\/schema\/person\/194a55d96e7e52223a84ff78468bf5c7","name":"smeup","image":{"@type":"ImageObject","inLanguage":"it-IT","@id":"https:\/\/secure.gravatar.com\/avatar\/a88cc3ad6c0af01768fe2ac47c88a321699d97ced53c173f66ceaa51400f43ca?s=96&d=mm&r=g","url":"https:\/\/secure.gravatar.com\/avatar\/a88cc3ad6c0af01768fe2ac47c88a321699d97ced53c173f66ceaa51400f43ca?s=96&d=mm&r=g","contentUrl":"https:\/\/secure.gravatar.com\/avatar\/a88cc3ad6c0af01768fe2ac47c88a321699d97ced53c173f66ceaa51400f43ca?s=96&d=mm&r=g","caption":"smeup"},"sameAs":["https:\/\/www.smeup.com"],"url":"https:\/\/www.smeup.com\/sostenibilita\/blog\/author\/admin\/"}]}},"_links":{"self":[{"href":"https:\/\/www.smeup.com\/sostenibilita\/wp-json\/wp\/v2\/posts\/53465","targetHints":{"allow":["GET"]}}],"collection":[{"href":"https:\/\/www.smeup.com\/sostenibilita\/wp-json\/wp\/v2\/posts"}],"about":[{"href":"https:\/\/www.smeup.com\/sostenibilita\/wp-json\/wp\/v2\/types\/post"}],"author":[{"embeddable":true,"href":"https:\/\/www.smeup.com\/sostenibilita\/wp-json\/wp\/v2\/users\/1"}],"replies":[{"embeddable":true,"href":"https:\/\/www.smeup.com\/sostenibilita\/wp-json\/wp\/v2\/comments?post=53465"}],"version-history":[{"count":5,"href":"https:\/\/www.smeup.com\/sostenibilita\/wp-json\/wp\/v2\/posts\/53465\/revisions"}],"predecessor-version":[{"id":53592,"href":"https:\/\/www.smeup.com\/sostenibilita\/wp-json\/wp\/v2\/posts\/53465\/revisions\/53592"}],"wp:featuredmedia":[{"embeddable":true,"href":"https:\/\/www.smeup.com\/sostenibilita\/wp-json\/wp\/v2\/media\/53467"}],"wp:attachment":[{"href":"https:\/\/www.smeup.com\/sostenibilita\/wp-json\/wp\/v2\/media?parent=53465"}],"wp:term":[{"taxonomy":"category","embeddable":true,"href":"https:\/\/www.smeup.com\/sostenibilita\/wp-json\/wp\/v2\/categories?post=53465"},{"taxonomy":"post_tag","embeddable":true,"href":"https:\/\/www.smeup.com\/sostenibilita\/wp-json\/wp\/v2\/tags?post=53465"}],"curies":[{"name":"wp","href":"https:\/\/api.w.org\/{rel}","templated":true}]}}