{"id":53471,"date":"2020-06-05T21:35:06","date_gmt":"2020-06-05T19:35:06","guid":{"rendered":"https:\/\/smeup.com\/sostenibilita\/?p=53471"},"modified":"2022-01-26T17:47:39","modified_gmt":"2022-01-26T16:47:39","slug":"covid-19-e-home-working","status":"publish","type":"post","link":"https:\/\/www.smeup.com\/sostenibilita\/blog\/covid-19-e-home-working\/","title":{"rendered":"Covid-19 e home working: le attivit\u00e0 e le misure di sicurezza di smeup a supporto dei collaboratori"},"content":{"rendered":"<div class=\"fusion-fullwidth fullwidth-box fusion-builder-row-1 fusion-flex-container nonhundred-percent-fullwidth non-hundred-percent-height-scrolling gradient-container-1\" style=\"--awb-border-radius-top-left:0px;--awb-border-radius-top-right:0px;--awb-border-radius-bottom-right:0px;--awb-border-radius-bottom-left:0px;--awb-flex-wrap:wrap;\" ><div class=\"fusion-builder-row fusion-row fusion-flex-align-items-flex-start fusion-flex-content-wrap\" style=\"max-width:1144px;margin-left: calc(-4% \/ 2 );margin-right: calc(-4% \/ 2 );\"><div class=\"fusion-layout-column fusion_builder_column fusion-builder-column-0 fusion_builder_column_1_1 1_1 fusion-flex-column\" style=\"--awb-bg-size:cover;--awb-width-large:100%;--awb-margin-top-large:0px;--awb-spacing-right-large:1.92%;--awb-margin-bottom-large:0px;--awb-spacing-left-large:1.92%;--awb-width-medium:100%;--awb-spacing-right-medium:1.92%;--awb-spacing-left-medium:1.92%;--awb-width-small:100%;--awb-spacing-right-small:1.92%;--awb-spacing-left-small:1.92%;\"><div class=\"fusion-column-wrapper fusion-flex-justify-content-flex-start fusion-content-layout-column\"><div class=\"fusion-text fusion-text-1\"><p>L\u2019emergenza sanitaria dovuta al Coronavirus ha imposto la necessit\u00e0 di attuare il distanziamento sociale e il conseguente fermo o spostamento delle attivit\u00e0 degli uffici presso l\u2019abitazione dei collaboratori. smeup ha scelto di mettere in primo piano la sicurezza di collaboratori, clienti, partners e fornitori attuando immediatamente, ove possibile, il lavoro da remoto e mettendo in pratica delle misure per tutelare la salute delle persone e delle loro famiglie pur mantenendo la continuit\u00e0 operativa.<br \/>\nAbbiamo potuto attuare sin da subito lo smart working, perch\u00e8 l\u2019azienda aveva gi\u00e0 predisposto da tempo tutti gli strumenti necessari per l\u2019attivazione del lavoro da remoto.<\/p>\n<p>In primo luogo, ci siamo assicurati che quanti pi\u00f9 collaboratori dell\u2019azienda potessero lavorare in smart working, accertando che tutti disponessero degli strumenti necessari, come computer, connessione ad internet, strumenti di collaborazione digitale. Ad esempio, sono stati forniti Giga aggiuntivi ai collaboratori che non disponevano di una rete wi-fi presso la propria abitazione, consentendo loro di utilizzare la rete hotspot per lavorare.<\/p>\n<p>\u00c9 stato inoltre definito un protocollo di protezione dei dipendenti per il rientro in ufficio dopo il 4 maggio, continuando inoltre a garantire la prosecuzione dello smart working per tutti i collaboratori che non avessero necessit\u00e0 urgente di riprendere la propria attivit\u00e0 presso le sedi lavorative.<\/p>\n<p>Il protocollo prevede diverse misure volte a garantire la sicurezza dei collaboratori e di tutte le persone che accedono alle sedi di lavoro, a partire appunto dall\u2019ingresso in sede dove \u00e8 prevista la misurazione della temperatura e, ove possibile, la differenziazione dei luoghi di ingresso e uscita dalle sedi lavorative.<\/p>\n<p>\u00c9 stata prevista inoltre la riduzione a un terzo della capienza massima di personale negli uffici, dove sono state svolte attivit\u00e0 di segnalazione delle postazioni da non utilizzare per garantire la distanza di 1,5 metri tra una persona e l\u2019altra e dove sono state affisse comunicazioni con indicazioni chiare di tutte le misure da rispettare negli ambienti di lavoro .<\/p>\n<p>Per garantire un utilizzo agevole ma sicuro dei locali lavorativi, \u00e8 stata prevista anche una regolamentazione dell\u2019utilizzo di tutti gli spazi comuni. Presso tutte le sedi lavorative del nostro gruppo \u00e8 stata prevista inoltre la fornitura di dispositivi di protezione individuale:<\/p>\n<p><em>Per l\u2019attivit\u00e0 lavorativa in ufficio:<\/em><\/p>\n<p style=\"padding-left: 40px\"><span style=\"color: #a6192e\">\u25a0<\/span> Mascherine<br \/>\n<span style=\"color: #a6192e\">\u25a0<\/span> Gel igienizzante<br \/>\n<span style=\"color: #a6192e\">\u25a0<\/span> Spray per l\u2019igienizzazione delle superfici delle postazioni di lavoro<\/p>\n<p><em>Per i collaboratori che hanno necessit\u00e0 di recarsi presso i clienti: <\/em><\/p>\n<p style=\"padding-left: 40px\"><span style=\"color: #a6192e\">\u25a0<\/span> Mascherine<br \/>\n<span style=\"color: #a6192e\">\u25a0<\/span> Guanti<br \/>\n<span style=\"color: #a6192e\">\u25a0<\/span> Gel igienizzante formato pocket<br \/>\n<span style=\"color: #a6192e\">\u25a0<\/span> Coprisedili usa e getta e igienizzante per volante e cruscotto per le automobili aziendali<\/p>\n<p>Tutte queste azioni sono volte alla garanzia del rispetto di tutte le indicazioni sanitarie espresse dalle autorit\u00e0 per la gestione di questa fase di ripresa delle attivit\u00e0. Cos\u00ec come abbiamo fatto durante il periodo di lockdown, in cui non ci siamo mai fermati, oggi \u00e8 ancora pi\u00f9 importante offrire ai Clienti tutto il supporto di cui hanno bisogno per la ripartenza.<br \/>\nPer questo, abbiamo fatto in modo di poterlo fare in tutta sicurezza.<\/p>\n<\/div><\/div><\/div><\/div><\/div>\n","protected":false},"excerpt":{"rendered":"","protected":false},"author":1,"featured_media":53472,"comment_status":"open","ping_status":"open","sticky":false,"template":"","format":"standard","meta":{"_acf_changed":false,"footnotes":""},"categories":[3377,3379],"tags":[],"class_list":["post-53471","post","type-post","status-publish","format-standard","has-post-thumbnail","hentry","category-persone","category-sostenibilita"],"acf":[],"yoast_head":"<!-- This site is optimized with the Yoast SEO plugin v27.5 - https:\/\/yoast.com\/product\/yoast-seo-wordpress\/ -->\n<title>Covid-19 e home working: la sicurezza dei collaboratori prima di tutto<\/title>\n<meta name=\"description\" content=\"L\u2019emergenza sanitaria ha imposto di attuare il distanziamento sociale e lo spostamento delle attivit\u00e0 presso l\u2019abitazione dei collaboratori\" \/>\n<meta name=\"robots\" content=\"index, follow, max-snippet:-1, max-image-preview:large, max-video-preview:-1\" \/>\n<link rel=\"canonical\" href=\"https:\/\/www.smeup.com\/sostenibilita\/blog\/covid-19-e-home-working\/\" \/>\n<meta property=\"og:locale\" content=\"it_IT\" \/>\n<meta property=\"og:type\" content=\"article\" \/>\n<meta property=\"og:title\" content=\"Covid-19 e home working: la sicurezza dei collaboratori prima di tutto\" \/>\n<meta property=\"og:description\" content=\"L\u2019emergenza sanitaria ha imposto di attuare il distanziamento sociale e lo spostamento delle attivit\u00e0 presso l\u2019abitazione dei collaboratori\" \/>\n<meta property=\"og:url\" content=\"https:\/\/www.smeup.com\/sostenibilita\/blog\/covid-19-e-home-working\/\" \/>\n<meta property=\"og:site_name\" content=\"Sostenibilit\u00e0\" \/>\n<meta property=\"article:published_time\" content=\"2020-06-05T19:35:06+00:00\" \/>\n<meta property=\"article:modified_time\" content=\"2022-01-26T16:47:39+00:00\" \/>\n<meta property=\"og:image\" content=\"https:\/\/www.smeup.com\/sostenibilita\/wp-content\/uploads\/sites\/16\/2021\/06\/covid-19-e-home-working.png\" \/>\n\t<meta property=\"og:image:width\" content=\"1600\" \/>\n\t<meta property=\"og:image:height\" content=\"1067\" \/>\n\t<meta property=\"og:image:type\" content=\"image\/png\" \/>\n<meta name=\"author\" content=\"smeup\" \/>\n<meta name=\"twitter:card\" content=\"summary_large_image\" \/>\n<meta name=\"twitter:label1\" content=\"Scritto da\" \/>\n\t<meta name=\"twitter:data1\" content=\"smeup\" \/>\n\t<meta name=\"twitter:label2\" content=\"Tempo di lettura stimato\" \/>\n\t<meta name=\"twitter:data2\" content=\"3 minuti\" \/>\n<script type=\"application\/ld+json\" class=\"yoast-schema-graph\">{\"@context\":\"https:\\\/\\\/schema.org\",\"@graph\":[{\"@type\":\"Article\",\"@id\":\"https:\\\/\\\/www.smeup.com\\\/sostenibilita\\\/blog\\\/covid-19-e-home-working\\\/#article\",\"isPartOf\":{\"@id\":\"https:\\\/\\\/www.smeup.com\\\/sostenibilita\\\/blog\\\/covid-19-e-home-working\\\/\"},\"author\":{\"name\":\"smeup\",\"@id\":\"https:\\\/\\\/www.smeup.com\\\/sostenibilita\\\/#\\\/schema\\\/person\\\/194a55d96e7e52223a84ff78468bf5c7\"},\"headline\":\"Covid-19 e home working: le attivit\u00e0 e le misure di sicurezza di smeup a supporto dei collaboratori\",\"datePublished\":\"2020-06-05T19:35:06+00:00\",\"dateModified\":\"2022-01-26T16:47:39+00:00\",\"mainEntityOfPage\":{\"@id\":\"https:\\\/\\\/www.smeup.com\\\/sostenibilita\\\/blog\\\/covid-19-e-home-working\\\/\"},\"wordCount\":735,\"commentCount\":0,\"image\":{\"@id\":\"https:\\\/\\\/www.smeup.com\\\/sostenibilita\\\/blog\\\/covid-19-e-home-working\\\/#primaryimage\"},\"thumbnailUrl\":\"https:\\\/\\\/www.smeup.com\\\/sostenibilita\\\/wp-content\\\/uploads\\\/sites\\\/16\\\/2021\\\/06\\\/covid-19-e-home-working.png\",\"articleSection\":[\"Persone\",\"Sostenibilit\u00e0\"],\"inLanguage\":\"it-IT\",\"potentialAction\":[{\"@type\":\"CommentAction\",\"name\":\"Comment\",\"target\":[\"https:\\\/\\\/www.smeup.com\\\/sostenibilita\\\/blog\\\/covid-19-e-home-working\\\/#respond\"]}]},{\"@type\":\"WebPage\",\"@id\":\"https:\\\/\\\/www.smeup.com\\\/sostenibilita\\\/blog\\\/covid-19-e-home-working\\\/\",\"url\":\"https:\\\/\\\/www.smeup.com\\\/sostenibilita\\\/blog\\\/covid-19-e-home-working\\\/\",\"name\":\"Covid-19 e home working: la sicurezza dei collaboratori prima di tutto\",\"isPartOf\":{\"@id\":\"https:\\\/\\\/www.smeup.com\\\/sostenibilita\\\/#website\"},\"primaryImageOfPage\":{\"@id\":\"https:\\\/\\\/www.smeup.com\\\/sostenibilita\\\/blog\\\/covid-19-e-home-working\\\/#primaryimage\"},\"image\":{\"@id\":\"https:\\\/\\\/www.smeup.com\\\/sostenibilita\\\/blog\\\/covid-19-e-home-working\\\/#primaryimage\"},\"thumbnailUrl\":\"https:\\\/\\\/www.smeup.com\\\/sostenibilita\\\/wp-content\\\/uploads\\\/sites\\\/16\\\/2021\\\/06\\\/covid-19-e-home-working.png\",\"datePublished\":\"2020-06-05T19:35:06+00:00\",\"dateModified\":\"2022-01-26T16:47:39+00:00\",\"author\":{\"@id\":\"https:\\\/\\\/www.smeup.com\\\/sostenibilita\\\/#\\\/schema\\\/person\\\/194a55d96e7e52223a84ff78468bf5c7\"},\"description\":\"L\u2019emergenza sanitaria ha imposto di attuare il distanziamento sociale e lo spostamento delle attivit\u00e0 presso l\u2019abitazione dei collaboratori\",\"inLanguage\":\"it-IT\",\"potentialAction\":[{\"@type\":\"ReadAction\",\"target\":[\"https:\\\/\\\/www.smeup.com\\\/sostenibilita\\\/blog\\\/covid-19-e-home-working\\\/\"]}]},{\"@type\":\"ImageObject\",\"inLanguage\":\"it-IT\",\"@id\":\"https:\\\/\\\/www.smeup.com\\\/sostenibilita\\\/blog\\\/covid-19-e-home-working\\\/#primaryimage\",\"url\":\"https:\\\/\\\/www.smeup.com\\\/sostenibilita\\\/wp-content\\\/uploads\\\/sites\\\/16\\\/2021\\\/06\\\/covid-19-e-home-working.png\",\"contentUrl\":\"https:\\\/\\\/www.smeup.com\\\/sostenibilita\\\/wp-content\\\/uploads\\\/sites\\\/16\\\/2021\\\/06\\\/covid-19-e-home-working.png\",\"width\":1600,\"height\":1067},{\"@type\":\"WebSite\",\"@id\":\"https:\\\/\\\/www.smeup.com\\\/sostenibilita\\\/#website\",\"url\":\"https:\\\/\\\/www.smeup.com\\\/sostenibilita\\\/\",\"name\":\"Sostenibilit\u00e0\",\"description\":\"smeup\",\"potentialAction\":[{\"@type\":\"SearchAction\",\"target\":{\"@type\":\"EntryPoint\",\"urlTemplate\":\"https:\\\/\\\/www.smeup.com\\\/sostenibilita\\\/?s={search_term_string}\"},\"query-input\":{\"@type\":\"PropertyValueSpecification\",\"valueRequired\":true,\"valueName\":\"search_term_string\"}}],\"inLanguage\":\"it-IT\"},{\"@type\":\"Person\",\"@id\":\"https:\\\/\\\/www.smeup.com\\\/sostenibilita\\\/#\\\/schema\\\/person\\\/194a55d96e7e52223a84ff78468bf5c7\",\"name\":\"smeup\",\"image\":{\"@type\":\"ImageObject\",\"inLanguage\":\"it-IT\",\"@id\":\"https:\\\/\\\/secure.gravatar.com\\\/avatar\\\/a88cc3ad6c0af01768fe2ac47c88a321699d97ced53c173f66ceaa51400f43ca?s=96&d=mm&r=g\",\"url\":\"https:\\\/\\\/secure.gravatar.com\\\/avatar\\\/a88cc3ad6c0af01768fe2ac47c88a321699d97ced53c173f66ceaa51400f43ca?s=96&d=mm&r=g\",\"contentUrl\":\"https:\\\/\\\/secure.gravatar.com\\\/avatar\\\/a88cc3ad6c0af01768fe2ac47c88a321699d97ced53c173f66ceaa51400f43ca?s=96&d=mm&r=g\",\"caption\":\"smeup\"},\"sameAs\":[\"https:\\\/\\\/www.smeup.com\"],\"url\":\"https:\\\/\\\/www.smeup.com\\\/sostenibilita\\\/blog\\\/author\\\/admin\\\/\"}]}<\/script>\n<!-- \/ Yoast SEO plugin. -->","yoast_head_json":{"title":"Covid-19 e home working: la sicurezza dei collaboratori prima di tutto","description":"L\u2019emergenza sanitaria ha imposto di attuare il distanziamento sociale e lo spostamento delle attivit\u00e0 presso l\u2019abitazione dei collaboratori","robots":{"index":"index","follow":"follow","max-snippet":"max-snippet:-1","max-image-preview":"max-image-preview:large","max-video-preview":"max-video-preview:-1"},"canonical":"https:\/\/www.smeup.com\/sostenibilita\/blog\/covid-19-e-home-working\/","og_locale":"it_IT","og_type":"article","og_title":"Covid-19 e home working: la sicurezza dei collaboratori prima di tutto","og_description":"L\u2019emergenza sanitaria ha imposto di attuare il distanziamento sociale e lo spostamento delle attivit\u00e0 presso l\u2019abitazione dei collaboratori","og_url":"https:\/\/www.smeup.com\/sostenibilita\/blog\/covid-19-e-home-working\/","og_site_name":"Sostenibilit\u00e0","article_published_time":"2020-06-05T19:35:06+00:00","article_modified_time":"2022-01-26T16:47:39+00:00","og_image":[{"width":1600,"height":1067,"url":"https:\/\/www.smeup.com\/sostenibilita\/wp-content\/uploads\/sites\/16\/2021\/06\/covid-19-e-home-working.png","type":"image\/png"}],"author":"smeup","twitter_card":"summary_large_image","twitter_misc":{"Scritto da":"smeup","Tempo di lettura stimato":"3 minuti"},"schema":{"@context":"https:\/\/schema.org","@graph":[{"@type":"Article","@id":"https:\/\/www.smeup.com\/sostenibilita\/blog\/covid-19-e-home-working\/#article","isPartOf":{"@id":"https:\/\/www.smeup.com\/sostenibilita\/blog\/covid-19-e-home-working\/"},"author":{"name":"smeup","@id":"https:\/\/www.smeup.com\/sostenibilita\/#\/schema\/person\/194a55d96e7e52223a84ff78468bf5c7"},"headline":"Covid-19 e home working: le attivit\u00e0 e le misure di sicurezza di smeup a supporto dei collaboratori","datePublished":"2020-06-05T19:35:06+00:00","dateModified":"2022-01-26T16:47:39+00:00","mainEntityOfPage":{"@id":"https:\/\/www.smeup.com\/sostenibilita\/blog\/covid-19-e-home-working\/"},"wordCount":735,"commentCount":0,"image":{"@id":"https:\/\/www.smeup.com\/sostenibilita\/blog\/covid-19-e-home-working\/#primaryimage"},"thumbnailUrl":"https:\/\/www.smeup.com\/sostenibilita\/wp-content\/uploads\/sites\/16\/2021\/06\/covid-19-e-home-working.png","articleSection":["Persone","Sostenibilit\u00e0"],"inLanguage":"it-IT","potentialAction":[{"@type":"CommentAction","name":"Comment","target":["https:\/\/www.smeup.com\/sostenibilita\/blog\/covid-19-e-home-working\/#respond"]}]},{"@type":"WebPage","@id":"https:\/\/www.smeup.com\/sostenibilita\/blog\/covid-19-e-home-working\/","url":"https:\/\/www.smeup.com\/sostenibilita\/blog\/covid-19-e-home-working\/","name":"Covid-19 e home working: la sicurezza dei collaboratori prima di tutto","isPartOf":{"@id":"https:\/\/www.smeup.com\/sostenibilita\/#website"},"primaryImageOfPage":{"@id":"https:\/\/www.smeup.com\/sostenibilita\/blog\/covid-19-e-home-working\/#primaryimage"},"image":{"@id":"https:\/\/www.smeup.com\/sostenibilita\/blog\/covid-19-e-home-working\/#primaryimage"},"thumbnailUrl":"https:\/\/www.smeup.com\/sostenibilita\/wp-content\/uploads\/sites\/16\/2021\/06\/covid-19-e-home-working.png","datePublished":"2020-06-05T19:35:06+00:00","dateModified":"2022-01-26T16:47:39+00:00","author":{"@id":"https:\/\/www.smeup.com\/sostenibilita\/#\/schema\/person\/194a55d96e7e52223a84ff78468bf5c7"},"description":"L\u2019emergenza sanitaria ha imposto di attuare il distanziamento sociale e lo spostamento delle attivit\u00e0 presso l\u2019abitazione dei collaboratori","inLanguage":"it-IT","potentialAction":[{"@type":"ReadAction","target":["https:\/\/www.smeup.com\/sostenibilita\/blog\/covid-19-e-home-working\/"]}]},{"@type":"ImageObject","inLanguage":"it-IT","@id":"https:\/\/www.smeup.com\/sostenibilita\/blog\/covid-19-e-home-working\/#primaryimage","url":"https:\/\/www.smeup.com\/sostenibilita\/wp-content\/uploads\/sites\/16\/2021\/06\/covid-19-e-home-working.png","contentUrl":"https:\/\/www.smeup.com\/sostenibilita\/wp-content\/uploads\/sites\/16\/2021\/06\/covid-19-e-home-working.png","width":1600,"height":1067},{"@type":"WebSite","@id":"https:\/\/www.smeup.com\/sostenibilita\/#website","url":"https:\/\/www.smeup.com\/sostenibilita\/","name":"Sostenibilit\u00e0","description":"smeup","potentialAction":[{"@type":"SearchAction","target":{"@type":"EntryPoint","urlTemplate":"https:\/\/www.smeup.com\/sostenibilita\/?s={search_term_string}"},"query-input":{"@type":"PropertyValueSpecification","valueRequired":true,"valueName":"search_term_string"}}],"inLanguage":"it-IT"},{"@type":"Person","@id":"https:\/\/www.smeup.com\/sostenibilita\/#\/schema\/person\/194a55d96e7e52223a84ff78468bf5c7","name":"smeup","image":{"@type":"ImageObject","inLanguage":"it-IT","@id":"https:\/\/secure.gravatar.com\/avatar\/a88cc3ad6c0af01768fe2ac47c88a321699d97ced53c173f66ceaa51400f43ca?s=96&d=mm&r=g","url":"https:\/\/secure.gravatar.com\/avatar\/a88cc3ad6c0af01768fe2ac47c88a321699d97ced53c173f66ceaa51400f43ca?s=96&d=mm&r=g","contentUrl":"https:\/\/secure.gravatar.com\/avatar\/a88cc3ad6c0af01768fe2ac47c88a321699d97ced53c173f66ceaa51400f43ca?s=96&d=mm&r=g","caption":"smeup"},"sameAs":["https:\/\/www.smeup.com"],"url":"https:\/\/www.smeup.com\/sostenibilita\/blog\/author\/admin\/"}]}},"_links":{"self":[{"href":"https:\/\/www.smeup.com\/sostenibilita\/wp-json\/wp\/v2\/posts\/53471","targetHints":{"allow":["GET"]}}],"collection":[{"href":"https:\/\/www.smeup.com\/sostenibilita\/wp-json\/wp\/v2\/posts"}],"about":[{"href":"https:\/\/www.smeup.com\/sostenibilita\/wp-json\/wp\/v2\/types\/post"}],"author":[{"embeddable":true,"href":"https:\/\/www.smeup.com\/sostenibilita\/wp-json\/wp\/v2\/users\/1"}],"replies":[{"embeddable":true,"href":"https:\/\/www.smeup.com\/sostenibilita\/wp-json\/wp\/v2\/comments?post=53471"}],"version-history":[{"count":6,"href":"https:\/\/www.smeup.com\/sostenibilita\/wp-json\/wp\/v2\/posts\/53471\/revisions"}],"predecessor-version":[{"id":53665,"href":"https:\/\/www.smeup.com\/sostenibilita\/wp-json\/wp\/v2\/posts\/53471\/revisions\/53665"}],"wp:featuredmedia":[{"embeddable":true,"href":"https:\/\/www.smeup.com\/sostenibilita\/wp-json\/wp\/v2\/media\/53472"}],"wp:attachment":[{"href":"https:\/\/www.smeup.com\/sostenibilita\/wp-json\/wp\/v2\/media?parent=53471"}],"wp:term":[{"taxonomy":"category","embeddable":true,"href":"https:\/\/www.smeup.com\/sostenibilita\/wp-json\/wp\/v2\/categories?post=53471"},{"taxonomy":"post_tag","embeddable":true,"href":"https:\/\/www.smeup.com\/sostenibilita\/wp-json\/wp\/v2\/tags?post=53471"}],"curies":[{"name":"wp","href":"https:\/\/api.w.org\/{rel}","templated":true}]}}