{"id":53493,"date":"2020-07-04T22:03:30","date_gmt":"2020-07-04T20:03:30","guid":{"rendered":"https:\/\/smeup.com\/sostenibilita\/?p=53493"},"modified":"2022-01-26T17:47:39","modified_gmt":"2022-01-26T16:47:39","slug":"progetto-io-pago-i-fornitori","status":"publish","type":"post","link":"https:\/\/www.smeup.com\/sostenibilita\/blog\/progetto-io-pago-i-fornitori\/","title":{"rendered":"Progetto #iopagoifornitori: intervista a Silvano Lancini"},"content":{"rendered":"<div class=\"fusion-fullwidth fullwidth-box fusion-builder-row-1 fusion-flex-container nonhundred-percent-fullwidth non-hundred-percent-height-scrolling gradient-container-1\" style=\"--awb-border-radius-top-left:0px;--awb-border-radius-top-right:0px;--awb-border-radius-bottom-right:0px;--awb-border-radius-bottom-left:0px;--awb-flex-wrap:wrap;\" ><div class=\"fusion-builder-row fusion-row fusion-flex-align-items-flex-start fusion-flex-content-wrap\" style=\"max-width:1144px;margin-left: calc(-4% \/ 2 );margin-right: calc(-4% \/ 2 );\"><div class=\"fusion-layout-column fusion_builder_column fusion-builder-column-0 fusion_builder_column_1_1 1_1 fusion-flex-column\" style=\"--awb-bg-size:cover;--awb-width-large:100%;--awb-margin-top-large:0px;--awb-spacing-right-large:1.92%;--awb-margin-bottom-large:0px;--awb-spacing-left-large:1.92%;--awb-width-medium:100%;--awb-spacing-right-medium:1.92%;--awb-spacing-left-medium:1.92%;--awb-width-small:100%;--awb-spacing-right-small:1.92%;--awb-spacing-left-small:1.92%;\"><div class=\"fusion-column-wrapper fusion-flex-justify-content-flex-start fusion-content-layout-column\"><div class=\"fusion-text fusion-text-1\"><p>In questi mesi di emergenza dovuta al Coronavirus, sono molte le realt\u00e0 imprenditoriali che hanno subito le ripercussioni di quella che oltre ad essere una crisi sanitaria \u00e8 diventata anche un\u2019emergenza economica. smeup fa parte delle tante realt\u00e0 che hanno aderito al progetto #iopagoifornitori, campagna lanciata da Associazione Industriale Bresciana. Silvano Lancini, Presidente del gruppo, spiega le motivazioni che ci hanno spinto la nostra azienda ad aderire al progetto.<\/p>\n<p><em>In cosa consiste il progetto #iopagoifornitori?<\/em><br \/>\n#iopagoifornitori \u00e8 un progetto lanciato da Associazione Industriale Bresciana e nato nel contesto dell\u2019emergenza causata dal Covid-19, che oltre ad essere una crisi sanitaria ha avuto ripercussioni anche su tutte le imprese che per garantire la sicurezza ai propri dipendenti e clienti sono state costrette a chiudere o comunque a ridurre la propria attivit\u00e0. Questo ha causato un evidente problema di liquidit\u00e0, che ha prodotto un effetto a catena. Il progetto #iopagoifornitori nasce proprio per contrastare gli effetti di questa crisi sulle aziende.<\/p>\n<p><em>Perch\u00e9 smeup ha scelto di aderire al progetto #iopagoifornitori?<\/em><br \/>\nCome smeup vogliamo dare il nostro contributo unendoci a tutte quelle imprese che in questo periodo di incertezza si sono impegnate per garantire il pagamento dei propri fornitori. Siamo convinti che, in un momento delicato come quello che stiamo vivendo in questi mesi, sia importante la partecipazione di tutti, singoli ed aziende, al fine di affrontare l\u2019emergenza al meglio. \u00c8 un principio naturale e che ci appartiene da sempre. Oggi ribadirlo, nel rispetto di chi ha difficolt\u00e0, significa dire che ci siamo e siamo parte di un sistema che si salver\u00e0 come tale e non nell\u2019isolamento individualistico. Siamo convinti che l\u2019adesione a questo progetto possa contribuire a creare una rete di sostegno reciproco tra le aziende sia del territorio che a livello nazionale.<\/p>\n<p><em>Come \u00e8 stata messa in pratica l\u2019adesione al progetto?<\/em><br \/>\nSemplicemente continuando a fare quello che abbiamo sempre fatto. In aggiunta, abbiamo comunicato l\u2019adesione al progetto internamente a tutti i collaboratori del gruppo ed esternamente sia sul sito che sui nostri canali social, ma anche aggiungendo il logo del progetto al piede delle nostre mail.<\/p>\n<p><em>Che impatto ha avuto sui fornitori di smeup?<\/em><br \/>\n\u00c8 importante dire che abbiamo apprezzato particolarmente l\u2019attenzione con cui i nostri clienti hanno trattato noi come fornitori, segno della sensibilit\u00e0 del mondo imprenditoriale ai temi di cui stiamo parlando. Questo per inciso ci permette di andare incontro a chi ha oggettive difficolt\u00e0, andando ad operare un\u2019azione concreta per arginare l\u2019effetto domino provocato dall\u2019emergenza.<\/p>\n<p><em>Che impatto ha avuto internamente, verso i dipendenti?<\/em><br \/>\nIn questo periodo abbiamo comunicato a pi\u00f9 riprese la situazione ai dipendenti, senza mai negare le difficolt\u00e0 che tutto il sistema certamente ha avuto e avr\u00e0 nei prossimi mesi. I collaboratori del gruppo hanno accolto in modo positivo questa iniziativa, condividendola.<\/p>\n<\/div><\/div><\/div><\/div><\/div>\n","protected":false},"excerpt":{"rendered":"","protected":false},"author":1,"featured_media":53671,"comment_status":"open","ping_status":"open","sticky":false,"template":"","format":"standard","meta":{"_acf_changed":false,"footnotes":""},"categories":[3378,3379],"tags":[],"class_list":["post-53493","post","type-post","status-publish","format-standard","has-post-thumbnail","hentry","category-sociale","category-sostenibilita"],"acf":[],"yoast_head":"<!-- This site is optimized with the Yoast SEO plugin v27.5 - https:\/\/yoast.com\/product\/yoast-seo-wordpress\/ -->\n<title>Progetto #iopagoifornitori: intervista a Silvano Lancini - Sostenibilit\u00e0<\/title>\n<meta name=\"robots\" content=\"index, follow, max-snippet:-1, max-image-preview:large, max-video-preview:-1\" \/>\n<link rel=\"canonical\" href=\"https:\/\/www.smeup.com\/sostenibilita\/blog\/progetto-io-pago-i-fornitori\/\" \/>\n<meta property=\"og:locale\" content=\"it_IT\" \/>\n<meta property=\"og:type\" content=\"article\" \/>\n<meta property=\"og:title\" content=\"Progetto #iopagoifornitori: intervista a Silvano Lancini - Sostenibilit\u00e0\" \/>\n<meta property=\"og:url\" content=\"https:\/\/www.smeup.com\/sostenibilita\/blog\/progetto-io-pago-i-fornitori\/\" \/>\n<meta property=\"og:site_name\" content=\"Sostenibilit\u00e0\" \/>\n<meta property=\"article:published_time\" content=\"2020-07-04T20:03:30+00:00\" \/>\n<meta property=\"article:modified_time\" content=\"2022-01-26T16:47:39+00:00\" \/>\n<meta property=\"og:image\" content=\"https:\/\/www.smeup.com\/sostenibilita\/wp-content\/uploads\/sites\/16\/2020\/07\/io-pago-i-fornitori_sito-02.png\" \/>\n\t<meta property=\"og:image:width\" content=\"1600\" \/>\n\t<meta property=\"og:image:height\" content=\"840\" \/>\n\t<meta property=\"og:image:type\" content=\"image\/png\" \/>\n<meta name=\"author\" content=\"smeup\" \/>\n<meta name=\"twitter:card\" content=\"summary_large_image\" \/>\n<meta name=\"twitter:label1\" content=\"Scritto da\" \/>\n\t<meta name=\"twitter:data1\" content=\"smeup\" \/>\n\t<meta name=\"twitter:label2\" content=\"Tempo di lettura stimato\" \/>\n\t<meta name=\"twitter:data2\" content=\"2 minuti\" \/>\n<script type=\"application\/ld+json\" class=\"yoast-schema-graph\">{\"@context\":\"https:\\\/\\\/schema.org\",\"@graph\":[{\"@type\":\"Article\",\"@id\":\"https:\\\/\\\/www.smeup.com\\\/sostenibilita\\\/blog\\\/progetto-io-pago-i-fornitori\\\/#article\",\"isPartOf\":{\"@id\":\"https:\\\/\\\/www.smeup.com\\\/sostenibilita\\\/blog\\\/progetto-io-pago-i-fornitori\\\/\"},\"author\":{\"name\":\"smeup\",\"@id\":\"https:\\\/\\\/www.smeup.com\\\/sostenibilita\\\/#\\\/schema\\\/person\\\/194a55d96e7e52223a84ff78468bf5c7\"},\"headline\":\"Progetto #iopagoifornitori: intervista a Silvano Lancini\",\"datePublished\":\"2020-07-04T20:03:30+00:00\",\"dateModified\":\"2022-01-26T16:47:39+00:00\",\"mainEntityOfPage\":{\"@id\":\"https:\\\/\\\/www.smeup.com\\\/sostenibilita\\\/blog\\\/progetto-io-pago-i-fornitori\\\/\"},\"wordCount\":706,\"commentCount\":0,\"image\":{\"@id\":\"https:\\\/\\\/www.smeup.com\\\/sostenibilita\\\/blog\\\/progetto-io-pago-i-fornitori\\\/#primaryimage\"},\"thumbnailUrl\":\"https:\\\/\\\/www.smeup.com\\\/sostenibilita\\\/wp-content\\\/uploads\\\/sites\\\/16\\\/2020\\\/07\\\/io-pago-i-fornitori_sito-02.png\",\"articleSection\":[\"Sociale\",\"Sostenibilit\u00e0\"],\"inLanguage\":\"it-IT\",\"potentialAction\":[{\"@type\":\"CommentAction\",\"name\":\"Comment\",\"target\":[\"https:\\\/\\\/www.smeup.com\\\/sostenibilita\\\/blog\\\/progetto-io-pago-i-fornitori\\\/#respond\"]}]},{\"@type\":\"WebPage\",\"@id\":\"https:\\\/\\\/www.smeup.com\\\/sostenibilita\\\/blog\\\/progetto-io-pago-i-fornitori\\\/\",\"url\":\"https:\\\/\\\/www.smeup.com\\\/sostenibilita\\\/blog\\\/progetto-io-pago-i-fornitori\\\/\",\"name\":\"Progetto #iopagoifornitori: intervista a Silvano Lancini - Sostenibilit\u00e0\",\"isPartOf\":{\"@id\":\"https:\\\/\\\/www.smeup.com\\\/sostenibilita\\\/#website\"},\"primaryImageOfPage\":{\"@id\":\"https:\\\/\\\/www.smeup.com\\\/sostenibilita\\\/blog\\\/progetto-io-pago-i-fornitori\\\/#primaryimage\"},\"image\":{\"@id\":\"https:\\\/\\\/www.smeup.com\\\/sostenibilita\\\/blog\\\/progetto-io-pago-i-fornitori\\\/#primaryimage\"},\"thumbnailUrl\":\"https:\\\/\\\/www.smeup.com\\\/sostenibilita\\\/wp-content\\\/uploads\\\/sites\\\/16\\\/2020\\\/07\\\/io-pago-i-fornitori_sito-02.png\",\"datePublished\":\"2020-07-04T20:03:30+00:00\",\"dateModified\":\"2022-01-26T16:47:39+00:00\",\"author\":{\"@id\":\"https:\\\/\\\/www.smeup.com\\\/sostenibilita\\\/#\\\/schema\\\/person\\\/194a55d96e7e52223a84ff78468bf5c7\"},\"inLanguage\":\"it-IT\",\"potentialAction\":[{\"@type\":\"ReadAction\",\"target\":[\"https:\\\/\\\/www.smeup.com\\\/sostenibilita\\\/blog\\\/progetto-io-pago-i-fornitori\\\/\"]}]},{\"@type\":\"ImageObject\",\"inLanguage\":\"it-IT\",\"@id\":\"https:\\\/\\\/www.smeup.com\\\/sostenibilita\\\/blog\\\/progetto-io-pago-i-fornitori\\\/#primaryimage\",\"url\":\"https:\\\/\\\/www.smeup.com\\\/sostenibilita\\\/wp-content\\\/uploads\\\/sites\\\/16\\\/2020\\\/07\\\/io-pago-i-fornitori_sito-02.png\",\"contentUrl\":\"https:\\\/\\\/www.smeup.com\\\/sostenibilita\\\/wp-content\\\/uploads\\\/sites\\\/16\\\/2020\\\/07\\\/io-pago-i-fornitori_sito-02.png\",\"width\":1600,\"height\":840,\"caption\":\"io-pago-i-fornitori_sito\"},{\"@type\":\"WebSite\",\"@id\":\"https:\\\/\\\/www.smeup.com\\\/sostenibilita\\\/#website\",\"url\":\"https:\\\/\\\/www.smeup.com\\\/sostenibilita\\\/\",\"name\":\"Sostenibilit\u00e0\",\"description\":\"smeup\",\"potentialAction\":[{\"@type\":\"SearchAction\",\"target\":{\"@type\":\"EntryPoint\",\"urlTemplate\":\"https:\\\/\\\/www.smeup.com\\\/sostenibilita\\\/?s={search_term_string}\"},\"query-input\":{\"@type\":\"PropertyValueSpecification\",\"valueRequired\":true,\"valueName\":\"search_term_string\"}}],\"inLanguage\":\"it-IT\"},{\"@type\":\"Person\",\"@id\":\"https:\\\/\\\/www.smeup.com\\\/sostenibilita\\\/#\\\/schema\\\/person\\\/194a55d96e7e52223a84ff78468bf5c7\",\"name\":\"smeup\",\"image\":{\"@type\":\"ImageObject\",\"inLanguage\":\"it-IT\",\"@id\":\"https:\\\/\\\/secure.gravatar.com\\\/avatar\\\/a88cc3ad6c0af01768fe2ac47c88a321699d97ced53c173f66ceaa51400f43ca?s=96&d=mm&r=g\",\"url\":\"https:\\\/\\\/secure.gravatar.com\\\/avatar\\\/a88cc3ad6c0af01768fe2ac47c88a321699d97ced53c173f66ceaa51400f43ca?s=96&d=mm&r=g\",\"contentUrl\":\"https:\\\/\\\/secure.gravatar.com\\\/avatar\\\/a88cc3ad6c0af01768fe2ac47c88a321699d97ced53c173f66ceaa51400f43ca?s=96&d=mm&r=g\",\"caption\":\"smeup\"},\"sameAs\":[\"https:\\\/\\\/www.smeup.com\"],\"url\":\"https:\\\/\\\/www.smeup.com\\\/sostenibilita\\\/blog\\\/author\\\/admin\\\/\"}]}<\/script>\n<!-- \/ Yoast SEO plugin. -->","yoast_head_json":{"title":"Progetto #iopagoifornitori: intervista a Silvano Lancini - Sostenibilit\u00e0","robots":{"index":"index","follow":"follow","max-snippet":"max-snippet:-1","max-image-preview":"max-image-preview:large","max-video-preview":"max-video-preview:-1"},"canonical":"https:\/\/www.smeup.com\/sostenibilita\/blog\/progetto-io-pago-i-fornitori\/","og_locale":"it_IT","og_type":"article","og_title":"Progetto #iopagoifornitori: intervista a Silvano Lancini - Sostenibilit\u00e0","og_url":"https:\/\/www.smeup.com\/sostenibilita\/blog\/progetto-io-pago-i-fornitori\/","og_site_name":"Sostenibilit\u00e0","article_published_time":"2020-07-04T20:03:30+00:00","article_modified_time":"2022-01-26T16:47:39+00:00","og_image":[{"width":1600,"height":840,"url":"https:\/\/www.smeup.com\/sostenibilita\/wp-content\/uploads\/sites\/16\/2020\/07\/io-pago-i-fornitori_sito-02.png","type":"image\/png"}],"author":"smeup","twitter_card":"summary_large_image","twitter_misc":{"Scritto da":"smeup","Tempo di lettura stimato":"2 minuti"},"schema":{"@context":"https:\/\/schema.org","@graph":[{"@type":"Article","@id":"https:\/\/www.smeup.com\/sostenibilita\/blog\/progetto-io-pago-i-fornitori\/#article","isPartOf":{"@id":"https:\/\/www.smeup.com\/sostenibilita\/blog\/progetto-io-pago-i-fornitori\/"},"author":{"name":"smeup","@id":"https:\/\/www.smeup.com\/sostenibilita\/#\/schema\/person\/194a55d96e7e52223a84ff78468bf5c7"},"headline":"Progetto #iopagoifornitori: intervista a Silvano Lancini","datePublished":"2020-07-04T20:03:30+00:00","dateModified":"2022-01-26T16:47:39+00:00","mainEntityOfPage":{"@id":"https:\/\/www.smeup.com\/sostenibilita\/blog\/progetto-io-pago-i-fornitori\/"},"wordCount":706,"commentCount":0,"image":{"@id":"https:\/\/www.smeup.com\/sostenibilita\/blog\/progetto-io-pago-i-fornitori\/#primaryimage"},"thumbnailUrl":"https:\/\/www.smeup.com\/sostenibilita\/wp-content\/uploads\/sites\/16\/2020\/07\/io-pago-i-fornitori_sito-02.png","articleSection":["Sociale","Sostenibilit\u00e0"],"inLanguage":"it-IT","potentialAction":[{"@type":"CommentAction","name":"Comment","target":["https:\/\/www.smeup.com\/sostenibilita\/blog\/progetto-io-pago-i-fornitori\/#respond"]}]},{"@type":"WebPage","@id":"https:\/\/www.smeup.com\/sostenibilita\/blog\/progetto-io-pago-i-fornitori\/","url":"https:\/\/www.smeup.com\/sostenibilita\/blog\/progetto-io-pago-i-fornitori\/","name":"Progetto #iopagoifornitori: intervista a Silvano Lancini - Sostenibilit\u00e0","isPartOf":{"@id":"https:\/\/www.smeup.com\/sostenibilita\/#website"},"primaryImageOfPage":{"@id":"https:\/\/www.smeup.com\/sostenibilita\/blog\/progetto-io-pago-i-fornitori\/#primaryimage"},"image":{"@id":"https:\/\/www.smeup.com\/sostenibilita\/blog\/progetto-io-pago-i-fornitori\/#primaryimage"},"thumbnailUrl":"https:\/\/www.smeup.com\/sostenibilita\/wp-content\/uploads\/sites\/16\/2020\/07\/io-pago-i-fornitori_sito-02.png","datePublished":"2020-07-04T20:03:30+00:00","dateModified":"2022-01-26T16:47:39+00:00","author":{"@id":"https:\/\/www.smeup.com\/sostenibilita\/#\/schema\/person\/194a55d96e7e52223a84ff78468bf5c7"},"inLanguage":"it-IT","potentialAction":[{"@type":"ReadAction","target":["https:\/\/www.smeup.com\/sostenibilita\/blog\/progetto-io-pago-i-fornitori\/"]}]},{"@type":"ImageObject","inLanguage":"it-IT","@id":"https:\/\/www.smeup.com\/sostenibilita\/blog\/progetto-io-pago-i-fornitori\/#primaryimage","url":"https:\/\/www.smeup.com\/sostenibilita\/wp-content\/uploads\/sites\/16\/2020\/07\/io-pago-i-fornitori_sito-02.png","contentUrl":"https:\/\/www.smeup.com\/sostenibilita\/wp-content\/uploads\/sites\/16\/2020\/07\/io-pago-i-fornitori_sito-02.png","width":1600,"height":840,"caption":"io-pago-i-fornitori_sito"},{"@type":"WebSite","@id":"https:\/\/www.smeup.com\/sostenibilita\/#website","url":"https:\/\/www.smeup.com\/sostenibilita\/","name":"Sostenibilit\u00e0","description":"smeup","potentialAction":[{"@type":"SearchAction","target":{"@type":"EntryPoint","urlTemplate":"https:\/\/www.smeup.com\/sostenibilita\/?s={search_term_string}"},"query-input":{"@type":"PropertyValueSpecification","valueRequired":true,"valueName":"search_term_string"}}],"inLanguage":"it-IT"},{"@type":"Person","@id":"https:\/\/www.smeup.com\/sostenibilita\/#\/schema\/person\/194a55d96e7e52223a84ff78468bf5c7","name":"smeup","image":{"@type":"ImageObject","inLanguage":"it-IT","@id":"https:\/\/secure.gravatar.com\/avatar\/a88cc3ad6c0af01768fe2ac47c88a321699d97ced53c173f66ceaa51400f43ca?s=96&d=mm&r=g","url":"https:\/\/secure.gravatar.com\/avatar\/a88cc3ad6c0af01768fe2ac47c88a321699d97ced53c173f66ceaa51400f43ca?s=96&d=mm&r=g","contentUrl":"https:\/\/secure.gravatar.com\/avatar\/a88cc3ad6c0af01768fe2ac47c88a321699d97ced53c173f66ceaa51400f43ca?s=96&d=mm&r=g","caption":"smeup"},"sameAs":["https:\/\/www.smeup.com"],"url":"https:\/\/www.smeup.com\/sostenibilita\/blog\/author\/admin\/"}]}},"_links":{"self":[{"href":"https:\/\/www.smeup.com\/sostenibilita\/wp-json\/wp\/v2\/posts\/53493","targetHints":{"allow":["GET"]}}],"collection":[{"href":"https:\/\/www.smeup.com\/sostenibilita\/wp-json\/wp\/v2\/posts"}],"about":[{"href":"https:\/\/www.smeup.com\/sostenibilita\/wp-json\/wp\/v2\/types\/post"}],"author":[{"embeddable":true,"href":"https:\/\/www.smeup.com\/sostenibilita\/wp-json\/wp\/v2\/users\/1"}],"replies":[{"embeddable":true,"href":"https:\/\/www.smeup.com\/sostenibilita\/wp-json\/wp\/v2\/comments?post=53493"}],"version-history":[{"count":5,"href":"https:\/\/www.smeup.com\/sostenibilita\/wp-json\/wp\/v2\/posts\/53493\/revisions"}],"predecessor-version":[{"id":53606,"href":"https:\/\/www.smeup.com\/sostenibilita\/wp-json\/wp\/v2\/posts\/53493\/revisions\/53606"}],"wp:featuredmedia":[{"embeddable":true,"href":"https:\/\/www.smeup.com\/sostenibilita\/wp-json\/wp\/v2\/media\/53671"}],"wp:attachment":[{"href":"https:\/\/www.smeup.com\/sostenibilita\/wp-json\/wp\/v2\/media?parent=53493"}],"wp:term":[{"taxonomy":"category","embeddable":true,"href":"https:\/\/www.smeup.com\/sostenibilita\/wp-json\/wp\/v2\/categories?post=53493"},{"taxonomy":"post_tag","embeddable":true,"href":"https:\/\/www.smeup.com\/sostenibilita\/wp-json\/wp\/v2\/tags?post=53493"}],"curies":[{"name":"wp","href":"https:\/\/api.w.org\/{rel}","templated":true}]}}